{"id":15,"date":"2005-09-30T01:27:21","date_gmt":"2005-09-29T23:27:21","guid":{"rendered":"https:\/\/www.edder.org\/?p=15"},"modified":"2018-07-27T16:38:46","modified_gmt":"2018-07-27T14:38:46","slug":"la-pesadilla-de-darwin","status":"publish","type":"post","link":"https:\/\/www.edder.org\/?p=15","title":{"rendered":"La pesadilla de Darwin"},"content":{"rendered":"<p><img decoding=\"async\" src=\"data:image\/gif;base64,R0lGODlhAQABAAAAACH5BAEKAAEALAAAAAABAAEAAAICTAEAOw==\" data-orig-src=\"https:\/\/www.edder.org\/images\/dn.gif\" alt=\"dn\" class=\"lazyload izquierda\" \/><br \/>\nEn el curso de una suculenta cena habida en los inmensos y casi siempre des\u00e9rticos hangares del Baluarte, ese dinosaurio archihist\u00f3rico que es el presidente de la patronal espa\u00f1ola mostr\u00f3 su alarma ante la perspectiva de que Catalu\u00f1a \u2013el pez chico\u2013 termine devorando a Espa\u00f1a. A la misma hora en que cientos de empresarios recib\u00edan con satisfecha aprobaci\u00f3n el discurso de su archihist\u00f3rico jefe, cientos de subsaharianos planeaban el salto de una valla ceut\u00ed, con el luctuoso resultado que ya se conoce. Los muertos en el salto \u2013\u201cde tercera\u201d, del \u201ctercer mundo\u201d\u2013 albergaban el avieso prop\u00f3sito de terminar un d\u00eda cenando caliente en un cobertizo de L\u00e9rida. Catalu\u00f1a tendr\u00e1 una superficie como la mitad del Lago Victoria \u2013de donde quiz\u00e1, nunca lo sabremos, ven\u00edan los muertos\u2013. El Lago Victoria, pulm\u00f3n de \u00c1frica y cuna del hombre, era hasta hace poco un para\u00edso natural. Pero alguien puso all\u00ed \u201cla perca del Nilo\u201d. La perca, pez enorme, de una voracidad salvaje y de una irrefrenable capacidad reproductora, ha devorado ya a m\u00e1s de doscientas de las trescientas especies aut\u00f3ctonas del lago, convirti\u00e9ndolo en un pozo fecal. La perca es la base de una fren\u00e9tica actividad multinacional que abastece de pescado para la cena a Europa y Jap\u00f3n. Tan prol\u00edfica actividad empresarial ha convertido los alrededores del inmenso Lago Victoria en un sumidero humano con los tintes del Bosco. El hambre es end\u00e9mica en el para\u00edso de la perca. El sida se lleva a veinte de cada cien. En los mismo aviones que salen los filetes de pescado para la cena, entran las armas para las masacres guerreras. Es <em>La pesadilla de Darwin<\/em>. \u00c9se el t\u00edtulo de la sobrecogedora pel\u00edcula austriaca que recorre los c\u00edrculos del infierno circundantes del Lago Victoria. Algunos huyen de all\u00ed, rumbo a Ceuta, con la esperanza de cenar caliente. Huyen del inexorable axioma darwiniano seg\u00fan el que, el pez grande siempre se come al chico. Dudo de que el archihist\u00f3rico dinosaurio que preside la patronal espa\u00f1ola desconozca axioma.<\/p>\n<p>Publicado el viernes 30 de septiembre en <a href=\"http:\/\/www.noticiasdenavarra.com\/ediciones\/2005\/09\/30\/opinion\/contra.php\" target=\"blank\">Diario de Noticias<\/a>.<\/p>\n","protected":false},"excerpt":{"rendered":"<p>En el curso de una suculenta cena habida en los inmensos y casi siempre des\u00e9rticos hangares del Baluarte, ese dinosaurio archihist\u00f3rico que es el presidente de la patronal espa\u00f1ola mostr\u00f3 su alarma ante la perspectiva de que Catalu\u00f1a \u2013el pez chico\u2013 termine devorando a Espa\u00f1a. A la misma hora en que cientos de empresarios recib\u00edan con satisfecha aprobaci\u00f3n el discurso de su archihist\u00f3rico jefe, cientos de subsaharianos planeaban el salto de una valla ceut\u00ed, con el luctuoso resultado que ya se conoce. Los muertos en el salto \u2013\u201cde tercera\u201d, del \u201ctercer mundo\u201d\u2013 albergaban el avieso prop\u00f3sito de terminar un d\u00eda cenando caliente en un cobertizo de L\u00e9rida. Catalu\u00f1a tendr\u00e1 una superficie como la mitad del Lago Victoria \u2013de donde quiz\u00e1, nunca lo sabremos, ven\u00edan los muertos\u2013. El  [&#8230;]<\/p>\n","protected":false},"author":82,"featured_media":0,"comment_status":"open","ping_status":"open","sticky":false,"template":"","format":"standard","meta":{"jetpack_post_was_ever_published":false,"_jetpack_newsletter_access":"","_jetpack_dont_email_post_to_subs":false,"_jetpack_newsletter_tier_id":0,"_jetpack_memberships_contains_paywalled_content":false,"_jetpack_memberships_contains_paid_content":false,"footnotes":"","jetpack_publicize_message":"","jetpack_publicize_feature_enabled":true,"jetpack_social_post_already_shared":false,"jetpack_social_options":{"image_generator_settings":{"template":"highway","default_image_id":0,"font":"","enabled":false},"version":2}},"categories":[3],"tags":[],"class_list":["post-15","post","type-post","status-publish","format-standard","hentry","category-na"],"jetpack_publicize_connections":[],"jetpack_featured_media_url":"","jetpack_shortlink":"https:\/\/wp.me\/p6kHv-f","jetpack_sharing_enabled":true,"jetpack-related-posts":[{"id":12071,"url":"https:\/\/www.edder.org\/?p=12071","url_meta":{"origin":15,"position":0},"title":"El salto al Olimpo: los que pueden prometer y Prometeo","author":"Eder","date":"lunes, 3 Ago, 2015","format":false,"excerpt":"\u00a0 Buscando desesperadamente la inmortalidad\u2026 Tras asaltar los cielos para liberar a los mortales, Prometeo pas\u00f3 en el C\u00e1ucaso treinta, mil o treinta mil a\u00f1os \u2013la cifra var\u00eda seg\u00fan los cronistas\u2013. Pero Zeus, que le estaba secretamente reconocido, accedi\u00f3 a liberarlo, siempre y cuando alguien ocupara su lugar. El centauro\u2026","rel":"","context":"En \u00abArtes\u00bb","block_context":{"text":"Artes","link":"https:\/\/www.edder.org\/?cat=85"},"img":{"alt_text":"","src":"https:\/\/i0.wp.com\/www.edder.org\/upload\/2015\/08\/bono2.jpg?resize=350%2C200&ssl=1","width":350,"height":200},"classes":[]},{"id":43135,"url":"https:\/\/www.edder.org\/?p=43135","url_meta":{"origin":15,"position":1},"title":"Willie Nelson (91), la \u00faltima hoja del oto\u00f1o (todos muertos, sir John)","author":"Eder","date":"lunes, 4 Nov, 2024","format":false,"excerpt":"","rel":"","context":"En \u00abCine\u00bb","block_context":{"text":"Cine","link":"https:\/\/www.edder.org\/?cat=79"},"img":{"alt_text":"","src":"https:\/\/i0.wp.com\/www.edder.org\/upload\/2024\/11\/Screenshot-2024-11-04-at-23.14.15.png?resize=350%2C200&ssl=1","width":350,"height":200,"srcset":"https:\/\/i0.wp.com\/www.edder.org\/upload\/2024\/11\/Screenshot-2024-11-04-at-23.14.15.png?resize=350%2C200&ssl=1 1x, https:\/\/i0.wp.com\/www.edder.org\/upload\/2024\/11\/Screenshot-2024-11-04-at-23.14.15.png?resize=525%2C300&ssl=1 1.5x, https:\/\/i0.wp.com\/www.edder.org\/upload\/2024\/11\/Screenshot-2024-11-04-at-23.14.15.png?resize=700%2C400&ssl=1 2x"},"classes":[]},{"id":114,"url":"https:\/\/www.edder.org\/?p=114","url_meta":{"origin":15,"position":2},"title":"Memoria y olvido","author":"Eder","date":"viernes, 19 Oct, 2007","format":false,"excerpt":"La desalentadoras declaraciones a las agencias de prensa en materia c\u00edvica del nuevo arzobispo de Pamplona y obispo de Tudela, se\u00f1or P\u00e9rez \u2013el se\u00f1or que al hilo de la llamada Ley de Memoria ha hablado de la irreversibilidad de los pantanos franquistas: ese mismo se\u00f1or que nos invita al saludable\u2026","rel":"","context":"En \u00abNA\u00bb","block_context":{"text":"NA","link":"https:\/\/www.edder.org\/?cat=3"},"img":{"alt_text":"","src":"","width":0,"height":0},"classes":[]},{"id":27,"url":"https:\/\/www.edder.org\/?p=27","url_meta":{"origin":15,"position":3},"title":"Cuentas claras, cristianos viejos","author":"Eder","date":"viernes, 18 Nov, 2005","format":false,"excerpt":"O sea que la Iglesia cat\u00f3lica es incapaz de financiarse, un cuarto de siglo despu\u00e9s de comprometerse a ello. Pero eso ser\u00e1 ???pertenencia de la feligres\u00eda a la cofrad\u00eda del pu\u00f1o prieto aparte??? porque de los beneficios obtenidos en operaciones financiero-inmobiliarias de tanta envergadura como la de Agustinos, los pobres\u2026","rel":"","context":"En \u00abNA\u00bb","block_context":{"text":"NA","link":"https:\/\/www.edder.org\/?cat=3"},"img":{"alt_text":"","src":"","width":0,"height":0},"classes":[]},{"id":43052,"url":"https:\/\/www.edder.org\/?p=43052","url_meta":{"origin":15,"position":4},"title":"Monarcas y mon\u00e1rquicas: fans de la reina Victoria, Victoria Beckham, Posh Victoria, la spice girl superpija","author":"Eder","date":"viernes, 6 Sep, 2024","format":false,"excerpt":"","rel":"","context":"En \u00abActualidades\u00bb","block_context":{"text":"Actualidades","link":"https:\/\/www.edder.org\/?cat=802"},"img":{"alt_text":"","src":"https:\/\/i0.wp.com\/www.edder.org\/upload\/2024\/09\/chivite_beckham.jpg?resize=350%2C200&ssl=1","width":350,"height":200,"srcset":"https:\/\/i0.wp.com\/www.edder.org\/upload\/2024\/09\/chivite_beckham.jpg?resize=350%2C200&ssl=1 1x, https:\/\/i0.wp.com\/www.edder.org\/upload\/2024\/09\/chivite_beckham.jpg?resize=525%2C300&ssl=1 1.5x, https:\/\/i0.wp.com\/www.edder.org\/upload\/2024\/09\/chivite_beckham.jpg?resize=700%2C400&ssl=1 2x, https:\/\/i0.wp.com\/www.edder.org\/upload\/2024\/09\/chivite_beckham.jpg?resize=1050%2C600&ssl=1 3x, https:\/\/i0.wp.com\/www.edder.org\/upload\/2024\/09\/chivite_beckham.jpg?resize=1400%2C800&ssl=1 4x"},"classes":[]},{"id":47583,"url":"https:\/\/www.edder.org\/?p=47583","url_meta":{"origin":15,"position":5},"title":"La vieja hospitalidad irlandesa (que nadie puede negar)","author":"Eder","date":"lunes, 19 Ene, 2026","format":false,"excerpt":"","rel":"","context":"En \u00abCine\u00bb","block_context":{"text":"Cine","link":"https:\/\/www.edder.org\/?cat=79"},"img":{"alt_text":"","src":"https:\/\/i0.wp.com\/www.edder.org\/upload\/2026\/01\/joyce-1.png?resize=350%2C200&ssl=1","width":350,"height":200,"srcset":"https:\/\/i0.wp.com\/www.edder.org\/upload\/2026\/01\/joyce-1.png?resize=350%2C200&ssl=1 1x, https:\/\/i0.wp.com\/www.edder.org\/upload\/2026\/01\/joyce-1.png?resize=525%2C300&ssl=1 1.5x, https:\/\/i0.wp.com\/www.edder.org\/upload\/2026\/01\/joyce-1.png?resize=700%2C400&ssl=1 2x, https:\/\/i0.wp.com\/www.edder.org\/upload\/2026\/01\/joyce-1.png?resize=1050%2C600&ssl=1 3x"},"classes":[]}],"jetpack_likes_enabled":true,"_links":{"self":[{"href":"https:\/\/www.edder.org\/index.php?rest_route=\/wp\/v2\/posts\/15","targetHints":{"allow":["GET"]}}],"collection":[{"href":"https:\/\/www.edder.org\/index.php?rest_route=\/wp\/v2\/posts"}],"about":[{"href":"https:\/\/www.edder.org\/index.php?rest_route=\/wp\/v2\/types\/post"}],"author":[{"embeddable":true,"href":"https:\/\/www.edder.org\/index.php?rest_route=\/wp\/v2\/users\/82"}],"replies":[{"embeddable":true,"href":"https:\/\/www.edder.org\/index.php?rest_route=%2Fwp%2Fv2%2Fcomments&post=15"}],"version-history":[{"count":0,"href":"https:\/\/www.edder.org\/index.php?rest_route=\/wp\/v2\/posts\/15\/revisions"}],"wp:attachment":[{"href":"https:\/\/www.edder.org\/index.php?rest_route=%2Fwp%2Fv2%2Fmedia&parent=15"}],"wp:term":[{"taxonomy":"category","embeddable":true,"href":"https:\/\/www.edder.org\/index.php?rest_route=%2Fwp%2Fv2%2Fcategories&post=15"},{"taxonomy":"post_tag","embeddable":true,"href":"https:\/\/www.edder.org\/index.php?rest_route=%2Fwp%2Fv2%2Ftags&post=15"}],"curies":[{"name":"wp","href":"https:\/\/api.w.org\/{rel}","templated":true}]}}