{"id":149,"date":"2008-05-09T09:20:03","date_gmt":"2008-05-09T07:20:03","guid":{"rendered":"https:\/\/www.edder.org\/?p=149"},"modified":"2018-07-27T16:38:22","modified_gmt":"2018-07-27T14:38:22","slug":"momenticos","status":"publish","type":"post","link":"https:\/\/www.edder.org\/?p=149","title":{"rendered":"Momenticos"},"content":{"rendered":"<p>El poeta y cl\u00e9rigo catal\u00e1n Jacint Verdaguer \u2013algo ultramontano, algo integrista\u2013 experimentaba esos inefables arranques de arrobo m\u00edstico a los que por aqu\u00ed damos en llamar \u2018momenticos\u2019 cuando ascend\u00eda a alguna cumbre del Pirineo. \u201cLos catalanes que suben aqu\u00ed \u2013dice el verso de un c\u00e9lebre poema de Verdaguer\u2013 aman todav\u00eda m\u00e1s su tierra\u201d. As\u00ed que para Verdaguer, el monta\u00f1ismo, siempre que se practicase en los Pirineos, era un ejercicio de afirmaci\u00f3n patri\u00f3tica. De haberse ido al Pirineo, el parlamentario Jim\u00e9nez \u2013Txentxo\u2013 pod\u00eda haber vuelto recitando a Verdaguer. Podr\u00eda haber arg\u00fcido a su vuelta que lo suyo no son vacaciones en plena temporada parlamentaria, sino ejercicios espirituales en la cumbre. El parlamentario tendr\u00e1 en el Himalaya otros momenticos, pero no los que, si hay que creer al poeta catal\u00e1n, procuran las ascensiones a las cumbres patrias. Tampoco tendr\u00e1 all\u00ed los momenticos que el castizo vive en los sanfermines. De todos los momenticos sanfermineros, ninguno de tanto arrobo m\u00edstico como \u2018el momentico\u2019. Quiz\u00e1 para que el parlamentario que se nos fue de vacaciones m\u00e1s all\u00e1 de los montes patrios viva m\u00e1s intensamente el momento m\u00edstico por antonomasia, NaBai ha propuesto en el Ayuntamiento pamplon\u00e9s la recuperaci\u00f3n del \u201crecorrido \u00edntegro de la procesi\u00f3n del 7 de julio, garantizando el momentico\u201d. La propuesta le hubiera gustado a Verdaguer, no por monta\u00f1era, sino porque el cl\u00e9rigo catal\u00e1n, como integrista, estaba por la integridad de las procesiones. Por su integridad y por su supremac\u00eda sobre cualquier otra cosa, que en eso consiste el integrismo. Mientras NaBai mira por preservar las esencias espirituales del casticismo pamplon\u00e9s, Sanz a\u00fan disfruta del orgi\u00e1stico momentico de gloria pol\u00edtica \u2013su no a los de los 400 euros\u2013 que le ha dado la integridad foral, que es tambi\u00e9n madre de ese integrismo aut\u00f3ctono por el que aqu\u00ed \u2013hasta que el Parlamento (\u00edntegro) quiera\u2013 no se permite lo que se condena ultramontes, es decir, m\u00e1s all\u00e1 de los montes, en el Vaticano. <\/p>\n<div align=\"right\">Publicado en <a target=\"blank\" href=\"http:\/\/www.noticiasdenavarra.com\/ediciones\/2008\/05\/09\/opinion\/contra.php\">Diario de Noticias<\/a><img class=\"lazyload\" decoding=\"async\" align=\"right\" title=\"dn\" alt=\"dn\" src=\"data:image\/gif;base64,R0lGODlhAQABAAAAACH5BAEKAAEALAAAAAABAAEAAAICTAEAOw==\" data-orig-src=\"https:\/\/www.edder.org\/images\/dn.gif\" \/><\/div>\n<p><img class=\"lazyload\" decoding=\"async\" src=\"data:image\/gif;base64,R0lGODlhAQABAAAAACH5BAEKAAEALAAAAAABAAEAAAICTAEAOw==\" data-orig-src=\"https:\/\/www.edder.org\/images\/barra.gif\" alt=\"marcas\" \/><\/p>\n","protected":false},"excerpt":{"rendered":"<p>El poeta y cl\u00e9rigo catal\u00e1n Jacint Verdaguer \u2013algo ultramontano, algo integrista\u2013 experimentaba esos inefables arranques de arrobo m\u00edstico a los que por aqu\u00ed damos en llamar \u2018momenticos\u2019 cuando ascend\u00eda a alguna cumbre del Pirineo. \u201cLos catalanes que suben aqu\u00ed \u2013dice el verso de un c\u00e9lebre poema de Verdaguer\u2013 aman todav\u00eda m\u00e1s su tierra\u201d. As\u00ed que para Verdaguer, el monta\u00f1ismo, siempre que se practicase en los Pirineos, era un ejercicio de afirmaci\u00f3n patri\u00f3tica. De haberse ido al Pirineo, el parlamentario Jim\u00e9nez \u2013Txentxo\u2013 pod\u00eda haber vuelto recitando a Verdaguer. Podr\u00eda haber arg\u00fcido a su vuelta que lo suyo no son vacaciones en plena temporada parlamentaria, sino ejercicios espirituales en la cumbre. El parlamentario tendr\u00e1 en el Himalaya otros momenticos, pero no los que, si hay que creer al poeta  [&#8230;]<\/p>\n","protected":false},"author":82,"featured_media":0,"comment_status":"open","ping_status":"open","sticky":false,"template":"","format":"standard","meta":{"jetpack_post_was_ever_published":false,"_jetpack_newsletter_access":"","_jetpack_dont_email_post_to_subs":false,"_jetpack_newsletter_tier_id":0,"_jetpack_memberships_contains_paywalled_content":false,"_jetpack_memberships_contains_paid_content":false,"footnotes":"","jetpack_publicize_message":"","jetpack_publicize_feature_enabled":true,"jetpack_social_post_already_shared":false,"jetpack_social_options":{"image_generator_settings":{"template":"highway","default_image_id":0,"font":"","enabled":false},"version":2}},"categories":[3],"tags":[],"class_list":["post-149","post","type-post","status-publish","format-standard","hentry","category-na"],"jetpack_publicize_connections":[],"jetpack_featured_media_url":"","jetpack_shortlink":"https:\/\/wp.me\/p6kHv-2p","jetpack_sharing_enabled":true,"jetpack-related-posts":[{"id":155,"url":"https:\/\/www.edder.org\/?p=155","url_meta":{"origin":149,"position":0},"title":"Divinos","author":"Eder","date":"viernes, 20 Jun, 2008","format":false,"excerpt":"En 1966, de paso por Londres, el poeta Robert Allen Zimmerman, m\u00e1s conocido como Bob Dylan \u2013comparado por algunos con Picasso y llamado, con raz\u00f3n, Dios\u2013, tuvo una mala idea: ir al encuentro del entonces prosista John Winston Lennon. Zimmerman pens\u00f3 \u2013otra mala idea\u2013 que su encuentro en la cumbre\u2026","rel":"","context":"En \u00abNA\u00bb","block_context":{"text":"NA","link":"https:\/\/www.edder.org\/?cat=3"},"img":{"alt_text":"","src":"","width":0,"height":0},"classes":[]},{"id":1250,"url":"https:\/\/www.edder.org\/?p=1250","url_meta":{"origin":149,"position":1},"title":"Con quien tanto quer\u00eda","author":"Eder","date":"viernes, 19 Nov, 2010","format":false,"excerpt":"","rel":"","context":"En \u00abLetras\u00bb","block_context":{"text":"Letras","link":"https:\/\/www.edder.org\/?cat=93"},"img":{"alt_text":"","src":"","width":0,"height":0},"classes":[]},{"id":2416,"url":"https:\/\/www.edder.org\/?p=2416","url_meta":{"origin":149,"position":2},"title":"Jaungoikoa eta lege zaharrak reloaded","author":"Eder","date":"mi\u00e9rcoles, 18 Abr, 2012","format":false,"excerpt":"Bendici\u00f3n anual del Parlamento Navarro, 18 de abril de 2012. \u00a0 Parlamentario socialista en la adoraci\u00f3n a San Miguel Arc\u00e1ngel. Navarra, siglo XXI. \u00a0 M\u00e1s de esto mismo: ver m\u00e1s.","rel":"","context":"En \u00abNA\u00bb","block_context":{"text":"NA","link":"https:\/\/www.edder.org\/?cat=3"},"img":{"alt_text":"","src":"https:\/\/i0.wp.com\/www.edder.org\/upload\/2012\/04\/leiza.jpg?resize=350%2C200&ssl=1","width":350,"height":200},"classes":[]},{"id":1156,"url":"https:\/\/www.edder.org\/?p=1156","url_meta":{"origin":149,"position":3},"title":"Rancios misterios","author":"Eder","date":"viernes, 15 Oct, 2010","format":false,"excerpt":"Lo que da en llamarse la cultura navarra alcanz\u00f3 el pasado mi\u00e9rcoles cotas de miseria dif\u00edciles de superar cuando el consejero del ramo entr\u00f3 con un opositor parlamentario, supuestamente de izquierdas, en la discusi\u00f3n de si el Misterio de Obanos, fundado por un cl\u00e9rigo de armas tomar en los fragantes\u2026","rel":"","context":"En \u00abNA\u00bb","block_context":{"text":"NA","link":"https:\/\/www.edder.org\/?cat=3"},"img":{"alt_text":"","src":"","width":0,"height":0},"classes":[]},{"id":45,"url":"https:\/\/www.edder.org\/?p=45","url_meta":{"origin":149,"position":4},"title":"Mitolog\u00eda: la arp\u00eda","author":"Eder","date":"viernes, 3 Mar, 2006","format":false,"excerpt":"","rel":"","context":"En \u00abNA\u00bb","block_context":{"text":"NA","link":"https:\/\/www.edder.org\/?cat=3"},"img":{"alt_text":"","src":"","width":0,"height":0},"classes":[]},{"id":46,"url":"https:\/\/www.edder.org\/?p=46","url_meta":{"origin":149,"position":5},"title":"En un viejo pa\u00eds ineficiente\u2026","author":"Eder","date":"viernes, 10 Mar, 2006","format":false,"excerpt":"No veo diferencias abismales entre las mentiras hist\u00e9ricas de un Aceves y la demagogia dial\u00e9ctica del senador norteamericano Joseph R. McCarthy, durante la \u00e9poca de la \u00abcaza de brujas\u00bb, acusador, juez y verdugo de todo traidor a la patria que no entendiese el patriotismo a su hist\u00e9rica manera. De modo\u2026","rel":"","context":"En \u00abSin categorizar\u00bb","block_context":{"text":"Sin categorizar","link":"https:\/\/www.edder.org\/?cat=1"},"img":{"alt_text":"","src":"","width":0,"height":0},"classes":[]}],"jetpack_likes_enabled":true,"_links":{"self":[{"href":"https:\/\/www.edder.org\/index.php?rest_route=\/wp\/v2\/posts\/149","targetHints":{"allow":["GET"]}}],"collection":[{"href":"https:\/\/www.edder.org\/index.php?rest_route=\/wp\/v2\/posts"}],"about":[{"href":"https:\/\/www.edder.org\/index.php?rest_route=\/wp\/v2\/types\/post"}],"author":[{"embeddable":true,"href":"https:\/\/www.edder.org\/index.php?rest_route=\/wp\/v2\/users\/82"}],"replies":[{"embeddable":true,"href":"https:\/\/www.edder.org\/index.php?rest_route=%2Fwp%2Fv2%2Fcomments&post=149"}],"version-history":[{"count":0,"href":"https:\/\/www.edder.org\/index.php?rest_route=\/wp\/v2\/posts\/149\/revisions"}],"wp:attachment":[{"href":"https:\/\/www.edder.org\/index.php?rest_route=%2Fwp%2Fv2%2Fmedia&parent=149"}],"wp:term":[{"taxonomy":"category","embeddable":true,"href":"https:\/\/www.edder.org\/index.php?rest_route=%2Fwp%2Fv2%2Fcategories&post=149"},{"taxonomy":"post_tag","embeddable":true,"href":"https:\/\/www.edder.org\/index.php?rest_route=%2Fwp%2Fv2%2Ftags&post=149"}],"curies":[{"name":"wp","href":"https:\/\/api.w.org\/{rel}","templated":true}]}}