{"id":148,"date":"2008-05-02T17:29:33","date_gmt":"2008-05-02T15:29:33","guid":{"rendered":"https:\/\/www.edder.org\/?p=148"},"modified":"2018-07-27T16:38:22","modified_gmt":"2018-07-27T14:38:22","slug":"68","status":"publish","type":"post","link":"https:\/\/www.edder.org\/?p=148","title":{"rendered":"68"},"content":{"rendered":"<p><img class=\"lazyload\" decoding=\"async\" align=\"center\" alt=\"gs\" src=\"data:image\/gif;base64,R0lGODlhAQABAAAAACH5BAEKAAEALAAAAAABAAEAAAICTAEAOw==\" data-orig-src=\"https:\/\/www.edder.org\/images\/grands_soirs.jpg\" title=\"gs\" \/><br \/>\n\tWilliam Klein, <em>Grands soirs &amp; petits matins<\/em>.<br \/>\n\t<img class=\"lazyload\" decoding=\"async\" alt=\"marcas\" src=\"data:image\/gif;base64,R0lGODlhAQABAAAAACH5BAEKAAEALAAAAAABAAEAAAICTAEAOw==\" data-orig-src=\"https:\/\/www.edder.org\/images\/marcas.gif\" \/><\/p>\n<p>De vuelta a algunas pel&iacute;culas de o sobre el 68. El cine ayuda bastante a entender el 68, que empez&oacute; en el 67 y del que el Mayo parisino es un episodio m&aacute;s. Son pel&iacute;culas que no se ver&aacute;n en las salas del <em>Reyno<\/em> &ndash;ese que ahora eleva a Alfredo Landa a sus altares culturales&ndash;, en ninguna de sus universidades, auditorios y <em>arenas<\/em>. Hablo de t&iacute;tulos tan lejanos a los de las pel&iacute;culas protagonizadas por Landa en el 67 o el 68 como estos: <em>El fondo del aire es rojo<\/em>, de Chris Marker; <em>Grandes tardes y peque&ntilde;as ma&ntilde;anas<\/em>, de William Klein; <em>Los amantes regulares<\/em>, de Philippe Garrel; <em>Morir a los 30 a&ntilde;os<\/em>, de Romain Goupil; <em>La sociedad del Espect&aacute;culo<\/em>, de Guy Debord&hellip; Infortunado Debord, cuarenta a&ntilde;os despu&eacute;s del 68 deglutido por las trituradoras acad&eacute;micas y excretado como nota al pie de los ladrillos con los que se asciende en el escalaf&oacute;n universitario y se costruye un chal&eacute; en una de esas urbanizaciones que matar&iacute;an del susto al mismo Debord. Es Hobsbawm, de paso por el Par&iacute;s del 68, quien cuenta c&oacute;mo el estamento acad&eacute;mico ni oli&oacute; Mayo. Los que s&iacute; se olieron algo fueron quienes, como Klein o Marker, se echaron a la calle y dejaron que sus c&aacute;maras participasen del desconcierto. Lo que sus pel&iacute;culas muestran es algo tan simple y tan decisivo como una polifon&iacute;a de voces que dice: &laquo;Tengo algo que decir y nadie va hablar por m&iacute;&raquo;. En esas pel&iacute;culas, c&oacute;mo no, no dejan de o&iacute;rse los discursos que a derecha e izquierda se arrogan la voz de los dem&aacute;s, en nombre de esto o lo otro, de la naci&oacute;n o del pueblo. Discursos id&eacute;nticos a los de quienes hoy consideran aquello como un acn&eacute; juvenil del que fatiga hablar. Nada m&aacute;s pol&iacute;tico que el combate entre la memoria y la desmemoria. Nada m&aacute;s pol&iacute;tico que encumbrar a Landa u olvidar el 68. Entonces, por un instante, la voces se impusieron a los portavoces y todo tembl&oacute;. Luego, de nuevo, el Orden: ese en el que Irak ser&iacute;a todav&iacute;a m&aacute;s posible que Vietnam. Un Orden dentro del que un portavoz tan desmemoriado como Roberto Jim&eacute;nez piensa inventar &laquo;la izquierda creativa&raquo;. No es una ocurrencia bufa del Landa del 68.<\/p>\n<div align=\"right\">Publicado en <a href=\"http:\/\/www.noticiasdenavarra.com\/ediciones\/2008\/05\/02\/opinion\/contra.php\" target=\"blank\">Diario de Noticias<\/a><img class=\"lazyload\" decoding=\"async\" align=\"right\" alt=\"dn\" src=\"data:image\/gif;base64,R0lGODlhAQABAAAAACH5BAEKAAEALAAAAAABAAEAAAICTAEAOw==\" data-orig-src=\"https:\/\/www.edder.org\/images\/dn.gif\" title=\"dn\" \/><\/div>\n<p><img class=\"lazyload\" decoding=\"async\" alt=\"marcas\" src=\"data:image\/gif;base64,R0lGODlhAQABAAAAACH5BAEKAAEALAAAAAABAAEAAAICTAEAOw==\" data-orig-src=\"https:\/\/www.edder.org\/images\/barra.gif\" \/><\/p>\n","protected":false},"excerpt":{"rendered":"<p>William Klein, Grands soirs &amp; petits matins. De vuelta a algunas pel&iacute;culas de o sobre el 68. El cine ayuda bastante a entender el 68, que empez&oacute; en el 67 y del que el Mayo parisino es un episodio m&aacute;s. Son pel&iacute;culas que no se ver&aacute;n en las salas del Reyno &ndash;ese que ahora eleva a Alfredo Landa a sus altares culturales&ndash;, en ninguna de sus universidades, auditorios y arenas. Hablo de t&iacute;tulos tan lejanos a los de las pel&iacute;culas protagonizadas por Landa en el 67 o el 68 como estos: El fondo del aire es rojo, de Chris Marker; Grandes tardes y peque&ntilde;as ma&ntilde;anas, de William Klein; Los amantes regulares, de Philippe Garrel; Morir a los 30 a&ntilde;os, de Romain Goupil; La sociedad del Espect&aacute;culo, de  [&#8230;]<\/p>\n","protected":false},"author":82,"featured_media":0,"comment_status":"open","ping_status":"open","sticky":false,"template":"","format":"standard","meta":{"jetpack_post_was_ever_published":false,"_jetpack_newsletter_access":"","_jetpack_dont_email_post_to_subs":false,"_jetpack_newsletter_tier_id":0,"_jetpack_memberships_contains_paywalled_content":false,"_jetpack_memberships_contains_paid_content":false,"footnotes":"","jetpack_publicize_message":"","jetpack_publicize_feature_enabled":true,"jetpack_social_post_already_shared":false,"jetpack_social_options":{"image_generator_settings":{"template":"highway","default_image_id":0,"font":"","enabled":false},"version":2}},"categories":[3,1],"tags":[16,15,14,13],"class_list":["post-148","post","type-post","status-publish","format-standard","hentry","category-na","category-sin-categorizar","tag-guy-debord","tag-phillipe-garrel","tag-chris-marker","tag-mayo-68"],"jetpack_publicize_connections":[],"jetpack_featured_media_url":"","jetpack_shortlink":"https:\/\/wp.me\/s6kHv-68","jetpack_sharing_enabled":true,"jetpack-related-posts":[{"id":732,"url":"https:\/\/www.edder.org\/?p=732","url_meta":{"origin":148,"position":0},"title":"Parfum Gr\u00e8ve G\u00e9n\u00e9rale","author":"Eder","date":"jueves, 17 Jun, 2010","format":false,"excerpt":"Lo que ya supondr\u00eda aquel gran visionario \u2013y mayor vidente\u2013 que fue Guy Debord cuando profetiz\u00f3 la pr\u00f3xima, inminente venida de Ferr\u00e1n Adri\u00e0 \u2013\u201cun cocinero filosofar\u00e1 sobre los momentos de cocci\u00f3n como jalones de la historia universal\u201d\u2013, es que el pep\u00e9, el fragante partido de Madame de Cospedal \u2013fragante no\u2026","rel":"","context":"En \u00abNA\u00bb","block_context":{"text":"NA","link":"https:\/\/www.edder.org\/?cat=3"},"img":{"alt_text":"","src":"","width":0,"height":0},"classes":[]},{"id":40565,"url":"https:\/\/www.edder.org\/?p=40565","url_meta":{"origin":148,"position":1},"title":"Gabriel Pomerand, 1957. Escrito en lo que envuelve el esqueleto","author":"Eder","date":"lunes, 14 Jun, 2021","format":false,"excerpt":"","rel":"","context":"En \u00abCine\u00bb","block_context":{"text":"Cine","link":"https:\/\/www.edder.org\/?cat=79"},"img":{"alt_text":"","src":"https:\/\/i0.wp.com\/www.edder.org\/upload\/2021\/06\/tresena.jpg?resize=350%2C200&ssl=1","width":350,"height":200,"srcset":"https:\/\/i0.wp.com\/www.edder.org\/upload\/2021\/06\/tresena.jpg?resize=350%2C200&ssl=1 1x, https:\/\/i0.wp.com\/www.edder.org\/upload\/2021\/06\/tresena.jpg?resize=525%2C300&ssl=1 1.5x"},"classes":[]},{"id":4043,"url":"https:\/\/www.edder.org\/?p=4043","url_meta":{"origin":148,"position":2},"title":"Retrato de Jean Seberg hacia 1973","author":"Eder","date":"lunes, 19 Ene, 2015","format":false,"excerpt":"Jean Seberg, 1973: \u00a0","rel":"","context":"En \u00abCine\u00bb","block_context":{"text":"Cine","link":"https:\/\/www.edder.org\/?cat=79"},"img":{"alt_text":"","src":"https:\/\/i0.wp.com\/www.edder.org\/upload\/2015\/01\/Screen-Shot-2015-07-31-at-22.13.34.png?resize=350%2C200&ssl=1","width":350,"height":200},"classes":[]},{"id":14047,"url":"https:\/\/www.edder.org\/?p=14047","url_meta":{"origin":148,"position":3},"title":"Ventana de oportunidad (Window of opportunity)","author":"Eder","date":"domingo, 1 Abr, 2018","format":false,"excerpt":"Recordando o remedando a Jos\u00e9 Blanco White \u2013el de \u00ab\u00a1Ay de la madre cuyo hijo no escriba en Espa\u00f1a!\u00bb\u2013: \u00a1ay de la madre del intelectual, columnista, periodista o simple oportunista espa\u00f1ol que no sazone su discurso con el t\u00f3pico del momento: \u00abventana de oportunidad\u00bb!, que vendr\u00e1 del ingl\u00e9s, window of\u2026","rel":"","context":"En \u00abCine\u00bb","block_context":{"text":"Cine","link":"https:\/\/www.edder.org\/?cat=79"},"img":{"alt_text":"","src":"https:\/\/i0.wp.com\/www.edder.org\/upload\/2018\/04\/non_ma_fille_tu_n_iras_pas_danser-790048723-large.jpg?resize=350%2C200&ssl=1","width":350,"height":200,"srcset":"https:\/\/i0.wp.com\/www.edder.org\/upload\/2018\/04\/non_ma_fille_tu_n_iras_pas_danser-790048723-large.jpg?resize=350%2C200&ssl=1 1x, https:\/\/i0.wp.com\/www.edder.org\/upload\/2018\/04\/non_ma_fille_tu_n_iras_pas_danser-790048723-large.jpg?resize=525%2C300&ssl=1 1.5x"},"classes":[]},{"id":519,"url":"https:\/\/www.edder.org\/?p=519","url_meta":{"origin":148,"position":4},"title":"Yolanda y \u00abyo, Landa\u00bb","author":"Eder","date":"viernes, 20 Nov, 2009","format":false,"excerpt":"Yolanda, todo junto, y \u201cyo, Landa\u201d, por separado, no como Melinda y Melinda. Por un lado, Yolanda: esa se\u00f1ora que conjuga tradici\u00f3n y modernidad al vindicar la reacci\u00f3n integrista de los Rodezno y al ejecutar las m\u00e1s modernas obras de arquitectura, como el inminente Museo de los Sanfermines. Por otro\u2026","rel":"","context":"En \u00abNA\u00bb","block_context":{"text":"NA","link":"https:\/\/www.edder.org\/?cat=3"},"img":{"alt_text":"","src":"","width":0,"height":0},"classes":[]},{"id":797,"url":"https:\/\/www.edder.org\/?p=797","url_meta":{"origin":148,"position":5},"title":"Pedro Costa o la vida interior de una pel\u00edcula (un ensayo robado a Adrian Martin)","author":"Eder","date":"domingo, 4 May, 2014","format":false,"excerpt":"","rel":"","context":"En \u00abCine\u00bb","block_context":{"text":"Cine","link":"https:\/\/www.edder.org\/?cat=79"},"img":{"alt_text":"","src":"","width":0,"height":0},"classes":[]}],"jetpack_likes_enabled":true,"_links":{"self":[{"href":"https:\/\/www.edder.org\/index.php?rest_route=\/wp\/v2\/posts\/148","targetHints":{"allow":["GET"]}}],"collection":[{"href":"https:\/\/www.edder.org\/index.php?rest_route=\/wp\/v2\/posts"}],"about":[{"href":"https:\/\/www.edder.org\/index.php?rest_route=\/wp\/v2\/types\/post"}],"author":[{"embeddable":true,"href":"https:\/\/www.edder.org\/index.php?rest_route=\/wp\/v2\/users\/82"}],"replies":[{"embeddable":true,"href":"https:\/\/www.edder.org\/index.php?rest_route=%2Fwp%2Fv2%2Fcomments&post=148"}],"version-history":[{"count":0,"href":"https:\/\/www.edder.org\/index.php?rest_route=\/wp\/v2\/posts\/148\/revisions"}],"wp:attachment":[{"href":"https:\/\/www.edder.org\/index.php?rest_route=%2Fwp%2Fv2%2Fmedia&parent=148"}],"wp:term":[{"taxonomy":"category","embeddable":true,"href":"https:\/\/www.edder.org\/index.php?rest_route=%2Fwp%2Fv2%2Fcategories&post=148"},{"taxonomy":"post_tag","embeddable":true,"href":"https:\/\/www.edder.org\/index.php?rest_route=%2Fwp%2Fv2%2Ftags&post=148"}],"curies":[{"name":"wp","href":"https:\/\/api.w.org\/{rel}","templated":true}]}}