{"id":146,"date":"2008-04-19T01:14:59","date_gmt":"2008-04-18T23:14:59","guid":{"rendered":"https:\/\/www.edder.org\/?p=146"},"modified":"2018-07-27T16:38:23","modified_gmt":"2018-07-27T14:38:23","slug":"viva-la-gente","status":"publish","type":"post","link":"https:\/\/www.edder.org\/?p=146","title":{"rendered":"\u00a1Viva la gente!"},"content":{"rendered":"<p>Entre mis temores recientes est\u00e1 el que a continuaci\u00f3n confieso: un d\u00eda cualquiera, ese sonriente y numeroso <em>gruppo di famiglia<\/em> cuyos componentes var\u00edan, pero en el que no suelen faltar ni Yolanda Barcina ni Elena Torres \u2013ni el presidente foral ni el consejero de Turismo\u2013; ese grupo musical tan retro, tan de los 60 y tan de actualidad; ese grupo yey\u00e9, digo, empieza a hacer chasquidos con los dedos y al un\u00edsono se arranca a cantar la m\u00edtica canci\u00f3n del Padre Mariano de Blas, <em>\u00a1Viva la gente!<\/em>, internacionalizada por el grupo ac\u00fastico-religioso del mismo nombre. Ya nuestro grupo local tuvo ocasi\u00f3n de arrancarse a cantar tan alegre melod\u00eda con motivo de la cesi\u00f3n de la colecci\u00f3n Huarte a la Obra. La ocasi\u00f3n era pintiparada porque, precisamente, <em>\u00a1Viva la gente!<\/em> nos retrotrae a los tiempos de expansi\u00f3n urban\u00edstica del Opus en nuestra recatada capital de tercer orden, con la inestimable ayuda de los autoridades municipales y regionales. A no dudarlo, aquella expansi\u00f3n reverdece de un tiempo a esta parte sus laureles entre una general y beat\u00edfica alegr\u00eda. Sin duda, la colecci\u00f3n de la se\u00f1ora Huarte, aun no siendo la de Peggy Guggenheim, dar\u00e1 pie \u2013Moneo mediante\u2013 a que la Obra, con el entusiasmo no disimulado de nuestra autoridades, ponga otra pica urban\u00edstica en este Flandes de tercer orden. El mismo consejero de Turismo se mostr\u00f3 sorprendido de que los parlamentarios todos, a la vista de tan divina operaci\u00f3n, no se hayan puesto en pie y se hayan arrancado a corear el <em>hit<\/em> del Padre de Blas. \u00bfQu\u00e9 otra cosa le queda ya por hacer a Barcina sino instituir los sanfermines viva la gente? Por lo dem\u00e1s, al omnipresente grupo musical deben incorporarse cuanto antes los promotores de esa pionera experiencia aut\u00f3ctona llamada banca c\u00edvica, pues no contentos con haber promovido la revoluci\u00f3n desde los bancos, proclaman ahora que la misi\u00f3n de los instituciones de cr\u00e9dito e hipoteca no es otra que derrochar a manos llenas felicidad e ilusi\u00f3n entre la gente. Todos juntos: \u00a1viva la gente!<\/p>\n<div align=\"right\">Publicado en <a target=\"blank\" href=\"http:\/\/www.noticiasdenavarra.com\/ediciones\/2008\/04\/18\/opinion\/contra.php\">Diario de Noticias<\/a><img class=\"lazyload\" decoding=\"async\" align=\"right\" title=\"dn\" alt=\"dn\" src=\"data:image\/gif;base64,R0lGODlhAQABAAAAACH5BAEKAAEALAAAAAABAAEAAAICTAEAOw==\" data-orig-src=\"https:\/\/www.edder.org\/images\/dn.gif\" \/><\/div>\n<p><img class=\"lazyload\" decoding=\"async\" src=\"data:image\/gif;base64,R0lGODlhAQABAAAAACH5BAEKAAEALAAAAAABAAEAAAICTAEAOw==\" data-orig-src=\"https:\/\/www.edder.org\/images\/marcas.gif\" alt=\"marcas\" \/><\/p>\n","protected":false},"excerpt":{"rendered":"<p>Entre mis temores recientes est\u00e1 el que a continuaci\u00f3n confieso: un d\u00eda cualquiera, ese sonriente y numeroso gruppo di famiglia cuyos componentes var\u00edan, pero en el que no suelen faltar ni Yolanda Barcina ni Elena Torres \u2013ni el presidente foral ni el consejero de Turismo\u2013; ese grupo musical tan retro, tan de los 60 y tan de actualidad; ese grupo yey\u00e9, digo, empieza a hacer chasquidos con los dedos y al un\u00edsono se arranca a cantar la m\u00edtica canci\u00f3n del Padre Mariano de Blas, \u00a1Viva la gente!, internacionalizada por el grupo ac\u00fastico-religioso del mismo nombre. Ya nuestro grupo local tuvo ocasi\u00f3n de arrancarse a cantar tan alegre melod\u00eda con motivo de la cesi\u00f3n de la colecci\u00f3n Huarte a la Obra. La ocasi\u00f3n era pintiparada porque, precisamente, \u00a1Viva  [&#8230;]<\/p>\n","protected":false},"author":82,"featured_media":0,"comment_status":"open","ping_status":"open","sticky":false,"template":"","format":"standard","meta":{"jetpack_post_was_ever_published":false,"_jetpack_newsletter_access":"","_jetpack_dont_email_post_to_subs":false,"_jetpack_newsletter_tier_id":0,"_jetpack_memberships_contains_paywalled_content":false,"_jetpack_memberships_contains_paid_content":false,"footnotes":"","jetpack_publicize_message":"","jetpack_publicize_feature_enabled":true,"jetpack_social_post_already_shared":false,"jetpack_social_options":{"image_generator_settings":{"template":"highway","default_image_id":0,"font":"","enabled":false},"version":2}},"categories":[3],"tags":[],"class_list":["post-146","post","type-post","status-publish","format-standard","hentry","category-na"],"jetpack_publicize_connections":[],"jetpack_featured_media_url":"","jetpack_shortlink":"https:\/\/wp.me\/p6kHv-2m","jetpack_sharing_enabled":true,"jetpack-related-posts":[{"id":255,"url":"https:\/\/www.edder.org\/?p=255","url_meta":{"origin":146,"position":0},"title":"N\u00e9potisme \u00e0 la navarroise","author":"Eder","date":"viernes, 13 Feb, 2009","format":false,"excerpt":"Tan joven \u2013el presidente Sanz, digo\u2013 y ya todo un geront\u00f3crata, como Aizp\u00fan en su ancianidad. No soy el \u00fanico navarro que ha tenido ocasi\u00f3n de avergonzarse en lo que va de semana al menos dos veces de nuestro gerontocr\u00e1tico presidente. La primera ocasi\u00f3n de pasar verg\u00fcenza ajena se nos\u2026","rel":"","context":"En \u00abNA\u00bb","block_context":{"text":"NA","link":"https:\/\/www.edder.org\/?cat=3"},"img":{"alt_text":"","src":"","width":0,"height":0},"classes":[]},{"id":104,"url":"https:\/\/www.edder.org\/?p=104","url_meta":{"origin":146,"position":1},"title":"Sartaguda o la puerta al recuerdo","author":"Eder","date":"viernes, 15 Jun, 2007","format":false,"excerpt":"A la asociaci\u00f3n El Pueblo de las Viudas de Sartaguda s\u00f3lo le faltan 85.000 euros para poder terminar el Parque de la Memoria: un sitio donde recordar a quienes en nuestra tierra no tienen d\u00f3nde ser recordados, como tantos del Pueblo de las Viudas, aniquilados con sa\u00f1a sistem\u00e1tica tras la\u2026","rel":"","context":"En \u00abNA\u00bb","block_context":{"text":"NA","link":"https:\/\/www.edder.org\/?cat=3"},"img":{"alt_text":"","src":"","width":0,"height":0},"classes":[]},{"id":1159,"url":"https:\/\/www.edder.org\/?p=1159","url_meta":{"origin":146,"position":2},"title":"El Ofert\u00f3n Pamplon\u00e9s","author":"Eder","date":"viernes, 22 Oct, 2010","format":false,"excerpt":"Para orfe\u00f3n, el Orfe\u00f3n Donostiarra. Y para ofert\u00f3n, el Ofert\u00f3n Pamplon\u00e9s. Que se lo pregunten si no al consejero de Cultura y Turismo, que no ha podido resistir la insuperable oferta del Ofert\u00f3n Pamplon\u00e9s \u2013por lo dem\u00e1s, regularmente subvencionado por ese mismo consejero\u2013 para viajar a Guasint\u00f3n. Y por all\u00ed\u00a0\u2026","rel":"","context":"En \u00abNA\u00bb","block_context":{"text":"NA","link":"https:\/\/www.edder.org\/?cat=3"},"img":{"alt_text":"","src":"https:\/\/i0.wp.com\/edder.org\/images\/barcina_ole.jpg?resize=350%2C200","width":350,"height":200,"srcset":"https:\/\/i0.wp.com\/edder.org\/images\/barcina_ole.jpg?resize=350%2C200 1x, https:\/\/i0.wp.com\/edder.org\/images\/barcina_ole.jpg?resize=525%2C300 1.5x, https:\/\/i0.wp.com\/edder.org\/images\/barcina_ole.jpg?resize=700%2C400 2x"},"classes":[]},{"id":153,"url":"https:\/\/www.edder.org\/?p=153","url_meta":{"origin":146,"position":3},"title":"Mois\u00e9s","author":"Eder","date":"s\u00e1bado, 7 Jun, 2008","format":false,"excerpt":"Dice, \u00bfsab\u00eda que cualificados miembros de la direcci\u00f3n regionalista comentaban el domingo que \u201cDios tiene que ser de UPN\u201d, pues mientras diluviaba en todas partes, en Senda Viva, ese arca de No\u00e9 con dos animales de cada especie donde se celebraba la fiesta del navarrismo, la lluvia ni se insinu\u00f3?\u2026","rel":"","context":"En \u00abNA\u00bb","block_context":{"text":"NA","link":"https:\/\/www.edder.org\/?cat=3"},"img":{"alt_text":"","src":"","width":0,"height":0},"classes":[]},{"id":732,"url":"https:\/\/www.edder.org\/?p=732","url_meta":{"origin":146,"position":4},"title":"Parfum Gr\u00e8ve G\u00e9n\u00e9rale","author":"Eder","date":"jueves, 17 Jun, 2010","format":false,"excerpt":"Lo que ya supondr\u00eda aquel gran visionario \u2013y mayor vidente\u2013 que fue Guy Debord cuando profetiz\u00f3 la pr\u00f3xima, inminente venida de Ferr\u00e1n Adri\u00e0 \u2013\u201cun cocinero filosofar\u00e1 sobre los momentos de cocci\u00f3n como jalones de la historia universal\u201d\u2013, es que el pep\u00e9, el fragante partido de Madame de Cospedal \u2013fragante no\u2026","rel":"","context":"En \u00abNA\u00bb","block_context":{"text":"NA","link":"https:\/\/www.edder.org\/?cat=3"},"img":{"alt_text":"","src":"","width":0,"height":0},"classes":[]},{"id":57,"url":"https:\/\/www.edder.org\/?p=57","url_meta":{"origin":146,"position":5},"title":"Altura dial\u00e9ctica","author":"Eder","date":"viernes, 19 May, 2006","format":false,"excerpt":"Pues Dios ha muerto y tampoco es que nosotros estemos muy cat\u00f3licos. Los grandes discursos murieron y tampoco es que el arte de argumentar viva horas de esplendor. Si la alcaldesa de Pamplona puede argumentar que no condena los asesinatos de seis concejales de Pamplona por haberse producido estos cuando\u2026","rel":"","context":"En \u00abNA\u00bb","block_context":{"text":"NA","link":"https:\/\/www.edder.org\/?cat=3"},"img":{"alt_text":"","src":"","width":0,"height":0},"classes":[]}],"jetpack_likes_enabled":true,"_links":{"self":[{"href":"https:\/\/www.edder.org\/index.php?rest_route=\/wp\/v2\/posts\/146","targetHints":{"allow":["GET"]}}],"collection":[{"href":"https:\/\/www.edder.org\/index.php?rest_route=\/wp\/v2\/posts"}],"about":[{"href":"https:\/\/www.edder.org\/index.php?rest_route=\/wp\/v2\/types\/post"}],"author":[{"embeddable":true,"href":"https:\/\/www.edder.org\/index.php?rest_route=\/wp\/v2\/users\/82"}],"replies":[{"embeddable":true,"href":"https:\/\/www.edder.org\/index.php?rest_route=%2Fwp%2Fv2%2Fcomments&post=146"}],"version-history":[{"count":0,"href":"https:\/\/www.edder.org\/index.php?rest_route=\/wp\/v2\/posts\/146\/revisions"}],"wp:attachment":[{"href":"https:\/\/www.edder.org\/index.php?rest_route=%2Fwp%2Fv2%2Fmedia&parent=146"}],"wp:term":[{"taxonomy":"category","embeddable":true,"href":"https:\/\/www.edder.org\/index.php?rest_route=%2Fwp%2Fv2%2Fcategories&post=146"},{"taxonomy":"post_tag","embeddable":true,"href":"https:\/\/www.edder.org\/index.php?rest_route=%2Fwp%2Fv2%2Ftags&post=146"}],"curies":[{"name":"wp","href":"https:\/\/api.w.org\/{rel}","templated":true}]}}