{"id":144,"date":"2008-04-04T16:35:01","date_gmt":"2008-04-04T14:35:01","guid":{"rendered":"https:\/\/www.edder.org\/?p=144"},"modified":"2018-07-27T16:38:23","modified_gmt":"2018-07-27T14:38:23","slug":"cementerio-serio","status":"publish","type":"post","link":"https:\/\/www.edder.org\/?p=144","title":{"rendered":"Cementerio serio"},"content":{"rendered":"<p>Hace 75 a\u00f1os que el autor de <em>Capital de tercer orden<\/em> lamentaba la inasistencia del consistorio pamplon\u00e9s al ancestral y muy solemne voto de las Cinco Llagas. Nada tendr\u00eda que lamentar hoy el cronista. Como manda la tradici\u00f3n y manda Dios, hace unos d\u00edas, una amplia representaci\u00f3n de los mun\u00edcipes pamploneses votados por unos y por otros acudi\u00f3 a la tradicional cita para renovar sus votos y, de paso, ser sujeto paciente de la tradicional fil\u00edpica que el predicador lanz\u00f3 contra la infidelidad conyugal, calamidad de otros tiempos y de nuestro tiempo. Todo en orden en la capital de tercer orden, ahora postulada como capital europea de la cultura. A no dudarlo, entre los atractivos culturales que la capital de tercer orden puede presentar en su expediente hay varias procesiones de una acrisolada ancestralidad \u2013entre otras ceremonias religiosas de obligado cumplimiento para los poderes civiles, como la llegada del \u00c1ngel del otro d\u00eda\u2013. Menos prol\u00edfico es el panorama capitalino de exposiciones. Las salas de la Ciudadela \u2013tan heladoras y disuasorias\u2013 acogen estos d\u00edas una supuesta exposici\u00f3n de arquitectura hispanoamericana, en realidad unos cuantos paneles baratos, de cart\u00f3n pluma, con fotos mejorables y unos textos plet\u00f3ricos de erratas. \u00c9se es el plato fuerte del men\u00fa municipal. Ya se sabe \u2013\u00bfo no se sabe?\u2013 que lo de las capitalidades culturales no es m\u00e1s que otro pretexto \u2013uno de lo mejores\u2013 para profundizar en los procesos urban\u00edsticos de aniquilaci\u00f3n de las viejas ciudades y su reconversi\u00f3n en grandes centros comerciales al aire libre, anden o no anden. Es indiscutible que en su expediente de m\u00e9ritos para obtener la capitalidad cultural, si no el dinamismo ciudadano nacido a ra\u00edz de una profusa e incesante inversi\u00f3n en dotaciones y actividades culturales, nuestra capital de tercer orden podr\u00e1 esgrimir la acelerada reconversi\u00f3n urbana de los \u00faltimos a\u00f1os. Reconversi\u00f3n que, sin embargo, ha dejado voluntariamente intacta la grisalla ambiental de un tan serio cementerio.<\/p>\n<div align=\"right\">Publicado en <a target=\"blank\" href=\"http:\/\/www.noticiasdenavarra.com\/ediciones\/2008\/04\/04\/opinion\/contra.php\">Diario de Noticias<\/a><img class=\"lazyload\" decoding=\"async\" align=\"right\" title=\"dn\" alt=\"dn\" src=\"data:image\/gif;base64,R0lGODlhAQABAAAAACH5BAEKAAEALAAAAAABAAEAAAICTAEAOw==\" data-orig-src=\"https:\/\/www.edder.org\/images\/dn.gif\" \/><\/div>\n<p><img class=\"lazyload\" decoding=\"async\" src=\"data:image\/gif;base64,R0lGODlhAQABAAAAACH5BAEKAAEALAAAAAABAAEAAAICTAEAOw==\" data-orig-src=\"https:\/\/www.edder.org\/images\/marcas.gif\" alt=\"marcas\" \/><\/p>\n","protected":false},"excerpt":{"rendered":"<p>Hace 75 a\u00f1os que el autor de Capital de tercer orden lamentaba la inasistencia del consistorio pamplon\u00e9s al ancestral y muy solemne voto de las Cinco Llagas. Nada tendr\u00eda que lamentar hoy el cronista. Como manda la tradici\u00f3n y manda Dios, hace unos d\u00edas, una amplia representaci\u00f3n de los mun\u00edcipes pamploneses votados por unos y por otros acudi\u00f3 a la tradicional cita para renovar sus votos y, de paso, ser sujeto paciente de la tradicional fil\u00edpica que el predicador lanz\u00f3 contra la infidelidad conyugal, calamidad de otros tiempos y de nuestro tiempo. Todo en orden en la capital de tercer orden, ahora postulada como capital europea de la cultura. A no dudarlo, entre los atractivos culturales que la capital de tercer orden puede presentar en su expediente  [&#8230;]<\/p>\n","protected":false},"author":82,"featured_media":0,"comment_status":"open","ping_status":"open","sticky":false,"template":"","format":"standard","meta":{"jetpack_post_was_ever_published":false,"_jetpack_newsletter_access":"","_jetpack_dont_email_post_to_subs":false,"_jetpack_newsletter_tier_id":0,"_jetpack_memberships_contains_paywalled_content":false,"_jetpack_memberships_contains_paid_content":false,"footnotes":"","jetpack_publicize_message":"","jetpack_publicize_feature_enabled":true,"jetpack_social_post_already_shared":false,"jetpack_social_options":{"image_generator_settings":{"template":"highway","default_image_id":0,"font":"","enabled":false},"version":2}},"categories":[3],"tags":[],"class_list":["post-144","post","type-post","status-publish","format-standard","hentry","category-na"],"jetpack_publicize_connections":[],"jetpack_featured_media_url":"","jetpack_shortlink":"https:\/\/wp.me\/p6kHv-2k","jetpack_sharing_enabled":true,"jetpack-related-posts":[{"id":146,"url":"https:\/\/www.edder.org\/?p=146","url_meta":{"origin":144,"position":0},"title":"\u00a1Viva la gente!","author":"Eder","date":"s\u00e1bado, 19 Abr, 2008","format":false,"excerpt":"Entre mis temores recientes est\u00e1 el que a continuaci\u00f3n confieso: un d\u00eda cualquiera, ese sonriente y numeroso gruppo di famiglia cuyos componentes var\u00edan, pero en el que no suelen faltar ni Yolanda Barcina ni Elena Torres \u2013ni el presidente foral ni el consejero de Turismo\u2013; ese grupo musical tan retro,\u2026","rel":"","context":"En \u00abNA\u00bb","block_context":{"text":"NA","link":"https:\/\/www.edder.org\/?cat=3"},"img":{"alt_text":"","src":"","width":0,"height":0},"classes":[]},{"id":12635,"url":"https:\/\/www.edder.org\/?p=12635","url_meta":{"origin":144,"position":1},"title":"La invenci\u00f3n de la tradici\u00f3n","author":"Eder","date":"domingo, 6 Dic, 2015","format":false,"excerpt":"No s\u00e9 desde qu\u00e9 lejano siglo \u00abes tradici\u00f3n\u00bb exponer belenes en el Palacio de Congresos y Auditorio de Navarra Baluarte; lo que s\u00ed s\u00e9 es que el edificio se medio termin\u00f3 \u2013con unos sobrecostos antol\u00f3gicos, entre otros motivos porque el arquitecto no hab\u00eda previsto lo evidente: que los restos de\u2026","rel":"","context":"En \u00abNA\u00bb","block_context":{"text":"NA","link":"https:\/\/www.edder.org\/?cat=3"},"img":{"alt_text":"","src":"https:\/\/i0.wp.com\/www.edder.org\/upload\/2015\/12\/123-copy.jpg?resize=350%2C200&ssl=1","width":350,"height":200},"classes":[]},{"id":49,"url":"https:\/\/www.edder.org\/?p=49","url_meta":{"origin":144,"position":2},"title":"Nada que declarar","author":"Eder","date":"viernes, 24 Mar, 2006","format":false,"excerpt":"Nada que declarar sobre el botell\u00f3n, el pen\u00faltimo chaparr\u00f3n medi\u00e1tico de este invierno prolongado que no encuentra su camino a la primavera. Podr\u00eda decir que los abstemios de cualquier edad no disfrutamos de grandes incentivos ni del menor prestigio en el pa\u00eds que sigue teniendo veintitr\u00e9s veces m\u00e1s bares que\u2026","rel":"","context":"En \u00abSin categorizar\u00bb","block_context":{"text":"Sin categorizar","link":"https:\/\/www.edder.org\/?cat=1"},"img":{"alt_text":"","src":"","width":0,"height":0},"classes":[]},{"id":263,"url":"https:\/\/www.edder.org\/?p=263","url_meta":{"origin":144,"position":3},"title":"La soledad","author":"Eder","date":"viernes, 20 Feb, 2009","format":false,"excerpt":"En medio de ninguna parte, en la calle F, o en la calle G, o qu\u00e9 m\u00e1s en qu\u00e9 calle del pol\u00edgono de los Agustinos, cada ma\u00f1ana se junta el peque\u00f1o grupo de personas \u2013una o dos docenas\u2013 que, ordenada, pac\u00edfica, silenciosamente piden con una pancarta lo que no parece\u2026","rel":"","context":"En \u00abNA\u00bb","block_context":{"text":"NA","link":"https:\/\/www.edder.org\/?cat=3"},"img":{"alt_text":"","src":"","width":0,"height":0},"classes":[]},{"id":104,"url":"https:\/\/www.edder.org\/?p=104","url_meta":{"origin":144,"position":4},"title":"Sartaguda o la puerta al recuerdo","author":"Eder","date":"viernes, 15 Jun, 2007","format":false,"excerpt":"A la asociaci\u00f3n El Pueblo de las Viudas de Sartaguda s\u00f3lo le faltan 85.000 euros para poder terminar el Parque de la Memoria: un sitio donde recordar a quienes en nuestra tierra no tienen d\u00f3nde ser recordados, como tantos del Pueblo de las Viudas, aniquilados con sa\u00f1a sistem\u00e1tica tras la\u2026","rel":"","context":"En \u00abNA\u00bb","block_context":{"text":"NA","link":"https:\/\/www.edder.org\/?cat=3"},"img":{"alt_text":"","src":"","width":0,"height":0},"classes":[]},{"id":187,"url":"https:\/\/www.edder.org\/?p=187","url_meta":{"origin":144,"position":5},"title":"AC\/DC","author":"Eder","date":"viernes, 10 Oct, 2008","format":false,"excerpt":"Que AC no viene de Antonio Catal\u00e1n \u2013el empresario ribero, amigo de Zapatero y amigu\u00edsimo de Miguel Sanz, o viceversa\u2013 es tan claro como que DC no se deriva de Dem\u00f3stenes corellano, pero interpretaciones m\u00e1s raras se han visto. Cuando AC\/DC sac\u00f3 su disco Autopista al infierno, no falt\u00f3 quien\u2026","rel":"","context":"En \u00abNA\u00bb","block_context":{"text":"NA","link":"https:\/\/www.edder.org\/?cat=3"},"img":{"alt_text":"","src":"","width":0,"height":0},"classes":[]}],"jetpack_likes_enabled":true,"_links":{"self":[{"href":"https:\/\/www.edder.org\/index.php?rest_route=\/wp\/v2\/posts\/144","targetHints":{"allow":["GET"]}}],"collection":[{"href":"https:\/\/www.edder.org\/index.php?rest_route=\/wp\/v2\/posts"}],"about":[{"href":"https:\/\/www.edder.org\/index.php?rest_route=\/wp\/v2\/types\/post"}],"author":[{"embeddable":true,"href":"https:\/\/www.edder.org\/index.php?rest_route=\/wp\/v2\/users\/82"}],"replies":[{"embeddable":true,"href":"https:\/\/www.edder.org\/index.php?rest_route=%2Fwp%2Fv2%2Fcomments&post=144"}],"version-history":[{"count":0,"href":"https:\/\/www.edder.org\/index.php?rest_route=\/wp\/v2\/posts\/144\/revisions"}],"wp:attachment":[{"href":"https:\/\/www.edder.org\/index.php?rest_route=%2Fwp%2Fv2%2Fmedia&parent=144"}],"wp:term":[{"taxonomy":"category","embeddable":true,"href":"https:\/\/www.edder.org\/index.php?rest_route=%2Fwp%2Fv2%2Fcategories&post=144"},{"taxonomy":"post_tag","embeddable":true,"href":"https:\/\/www.edder.org\/index.php?rest_route=%2Fwp%2Fv2%2Ftags&post=144"}],"curies":[{"name":"wp","href":"https:\/\/api.w.org\/{rel}","templated":true}]}}