{"id":143,"date":"2008-03-29T13:58:37","date_gmt":"2008-03-29T11:58:37","guid":{"rendered":"https:\/\/www.edder.org\/?p=143"},"modified":"2018-07-27T16:38:23","modified_gmt":"2018-07-27T14:38:23","slug":"de-atapuerca-a-la-posmodernidad","status":"publish","type":"post","link":"https:\/\/www.edder.org\/?p=143","title":{"rendered":"De Atapuerca a la posmodernidad"},"content":{"rendered":"<p>Mientras el hombre m\u00e1s viejo de Atapuerca mostraba involuntariamente sus caries en toda la prensa de ayer, un patrono de la Fundaci\u00f3n Arte Viva Navarra nos ense\u00f1aba voluntariamente en este peri\u00f3dico qu\u00e9 es la posmodernidad. Empezaba el patrono y catedr\u00e1tico de la Universidad P\u00fablica de Navarra por se\u00f1alar que los materiales de la exposici\u00f3n <em>Navarra, un futuro entre todos<\/em> aspiraban a constituir un corpus inmaterial que rebasase el concepto mismo de exposici\u00f3n y nos encaminase \u2013todos juntos en uni\u00f3n\u2013 a la conquista del futuro. Vamos, como la Exposici\u00f3n de los Inmateriales de 1985 en el Beaubourg, hito m\u00e1ximo de la posmodernidad. De aquella exposici\u00f3n que al final no fue nada, Az\u00faa escribi\u00f3: \u201cTodo est\u00e1 perdido de v\u00eddeos, transparencias, hologramas, proyecciones, l\u00e1ser, juegos electr\u00f3nicos y fuegos artificiales inmateriales, es decir, <em>fatuos<\/em>\u201d. Y ven\u00eda a a\u00f1adir el cronista que, fastuosidades y fatuidades aparte, todo estaba perdido de discurso del poder en celebraci\u00f3n de s\u00ed mismo y de lo que hay. \u00bfQu\u00e9 es lo que hay? Hay lo que Adorno vio a la salida de la modernidad: una \u00e9poca en la que aqu\u00e9l que se\u00f1ale la oscuridad ser\u00e1 calificado de oscurantista. El patrono iba ayer m\u00e1s lejos y calificaba a quienes se hacen eco de las oscuridades de la exposici\u00f3n de vengativos, revanchistas, am\u00e9n de asesinos de las ideas y moralmente de las personas. He ah\u00ed <em>il pensiero debole<\/em> en acci\u00f3n, o mejor dicho, la posmoderna ausencia de pensamiento con las caries a la vista. Atr\u00e1s queda no ya Atapuerca sino Roma, donde seg\u00fan Gibbon al menos se pod\u00eda criticar \u2013siquiera retrospectivamente\u2013 a aquel emperador que resolv\u00eda los asuntos molestos matando a los portadores de malas noticias. Atr\u00e1s queda el emperador C\u00f3modo. No tan atr\u00e1s el m\u00e1s posmoderno Vespasiano, al que ya se sabe que el dinero no le ol\u00eda ni bien ni mal. Lo mismo que a nuestro posmoderno patrono no le huele ni bien ni mal lo que Comptos diga sobre el gasto de caudales p\u00fablicos por procedimientos poco regulares y menos trasparentes. La posmodernidad fue \u2013se ve que todav\u00eda es\u2013 inmaterial, oscura y sobre todo inodora.<\/p>\n<div align=\"right\">Publicado en <a target=\"blank\" href=\"http:\/\/www.noticiasdenavarra.com\/ediciones\/2008\/03\/28\/opinion\/contra.php\">Diario de Noticias<\/a><img class=\"lazyload\" decoding=\"async\" align=\"right\" title=\"dn\" alt=\"dn\" src=\"data:image\/gif;base64,R0lGODlhAQABAAAAACH5BAEKAAEALAAAAAABAAEAAAICTAEAOw==\" data-orig-src=\"https:\/\/www.edder.org\/images\/dn.gif\" \/><\/div>\n<p><img class=\"lazyload\" decoding=\"async\" src=\"data:image\/gif;base64,R0lGODlhAQABAAAAACH5BAEKAAEALAAAAAABAAEAAAICTAEAOw==\" data-orig-src=\"https:\/\/www.edder.org\/images\/marcas.gif\" alt=\"marcas\" \/><\/p>\n","protected":false},"excerpt":{"rendered":"<p>Mientras el hombre m\u00e1s viejo de Atapuerca mostraba involuntariamente sus caries en toda la prensa de ayer, un patrono de la Fundaci\u00f3n Arte Viva Navarra nos ense\u00f1aba voluntariamente en este peri\u00f3dico qu\u00e9 es la posmodernidad. Empezaba el patrono y catedr\u00e1tico de la Universidad P\u00fablica de Navarra por se\u00f1alar que los materiales de la exposici\u00f3n Navarra, un futuro entre todos aspiraban a constituir un corpus inmaterial que rebasase el concepto mismo de exposici\u00f3n y nos encaminase \u2013todos juntos en uni\u00f3n\u2013 a la conquista del futuro. Vamos, como la Exposici\u00f3n de los Inmateriales de 1985 en el Beaubourg, hito m\u00e1ximo de la posmodernidad. De aquella exposici\u00f3n que al final no fue nada, Az\u00faa escribi\u00f3: \u201cTodo est\u00e1 perdido de v\u00eddeos, transparencias, hologramas, proyecciones, l\u00e1ser, juegos electr\u00f3nicos y fuegos artificiales inmateriales,  [&#8230;]<\/p>\n","protected":false},"author":82,"featured_media":0,"comment_status":"open","ping_status":"open","sticky":false,"template":"","format":"standard","meta":{"jetpack_post_was_ever_published":false,"_jetpack_newsletter_access":"","_jetpack_dont_email_post_to_subs":false,"_jetpack_newsletter_tier_id":0,"_jetpack_memberships_contains_paywalled_content":false,"_jetpack_memberships_contains_paid_content":false,"footnotes":"","jetpack_publicize_message":"","jetpack_publicize_feature_enabled":true,"jetpack_social_post_already_shared":false,"jetpack_social_options":{"image_generator_settings":{"template":"highway","default_image_id":0,"font":"","enabled":false},"version":2}},"categories":[3],"tags":[],"class_list":["post-143","post","type-post","status-publish","format-standard","hentry","category-na"],"jetpack_publicize_connections":[],"jetpack_featured_media_url":"","jetpack_shortlink":"https:\/\/wp.me\/p6kHv-2j","jetpack_sharing_enabled":true,"jetpack-related-posts":[{"id":136,"url":"https:\/\/www.edder.org\/?p=136","url_meta":{"origin":143,"position":0},"title":"Cosa navarrorum","author":"Eder","date":"viernes, 15 Feb, 2008","format":false,"excerpt":"Habr\u00e1 cosas que la C\u00e1mara de Comptos no nos puede decir. Tampoco el Parlamento. Ejemplo: \u00bfexist\u00eda alguna relaci\u00f3n de parentesco entre el comisario de la exposici\u00f3n Navarra, un futuro entre todos y la que fuera directora de la oficina del comisario? Que existiera o no tal relaci\u00f3n tiene un inter\u00e9s\u2026","rel":"","context":"En \u00abNA\u00bb","block_context":{"text":"NA","link":"https:\/\/www.edder.org\/?cat=3"},"img":{"alt_text":"","src":"","width":0,"height":0},"classes":[]},{"id":21,"url":"https:\/\/www.edder.org\/?p=21","url_meta":{"origin":143,"position":1},"title":"Baluarte: una verg\u00fcenza","author":"Eder","date":"viernes, 28 Oct, 2005","format":false,"excerpt":"Si la autoridad no lo impide \u2013que no lo impedir\u00e1\u2013, hasta el 20 de noviembre podr\u00e1 verse en el Baluarte la exposici\u00f3n Pamplona metr\u00f3poli. 1930\ufffd?\ufffd modernidad & futuro. Es una sucesi\u00f3n de paneles donde se despliega una cronolog\u00eda de los \u00faltimos 75 a\u00f1os. Al entrar, en los hitos del 36,\u2026","rel":"","context":"En \u00abNA\u00bb","block_context":{"text":"NA","link":"https:\/\/www.edder.org\/?cat=3"},"img":{"alt_text":"","src":"","width":0,"height":0},"classes":[]},{"id":83,"url":"https:\/\/www.edder.org\/?p=83","url_meta":{"origin":143,"position":2},"title":"Lo que pierden los poetas","author":"Eder","date":"viernes, 9 Feb, 2007","format":false,"excerpt":"Se fue la magna exposici\u00f3n del comisario Arbeloa \u2013la de los quinientos millones de pesetas\u2013 y no han llegado las charlas del magno congreso barojiano que dirigir\u00e1 Ram\u00f3n Tamames, otro desertor de la izquierda que hoy da curso a sus furias en los medios de la derecha asilvestrada \u2013la de\u2026","rel":"","context":"En \u00abNA\u00bb","block_context":{"text":"NA","link":"https:\/\/www.edder.org\/?cat=3"},"img":{"alt_text":"","src":"","width":0,"height":0},"classes":[]},{"id":65,"url":"https:\/\/www.edder.org\/?p=65","url_meta":{"origin":143,"position":3},"title":"La propaganda del Reich (del Reich-no de Navarra)","author":"Eder","date":"viernes, 6 Oct, 2006","format":false,"excerpt":"","rel":"","context":"En \u00abNA\u00bb","block_context":{"text":"NA","link":"https:\/\/www.edder.org\/?cat=3"},"img":{"alt_text":"","src":"","width":0,"height":0},"classes":[]},{"id":1175,"url":"https:\/\/www.edder.org\/?p=1175","url_meta":{"origin":143,"position":4},"title":"Entre la muerte y el entierro, por J. Oteiza","author":"Eder","date":"s\u00e1bado, 30 Oct, 2010","format":false,"excerpt":"","rel":"","context":"En \u00abArtes\u00bb","block_context":{"text":"Artes","link":"https:\/\/www.edder.org\/?cat=85"},"img":{"alt_text":"","src":"","width":0,"height":0},"classes":[]},{"id":206,"url":"https:\/\/www.edder.org\/?p=206","url_meta":{"origin":143,"position":5},"title":"Arqueolog\u00eda","author":"Eder","date":"viernes, 28 Nov, 2008","format":false,"excerpt":"Cuando quiera es tarde para hacer una magna exposici\u00f3n arqueol\u00f3gica sobre la antiqu\u00edsima se\u00f1ora llamada a conducir los destinos de las derechas navarras, si nadie lo remedia. \u00bfQue qui\u00e9n podr\u00eda remediarlo? Seguramente nadie. Quiz\u00e1 Sanz pueda hacer un intento de poner coto a la desbordada vocaci\u00f3n de esa arqueol\u00f3gica se\u00f1ora\u2026","rel":"","context":"En \u00abNA\u00bb","block_context":{"text":"NA","link":"https:\/\/www.edder.org\/?cat=3"},"img":{"alt_text":"","src":"","width":0,"height":0},"classes":[]}],"jetpack_likes_enabled":true,"_links":{"self":[{"href":"https:\/\/www.edder.org\/index.php?rest_route=\/wp\/v2\/posts\/143","targetHints":{"allow":["GET"]}}],"collection":[{"href":"https:\/\/www.edder.org\/index.php?rest_route=\/wp\/v2\/posts"}],"about":[{"href":"https:\/\/www.edder.org\/index.php?rest_route=\/wp\/v2\/types\/post"}],"author":[{"embeddable":true,"href":"https:\/\/www.edder.org\/index.php?rest_route=\/wp\/v2\/users\/82"}],"replies":[{"embeddable":true,"href":"https:\/\/www.edder.org\/index.php?rest_route=%2Fwp%2Fv2%2Fcomments&post=143"}],"version-history":[{"count":0,"href":"https:\/\/www.edder.org\/index.php?rest_route=\/wp\/v2\/posts\/143\/revisions"}],"wp:attachment":[{"href":"https:\/\/www.edder.org\/index.php?rest_route=%2Fwp%2Fv2%2Fmedia&parent=143"}],"wp:term":[{"taxonomy":"category","embeddable":true,"href":"https:\/\/www.edder.org\/index.php?rest_route=%2Fwp%2Fv2%2Fcategories&post=143"},{"taxonomy":"post_tag","embeddable":true,"href":"https:\/\/www.edder.org\/index.php?rest_route=%2Fwp%2Fv2%2Ftags&post=143"}],"curies":[{"name":"wp","href":"https:\/\/api.w.org\/{rel}","templated":true}]}}