{"id":142,"date":"2008-03-21T12:47:02","date_gmt":"2008-03-21T10:47:02","guid":{"rendered":"https:\/\/www.edder.org\/?p=142"},"modified":"2018-07-27T16:38:23","modified_gmt":"2018-07-27T14:38:23","slug":"poderes","status":"publish","type":"post","link":"https:\/\/www.edder.org\/?p=142","title":{"rendered":"Poderes"},"content":{"rendered":"<p>Tengo poderes, o eso creo. Poderes de adivinaci\u00f3n. Los descubr\u00ed el mi\u00e9rcoles. Le\u00eda que la plantilla de la Corpas Corparation va a ensancharse con el fichaje de un asesor barciniano \u2013hijo de un hist\u00f3rico miembro del Consejo de Cultura corpasiano que a su vez es patrono, junto a <em>Pucho<\/em> Vallejo, de la Fundaci\u00f3n Arte Viva Navarra (no confundirla con Arte Viva Europa, de cuyo patronato es Antonio Catal\u00e1n, del clan de los corellanos)\u2013\u2026 Lo s\u00e9: esto es un enredo endog\u00e1mico de proporciones mitol\u00f3gicas. Pues le\u00eda, digo, que el primer trabajo del joven H\u00e9rcules barciniano que se pasa a los corpasianos ser\u00e1 buscar un director para el Museo Oteiza, cuando not\u00e9 que Apolo merodeaba a mi alrededor. Total, que trabamos conversaci\u00f3n. A ver \u2013me dijo el ol\u00edmpico\u2013. A ver si sumas dos y dos. La adivinaci\u00f3n no es m\u00e1s que eso. Veamos. Un barciniano se hace corpasiano. \u00bfPor qu\u00e9? \u00bfPorque la directora de Cultura dej\u00f3 el puesto de la noche a la ma\u00f1ana? \u00bfPor qu\u00e9 la n\u00famero uno de la guardia de corps de Corpas habr\u00eda de dejar la direcci\u00f3n de Cultura de buenas a primeras? \u00bfPor qu\u00e9 precipitar una vacante en el organigrama corpasiano en el preciso instante en que era urgente cubrir otra? \u00bfQuiz\u00e1 para cubrir la vacante muse\u00edstica con la n\u00famero uno de la guardia de corps? T\u00fa, Apolo \u2013interrump\u00ed al inmortal\u2013, ves m\u00e1s que los simples mortales. \u00bfO quiz\u00e1 \u2013prosigui\u00f3 impert\u00e9rrito\u2013, porque alguien pr\u00f3ximo a la directora cesante, vista la endogamia del clan, est\u00e1 destinado a cubrir la vacante muse\u00edstica? <em>Il suo marito?<\/em> \u2013pregunt\u00e9 expectante\u2013. \u00bfPor qu\u00e9 me hablas en italiano? \u2013me recrimin\u00f3\u2013. Porque la cabeza se me ha ido a Sicilia \u2013me excus\u00e9\u2013. No te digo \u2013prosigui\u00f3 el dios del raciocinio\u2013 que t\u00fa no tengas poderes de adivinaci\u00f3n. Pero entonces \u2013inquir\u00ed de nuevo\u2013, \u00bfel H\u00e9rcules barciniano viene con el trabajo ya hecho? T\u00fa lo has dicho, no yo \u2013apostill\u00f3 el inmortal\u2013. Es tu profec\u00eda. Si aciertas, que tus lectores te lo premien; si fallas, que te lo demanden \u2013y Apolo se convirti\u00f3 en una densa nube que hizo \u00a1puf! y desapareci\u00f3\u2013.<\/p>\n<div align=\"right\">Publicado en <a target=\"blank\" href=\"http:\/\/www.noticiasdenavarra.com\/ediciones\/2008\/03\/21\/opinion\/contra.php\">Diario de Noticias<\/a><img class=\"lazyload\" decoding=\"async\" align=\"right\" title=\"dn\" alt=\"dn\" src=\"data:image\/gif;base64,R0lGODlhAQABAAAAACH5BAEKAAEALAAAAAABAAEAAAICTAEAOw==\" data-orig-src=\"https:\/\/www.edder.org\/images\/dn.gif\" \/><\/div>\n<p><img class=\"lazyload\" decoding=\"async\" src=\"data:image\/gif;base64,R0lGODlhAQABAAAAACH5BAEKAAEALAAAAAABAAEAAAICTAEAOw==\" data-orig-src=\"https:\/\/www.edder.org\/images\/marcas.gif\" alt=\"marcas\" \/><\/p>\n","protected":false},"excerpt":{"rendered":"<p>Tengo poderes, o eso creo. Poderes de adivinaci\u00f3n. Los descubr\u00ed el mi\u00e9rcoles. Le\u00eda que la plantilla de la Corpas Corparation va a ensancharse con el fichaje de un asesor barciniano \u2013hijo de un hist\u00f3rico miembro del Consejo de Cultura corpasiano que a su vez es patrono, junto a Pucho Vallejo, de la Fundaci\u00f3n Arte Viva Navarra (no confundirla con Arte Viva Europa, de cuyo patronato es Antonio Catal\u00e1n, del clan de los corellanos)\u2013\u2026 Lo s\u00e9: esto es un enredo endog\u00e1mico de proporciones mitol\u00f3gicas. Pues le\u00eda, digo, que el primer trabajo del joven H\u00e9rcules barciniano que se pasa a los corpasianos ser\u00e1 buscar un director para el Museo Oteiza, cuando not\u00e9 que Apolo merodeaba a mi alrededor. Total, que trabamos conversaci\u00f3n. A ver \u2013me dijo el ol\u00edmpico\u2013. A  [&#8230;]<\/p>\n","protected":false},"author":82,"featured_media":0,"comment_status":"open","ping_status":"open","sticky":false,"template":"","format":"standard","meta":{"jetpack_post_was_ever_published":false,"_jetpack_newsletter_access":"","_jetpack_dont_email_post_to_subs":false,"_jetpack_newsletter_tier_id":0,"_jetpack_memberships_contains_paywalled_content":false,"_jetpack_memberships_contains_paid_content":false,"footnotes":"","jetpack_publicize_message":"","jetpack_publicize_feature_enabled":true,"jetpack_social_post_already_shared":false,"jetpack_social_options":{"image_generator_settings":{"template":"highway","default_image_id":0,"font":"","enabled":false},"version":2}},"categories":[3],"tags":[],"class_list":["post-142","post","type-post","status-publish","format-standard","hentry","category-na"],"jetpack_publicize_connections":[],"jetpack_featured_media_url":"","jetpack_shortlink":"https:\/\/wp.me\/s6kHv-poderes","jetpack_sharing_enabled":true,"jetpack-related-posts":[{"id":400,"url":"https:\/\/www.edder.org\/?p=400","url_meta":{"origin":142,"position":0},"title":"La cr\u00edtica de arte","author":"Eder","date":"viernes, 29 May, 2009","format":false,"excerpt":"","rel":"","context":"En \u00abNA\u00bb","block_context":{"text":"NA","link":"https:\/\/www.edder.org\/?cat=3"},"img":{"alt_text":"dn","src":"https:\/\/i0.wp.com\/www.edder.org\/images\/beuys.jpg?resize=350%2C200","width":350,"height":200,"srcset":"https:\/\/i0.wp.com\/www.edder.org\/images\/beuys.jpg?resize=350%2C200 1x, https:\/\/i0.wp.com\/www.edder.org\/images\/beuys.jpg?resize=525%2C300 1.5x, https:\/\/i0.wp.com\/www.edder.org\/images\/beuys.jpg?resize=700%2C400 2x"},"classes":[]},{"id":255,"url":"https:\/\/www.edder.org\/?p=255","url_meta":{"origin":142,"position":1},"title":"N\u00e9potisme \u00e0 la navarroise","author":"Eder","date":"viernes, 13 Feb, 2009","format":false,"excerpt":"Tan joven \u2013el presidente Sanz, digo\u2013 y ya todo un geront\u00f3crata, como Aizp\u00fan en su ancianidad. No soy el \u00fanico navarro que ha tenido ocasi\u00f3n de avergonzarse en lo que va de semana al menos dos veces de nuestro gerontocr\u00e1tico presidente. La primera ocasi\u00f3n de pasar verg\u00fcenza ajena se nos\u2026","rel":"","context":"En \u00abNA\u00bb","block_context":{"text":"NA","link":"https:\/\/www.edder.org\/?cat=3"},"img":{"alt_text":"","src":"","width":0,"height":0},"classes":[]},{"id":206,"url":"https:\/\/www.edder.org\/?p=206","url_meta":{"origin":142,"position":2},"title":"Arqueolog\u00eda","author":"Eder","date":"viernes, 28 Nov, 2008","format":false,"excerpt":"Cuando quiera es tarde para hacer una magna exposici\u00f3n arqueol\u00f3gica sobre la antiqu\u00edsima se\u00f1ora llamada a conducir los destinos de las derechas navarras, si nadie lo remedia. \u00bfQue qui\u00e9n podr\u00eda remediarlo? Seguramente nadie. Quiz\u00e1 Sanz pueda hacer un intento de poner coto a la desbordada vocaci\u00f3n de esa arqueol\u00f3gica se\u00f1ora\u2026","rel":"","context":"En \u00abNA\u00bb","block_context":{"text":"NA","link":"https:\/\/www.edder.org\/?cat=3"},"img":{"alt_text":"","src":"","width":0,"height":0},"classes":[]},{"id":133,"url":"https:\/\/www.edder.org\/?p=133","url_meta":{"origin":142,"position":3},"title":"El arte explicado a los ni\u00f1os","author":"Eder","date":"viernes, 25 Ene, 2008","format":false,"excerpt":"\u00a0 El arte ocurre. Eso es todo. No se sabe cu\u00e1ndo ni d\u00f3nde. En las emocionantes fotograf\u00edas de primera plana de los peri\u00f3dicos de ayer el arte est\u00e1 ocurriendo. Nada menos. Veamos esas fotograf\u00edas, reproducidas a tres, cuatro, cinco columnas. El tema de las mismas es tan viejo como el\u2026","rel":"","context":"En \u00abSin categorizar\u00bb","block_context":{"text":"Sin categorizar","link":"https:\/\/www.edder.org\/?cat=1"},"img":{"alt_text":"","src":"","width":0,"height":0},"classes":[]},{"id":15297,"url":"https:\/\/www.edder.org\/?p=15297","url_meta":{"origin":142,"position":4},"title":"Luego se puede, luego se mueve (2015 &#8211; 2019)","author":"Eder","date":"mi\u00e9rcoles, 7 Ago, 2019","format":false,"excerpt":"Luego se puede dar al C\u00e9sar lo que es suyo y dejar las creencias de cada cual para su vida particular. \u00a0\u00a0 Se pueden dejar los rituales nacionalcat\u00f3licos de lado y ser respetuoso con la aconfesionalidad que debe regir en las ceremonias de los poderes p\u00fablicos. Las im\u00e1genes adjuntas (lo\u2026","rel":"","context":"En \u00abNA\u00bb","block_context":{"text":"NA","link":"https:\/\/www.edder.org\/?cat=3"},"img":{"alt_text":"","src":"https:\/\/i0.wp.com\/www.edder.org\/upload\/2019\/08\/2015.jpg?resize=350%2C200&ssl=1","width":350,"height":200},"classes":[]},{"id":75,"url":"https:\/\/www.edder.org\/?p=75","url_meta":{"origin":142,"position":5},"title":"La barraca del arte","author":"Eder","date":"viernes, 15 Dic, 2006","format":false,"excerpt":"El otro d\u00eda \u2013el otro puente y entre otros navarros (\u00a1Adi\u00f3s! \u00a1Adi\u00f3s!)\u2013 estuve en la puerta del MACBA. No entr\u00e9. Man\u00edas m\u00edas. El arte contempor\u00e1neo \u00faltimo tiene inter\u00e9s cuando lo tiene. A m\u00ed me interesan los hermanos Chapman \u2013no cuando montan instalaciones, que eso lo har\u00e1n para espantar u horrorizar\u2026","rel":"","context":"En \u00abArtes\u00bb","block_context":{"text":"Artes","link":"https:\/\/www.edder.org\/?cat=85"},"img":{"alt_text":"","src":"https:\/\/i0.wp.com\/www.edder.org\/upload\/2006\/12\/animated-pic-warhol-3.jpg?resize=350%2C200&ssl=1","width":350,"height":200},"classes":[]}],"jetpack_likes_enabled":true,"_links":{"self":[{"href":"https:\/\/www.edder.org\/index.php?rest_route=\/wp\/v2\/posts\/142","targetHints":{"allow":["GET"]}}],"collection":[{"href":"https:\/\/www.edder.org\/index.php?rest_route=\/wp\/v2\/posts"}],"about":[{"href":"https:\/\/www.edder.org\/index.php?rest_route=\/wp\/v2\/types\/post"}],"author":[{"embeddable":true,"href":"https:\/\/www.edder.org\/index.php?rest_route=\/wp\/v2\/users\/82"}],"replies":[{"embeddable":true,"href":"https:\/\/www.edder.org\/index.php?rest_route=%2Fwp%2Fv2%2Fcomments&post=142"}],"version-history":[{"count":0,"href":"https:\/\/www.edder.org\/index.php?rest_route=\/wp\/v2\/posts\/142\/revisions"}],"wp:attachment":[{"href":"https:\/\/www.edder.org\/index.php?rest_route=%2Fwp%2Fv2%2Fmedia&parent=142"}],"wp:term":[{"taxonomy":"category","embeddable":true,"href":"https:\/\/www.edder.org\/index.php?rest_route=%2Fwp%2Fv2%2Fcategories&post=142"},{"taxonomy":"post_tag","embeddable":true,"href":"https:\/\/www.edder.org\/index.php?rest_route=%2Fwp%2Fv2%2Ftags&post=142"}],"curies":[{"name":"wp","href":"https:\/\/api.w.org\/{rel}","templated":true}]}}