{"id":141,"date":"2008-03-14T09:55:46","date_gmt":"2008-03-14T07:55:46","guid":{"rendered":"https:\/\/www.edder.org\/?p=141"},"modified":"2018-07-27T16:38:24","modified_gmt":"2018-07-27T14:38:24","slug":"luz-y-taquigrafos","status":"publish","type":"post","link":"https:\/\/www.edder.org\/?p=141","title":{"rendered":"Luz y taqu\u00edgrafos"},"content":{"rendered":"<p>Tras ver la comparecencia del se\u00f1or Arbeloa sobre la exposici\u00f3n itinerante que nunca itiner\u00f3, no se sabe bien para qu\u00e9 quer\u00eda acudir al Parlamento con luz y taqu\u00edgrafos, aparte de para impartir lecciones de \u00e9tica o de gram\u00e1tica, o para mostrar su pena por nosotros. Habl\u00f3 el compareciente de su insobornable independencia. Cuesta creer en ella desde que, junto a la actual directora general de Relaciones Institucionales \u2013entre otros tr\u00e1nsfugas del socialismo\u2013, pidi\u00f3 p\u00fablicamente el voto para Uni\u00f3n del Pueblo Navarro, justo antes de unas elecciones. Imparti\u00f3 Arbeloa clases sobre el arte de poner las comas. La l\u00e1stima es que \u00e9l, o mejor otros maestros, en un concurso p\u00fablico, no pudieran haber examinado a quienes iban a estar bajo su responsabilidad. No hubo ning\u00fan concurso p\u00fablico. Aclar\u00f3 el compareciente que una persona contratada para su oficina cobr\u00f3 casi nueve veces m\u00e1s que \u00e9l. Aclarado queda. Sin embargo, el Arbeloa que al final de la comparecencia dijo que pod\u00eda dar sus cuatro apellidos, no dio los cuatro apellidos de ning\u00fan contratado, ni lo que es m\u00e1s importante: no dio cuenta ni raz\u00f3n de con qu\u00e9 criterio de publicidad y concurrencia se hicieron los contratos. S\u00ed mencion\u00f3 el compareciente a otro comisario que abandon\u00f3 pronto por motivos de salud. Por salud y, quiz\u00e1, por una elemental verg\u00fcenza, ya que la empresa del dimisionario recibi\u00f3 encargos de la organizaci\u00f3n, seg\u00fan el propio compareciente. En suma, Arbeloa fue al Parlamente a decir que no va con \u00e9l que una comisi\u00f3n, la que le nombr\u00f3, formada por varios consejeros y directores generales del Gobierno, concediese de manera irregular la organizaci\u00f3n de una exposici\u00f3n millonaria a una fundaci\u00f3n pol\u00edticamente af\u00edn. No van con \u00e9l los patronatos en los que estaba hasta el marido de la vicepresidenta del partido gobernante ni sus irregulares contrataciones. Y como todo eso no iba con \u00e9l, no tiene nada de que responder. Tampoco ve que ning\u00fan otro haya de hacerlo. Eso s\u00ed, se siente muy apenado por la degradaci\u00f3n \u00e9tica que nos azota. Se comprende que as\u00ed sea.<\/p>\n<p><a target=\"blank\" href=\"http:\/\/videoteca.parlamento-navarra.es\/Web\/Ficha?idobj=1059\"><strong>V\u00eddeo: comparecencia de Arbeloa en el Parlamento Navarro<\/strong>.<\/a><\/p>\n<div align=\"right\">Publicado en <a target=\"blank\" href=\"http:\/\/www.noticiasdenavarra.com\/ediciones\/2008\/03\/14\/opinion\/contra.php\">Diario de Noticias<\/a><img class=\"lazyload\" decoding=\"async\" align=\"right\" title=\"dn\" alt=\"dn\" src=\"data:image\/gif;base64,R0lGODlhAQABAAAAACH5BAEKAAEALAAAAAABAAEAAAICTAEAOw==\" data-orig-src=\"https:\/\/www.edder.org\/images\/dn.gif\" \/><\/div>\n<p><img class=\"lazyload\" decoding=\"async\" src=\"data:image\/gif;base64,R0lGODlhAQABAAAAACH5BAEKAAEALAAAAAABAAEAAAICTAEAOw==\" data-orig-src=\"https:\/\/www.edder.org\/images\/marcas.gif\" alt=\"marcas\" \/><\/p>\n","protected":false},"excerpt":{"rendered":"<p>Tras ver la comparecencia del se\u00f1or Arbeloa sobre la exposici\u00f3n itinerante que nunca itiner\u00f3, no se sabe bien para qu\u00e9 quer\u00eda acudir al Parlamento con luz y taqu\u00edgrafos, aparte de para impartir lecciones de \u00e9tica o de gram\u00e1tica, o para mostrar su pena por nosotros. Habl\u00f3 el compareciente de su insobornable independencia. Cuesta creer en ella desde que, junto a la actual directora general de Relaciones Institucionales \u2013entre otros tr\u00e1nsfugas del socialismo\u2013, pidi\u00f3 p\u00fablicamente el voto para Uni\u00f3n del Pueblo Navarro, justo antes de unas elecciones. Imparti\u00f3 Arbeloa clases sobre el arte de poner las comas. La l\u00e1stima es que \u00e9l, o mejor otros maestros, en un concurso p\u00fablico, no pudieran haber examinado a quienes iban a estar bajo su responsabilidad. No hubo ning\u00fan concurso p\u00fablico. Aclar\u00f3  [&#8230;]<\/p>\n","protected":false},"author":82,"featured_media":0,"comment_status":"open","ping_status":"open","sticky":false,"template":"","format":"standard","meta":{"jetpack_post_was_ever_published":false,"_jetpack_newsletter_access":"","_jetpack_dont_email_post_to_subs":false,"_jetpack_newsletter_tier_id":0,"_jetpack_memberships_contains_paywalled_content":false,"_jetpack_memberships_contains_paid_content":false,"footnotes":"","jetpack_publicize_message":"","jetpack_publicize_feature_enabled":true,"jetpack_social_post_already_shared":false,"jetpack_social_options":{"image_generator_settings":{"template":"highway","default_image_id":0,"font":"","enabled":false},"version":2}},"categories":[3],"tags":[],"class_list":["post-141","post","type-post","status-publish","format-standard","hentry","category-na"],"jetpack_publicize_connections":[],"jetpack_featured_media_url":"","jetpack_shortlink":"https:\/\/wp.me\/p6kHv-2h","jetpack_sharing_enabled":true,"jetpack-related-posts":[{"id":139,"url":"https:\/\/www.edder.org\/?p=139","url_meta":{"origin":141,"position":0},"title":"Por preguntar","author":"Eder","date":"viernes, 7 Mar, 2008","format":false,"excerpt":"Hubo carta del Gobierno de Navarra. \u201cEl d\u00eda 19 abrimos las puertas del nuevo centro de urgencias Solchaga\u201d. \u00bfNuevo centro de urgencias Solchaga? \u00bfEs el viejo ambulatorio al que en el sitio web del Ayuntamiento de Pamplona se sigue llamando General Solchaga? \u00bfHay nueva denominaci\u00f3n oficial? Si as\u00ed fuera, \u00bfcu\u00e1ndo\u2026","rel":"","context":"En \u00abNA\u00bb","block_context":{"text":"NA","link":"https:\/\/www.edder.org\/?cat=3"},"img":{"alt_text":"","src":"","width":0,"height":0},"classes":[]},{"id":83,"url":"https:\/\/www.edder.org\/?p=83","url_meta":{"origin":141,"position":1},"title":"Lo que pierden los poetas","author":"Eder","date":"viernes, 9 Feb, 2007","format":false,"excerpt":"Se fue la magna exposici\u00f3n del comisario Arbeloa \u2013la de los quinientos millones de pesetas\u2013 y no han llegado las charlas del magno congreso barojiano que dirigir\u00e1 Ram\u00f3n Tamames, otro desertor de la izquierda que hoy da curso a sus furias en los medios de la derecha asilvestrada \u2013la de\u2026","rel":"","context":"En \u00abNA\u00bb","block_context":{"text":"NA","link":"https:\/\/www.edder.org\/?cat=3"},"img":{"alt_text":"","src":"","width":0,"height":0},"classes":[]},{"id":65,"url":"https:\/\/www.edder.org\/?p=65","url_meta":{"origin":141,"position":2},"title":"La propaganda del Reich (del Reich-no de Navarra)","author":"Eder","date":"viernes, 6 Oct, 2006","format":false,"excerpt":"","rel":"","context":"En \u00abNA\u00bb","block_context":{"text":"NA","link":"https:\/\/www.edder.org\/?cat=3"},"img":{"alt_text":"","src":"","width":0,"height":0},"classes":[]},{"id":43,"url":"https:\/\/www.edder.org\/?p=43","url_meta":{"origin":141,"position":3},"title":"Los fastos que no cesan","author":"Eder","date":"viernes, 17 Feb, 2006","format":false,"excerpt":"Brillante, s\u00ed. No me refiero a la genial idea de intentar traerse para aqu\u00ed, en pleno fervor sanferminero, al gran te\u00f3logo y \u2013antes que gran jefe de Estado\u2013 gran inquisidor Joseph Ratzinger. Me refiero a lo de ponerle a V\u00edctor Manuel Arbeloa al frente de una exposici\u00f3n de nada m\u00e1s\u2026","rel":"","context":"En \u00abNA\u00bb","block_context":{"text":"NA","link":"https:\/\/www.edder.org\/?cat=3"},"img":{"alt_text":"","src":"","width":0,"height":0},"classes":[]},{"id":70,"url":"https:\/\/www.edder.org\/?p=70","url_meta":{"origin":141,"position":4},"title":"En \u00c1frica y m\u00e1s all\u00e1","author":"Eder","date":"viernes, 10 Nov, 2006","format":false,"excerpt":"En la Sala de Armas de la Ciudadela, s\u00f3lo hasta el pr\u00f3ximo domingo, puede verse la exposici\u00f3n \u2013fotogr\u00e1fica y videogr\u00e1fica\u2013 de Dorris Haron Kasco (Daloa, Costa de Marfil, 1966) titulada Asfalto. De paso por las inextinguibles obras del Baluarte, presidido por el gran pend\u00f3n de la magna \u00abexposici\u00f3n de los\u2026","rel":"","context":"En \u00abSin categorizar\u00bb","block_context":{"text":"Sin categorizar","link":"https:\/\/www.edder.org\/?cat=1"},"img":{"alt_text":"","src":"","width":0,"height":0},"classes":[]},{"id":84,"url":"https:\/\/www.edder.org\/?p=84","url_meta":{"origin":141,"position":5},"title":"Devoci\u00f3n por Baroja","author":"Eder","date":"viernes, 16 Feb, 2007","format":false,"excerpt":"Ven\u00edamos de los fuegos artificiales del sufrido comisario Arbeloa \u2013el de la exposici\u00f3n de los quinientos millones a mayor gloria del navarrismo\u2013 e \u00edbamos hacia otro festival preelectoral del regionalismo castizo: el I Congreso de Estudios Barojianos. Casualidades del directo que en el cat\u00e1logo de la exposici\u00f3n de Arbeloa el\u2026","rel":"","context":"En \u00abNA\u00bb","block_context":{"text":"NA","link":"https:\/\/www.edder.org\/?cat=3"},"img":{"alt_text":"","src":"","width":0,"height":0},"classes":[]}],"jetpack_likes_enabled":true,"_links":{"self":[{"href":"https:\/\/www.edder.org\/index.php?rest_route=\/wp\/v2\/posts\/141","targetHints":{"allow":["GET"]}}],"collection":[{"href":"https:\/\/www.edder.org\/index.php?rest_route=\/wp\/v2\/posts"}],"about":[{"href":"https:\/\/www.edder.org\/index.php?rest_route=\/wp\/v2\/types\/post"}],"author":[{"embeddable":true,"href":"https:\/\/www.edder.org\/index.php?rest_route=\/wp\/v2\/users\/82"}],"replies":[{"embeddable":true,"href":"https:\/\/www.edder.org\/index.php?rest_route=%2Fwp%2Fv2%2Fcomments&post=141"}],"version-history":[{"count":0,"href":"https:\/\/www.edder.org\/index.php?rest_route=\/wp\/v2\/posts\/141\/revisions"}],"wp:attachment":[{"href":"https:\/\/www.edder.org\/index.php?rest_route=%2Fwp%2Fv2%2Fmedia&parent=141"}],"wp:term":[{"taxonomy":"category","embeddable":true,"href":"https:\/\/www.edder.org\/index.php?rest_route=%2Fwp%2Fv2%2Fcategories&post=141"},{"taxonomy":"post_tag","embeddable":true,"href":"https:\/\/www.edder.org\/index.php?rest_route=%2Fwp%2Fv2%2Ftags&post=141"}],"curies":[{"name":"wp","href":"https:\/\/api.w.org\/{rel}","templated":true}]}}