{"id":139,"date":"2008-03-07T10:00:26","date_gmt":"2008-03-07T08:00:26","guid":{"rendered":"https:\/\/www.edder.org\/?p=139"},"modified":"2018-07-27T16:38:24","modified_gmt":"2018-07-27T14:38:24","slug":"pro-preguntar","status":"publish","type":"post","link":"https:\/\/www.edder.org\/?p=139","title":{"rendered":"Por preguntar"},"content":{"rendered":"<p>Hubo carta del Gobierno de Navarra. \u201cEl d\u00eda 19 abrimos las puertas del nuevo centro de urgencias Solchaga\u201d. \u00bfNuevo centro de urgencias Solchaga? \u00bfEs el viejo ambulatorio al que en el sitio web del Ayuntamiento de Pamplona se sigue llamando General Solchaga? \u00bfHay nueva denominaci\u00f3n oficial? Si as\u00ed fuera, \u00bfcu\u00e1ndo cambiar\u00e1 el nombre del centro en la famosa web donde tan r\u00e1pido cambian otras cosas? Y lo que es m\u00e1s interesante: \u00bfqui\u00e9n ha quitado en la nueva denominaci\u00f3n su alto grado militar \u2013y sin embargo no su apellido\u2013 al que fuera glorioso e invicto gu\u00eda de las Brigadas de Navarra, General Jos\u00e9 Solchaga, am\u00e9n de compa\u00f1ero insurreccional y mano derecha de Mola? \u00bfO se trata de un centro nuevo? \u00bfQu\u00e9 memoria ensalza entonces? \u00bfLa del brillante economista tafall\u00e9s Carlos Solchaga? \u00bfLa del no menos tafall\u00e9s y asimismo brillante comunicador Florencio Solchaga, tan injustamente preterido por la historia desde que aquel infausto 20-N le tocara salir en la tele para decir: \u201cAtenci\u00f3n, espa\u00f1oles. Habla el presidente del Gobierno, don Carlos Arias Navarro\u201d? Todas estas preguntas, obviamente, no buscan respuesta. Preguntar todo esto es tan ret\u00f3rico como preguntar: \u00bfqu\u00e9 hay de lo del comisario Arbeloa? \u00bfSe le va a negar a quien prestara tan brillantes servicios a Navarra \u2013o por lo menos a la cosa <em>navarrorum<\/em>, a la familia pol\u00edtica del Navarra <em>c\u2019est moi<\/em>\u2013 la luz y los taqu\u00edgrafos que con tan justa indignaci\u00f3n reclama? \u00bfSe le va impedir demostrar lo que quiere demostrar? Que lo que err\u00f3neamente se dice que cobr\u00f3, lo cobr\u00f3 alguien de su oficina. \u00bfQui\u00e9n y con qu\u00e9 grado de proximidad? Eso ya no es una pregunta ret\u00f3rica sino una pregunta directa que no s\u00e9 si alg\u00fan parlamentario har\u00e1 ante los taqu\u00edgrafos reclamados por Arbeloa. Para navarros directos, los de antes, como aquel general que no sabemos si se queda o se nos va de la denominaci\u00f3n oficial. Los Solchaga posteriores, ya eran un poco menos directos: \u201cAtenci\u00f3n, espa\u00f1oles. Ag\u00e1rrense. Alguien les va a decir algo que ya supondr\u00e1n\u201d.<\/p>\n<div align=\"right\">Publicado en <a target=\"blank\" href=\"http:\/\/www.noticiasdenavarra.com\/ediciones\/2008\/03\/07\/opinion\/contra.php\">Diario de Noticias<\/a><img class=\"lazyload\" decoding=\"async\" align=\"right\" title=\"dn\" alt=\"dn\" src=\"data:image\/gif;base64,R0lGODlhAQABAAAAACH5BAEKAAEALAAAAAABAAEAAAICTAEAOw==\" data-orig-src=\"https:\/\/www.edder.org\/images\/dn.gif\" \/><\/div>\n<p><img class=\"lazyload\" decoding=\"async\" src=\"data:image\/gif;base64,R0lGODlhAQABAAAAACH5BAEKAAEALAAAAAABAAEAAAICTAEAOw==\" data-orig-src=\"https:\/\/www.edder.org\/images\/marcas.gif\" alt=\"marcas\" \/><\/p>\n","protected":false},"excerpt":{"rendered":"<p>Hubo carta del Gobierno de Navarra. \u201cEl d\u00eda 19 abrimos las puertas del nuevo centro de urgencias Solchaga\u201d. \u00bfNuevo centro de urgencias Solchaga? \u00bfEs el viejo ambulatorio al que en el sitio web del Ayuntamiento de Pamplona se sigue llamando General Solchaga? \u00bfHay nueva denominaci\u00f3n oficial? Si as\u00ed fuera, \u00bfcu\u00e1ndo cambiar\u00e1 el nombre del centro en la famosa web donde tan r\u00e1pido cambian otras cosas? Y lo que es m\u00e1s interesante: \u00bfqui\u00e9n ha quitado en la nueva denominaci\u00f3n su alto grado militar \u2013y sin embargo no su apellido\u2013 al que fuera glorioso e invicto gu\u00eda de las Brigadas de Navarra, General Jos\u00e9 Solchaga, am\u00e9n de compa\u00f1ero insurreccional y mano derecha de Mola? \u00bfO se trata de un centro nuevo? \u00bfQu\u00e9 memoria ensalza entonces? \u00bfLa del brillante economista  [&#8230;]<\/p>\n","protected":false},"author":82,"featured_media":0,"comment_status":"open","ping_status":"open","sticky":false,"template":"","format":"standard","meta":{"jetpack_post_was_ever_published":false,"_jetpack_newsletter_access":"","_jetpack_dont_email_post_to_subs":false,"_jetpack_newsletter_tier_id":0,"_jetpack_memberships_contains_paywalled_content":false,"_jetpack_memberships_contains_paid_content":false,"footnotes":"","jetpack_publicize_message":"","jetpack_publicize_feature_enabled":true,"jetpack_social_post_already_shared":false,"jetpack_social_options":{"image_generator_settings":{"template":"highway","default_image_id":0,"font":"","enabled":false},"version":2}},"categories":[3],"tags":[],"class_list":["post-139","post","type-post","status-publish","format-standard","hentry","category-na"],"jetpack_publicize_connections":[],"jetpack_featured_media_url":"","jetpack_shortlink":"https:\/\/wp.me\/p6kHv-2f","jetpack_sharing_enabled":true,"jetpack-related-posts":[{"id":47186,"url":"https:\/\/www.edder.org\/?p=47186","url_meta":{"origin":139,"position":0},"title":"Yo  lo vi, yo lo recuerdo (digo a Florencio Solchaga, cincuenta a\u00f1os atr\u00e1s)","author":"Eder","date":"jueves, 20 Nov, 2025","format":false,"excerpt":"","rel":"","context":"En \u00abLetras\u00bb","block_context":{"text":"Letras","link":"https:\/\/www.edder.org\/?cat=93"},"img":{"alt_text":"","src":"https:\/\/i0.wp.com\/www.edder.org\/upload\/2019\/05\/solchaga_florencio.jpg?resize=350%2C200&ssl=1","width":350,"height":200},"classes":[]},{"id":15137,"url":"https:\/\/www.edder.org\/?p=15137","url_meta":{"origin":139,"position":1},"title":"Umbral, lo cual, Solchaga y tal","author":"Eder","date":"lunes, 13 May, 2019","format":false,"excerpt":"","rel":"","context":"En \u00abLetras\u00bb","block_context":{"text":"Letras","link":"https:\/\/www.edder.org\/?cat=93"},"img":{"alt_text":"","src":"https:\/\/i0.wp.com\/www.edder.org\/upload\/2019\/05\/solchaga_florencio.jpg?resize=350%2C200&ssl=1","width":350,"height":200},"classes":[]},{"id":5,"url":"https:\/\/www.edder.org\/?p=5","url_meta":{"origin":139,"position":2},"title":"Embajadores del Reyno","author":"Eder","date":"domingo, 25 Sep, 2005","format":false,"excerpt":"En la ma\u00f1ana del pasado martes 5 de julio se verific\u00f3 la primera mala cornada de los corrientes sanfermines. En efecto, esa ma\u00f1ana los peri\u00f3dicos informaban sucinta, escuetamente, de que el delegado del Gobierno de Navarra en Madrid, m\u00e1s popularmente conocido como el Se\u00f1or Embajador Plenipotenciario del Reyno","rel":"","context":"En \u00abNA\u00bb","block_context":{"text":"NA","link":"https:\/\/www.edder.org\/?cat=3"},"img":{"alt_text":"","src":"","width":0,"height":0},"classes":[]},{"id":68,"url":"https:\/\/www.edder.org\/?p=68","url_meta":{"origin":139,"position":3},"title":"Frenes\u00ed","author":"Eder","date":"viernes, 27 Oct, 2006","format":false,"excerpt":"Trepidante actividad cultural a lo largo y ancho de toda la semana. Mediada esa unidad temporal de siete d\u00edas naturales consecutivos, el arriba firmante reconoce haber perdido la cuenta de la ingente cantidad de estrenos, inauguraciones y puestas de largo habidas durante lo que va de semana en el Reyno\u2026","rel":"","context":"En \u00abNA\u00bb","block_context":{"text":"NA","link":"https:\/\/www.edder.org\/?cat=3"},"img":{"alt_text":"","src":"","width":0,"height":0},"classes":[]},{"id":335,"url":"https:\/\/www.edder.org\/?p=335","url_meta":{"origin":139,"position":4},"title":"Astracanada","author":"Eder","date":"viernes, 10 Abr, 2009","format":false,"excerpt":"La comparecencia parlamentaria por el uso del helic\u00f3ptero que lleva estampado el n\u00famero de emergencias pas\u00f3 de lo esperp\u00e9ntico a la astracanada cuando el consejero Corpas se qued\u00f3 tan fresco despu\u00e9s de decir que, de haberse producido una emergencia mientras \u00e9l y su sufrido equipo volaban hacia la inexpugnable cumbre\u2026","rel":"","context":"En \u00abNA\u00bb","block_context":{"text":"NA","link":"https:\/\/www.edder.org\/?cat=3"},"img":{"alt_text":"","src":"","width":0,"height":0},"classes":[]},{"id":3999,"url":"https:\/\/www.edder.org\/?p=3999","url_meta":{"origin":139,"position":5},"title":"Medalla de Oro de Navarra 2014","author":"Eder","date":"s\u00e1bado, 27 Dic, 2014","format":false,"excerpt":"La concesi\u00f3n a t\u00edtulo p\u00f3stumo de la Medalla de Oro de Navarra a dos grandes prebostes del franquismo, al parecer dos titanes visionarios que desencadenaron en los a\u00f1os 60 el milagro econ\u00f3mico del que los simples y prescindibles mortales hemos disfrutado a placer durante medio siglo largo \u2013hasta el d\u00eda\u2026","rel":"","context":"En \u00abCine\u00bb","block_context":{"text":"Cine","link":"https:\/\/www.edder.org\/?cat=79"},"img":{"alt_text":"","src":"","width":0,"height":0},"classes":[]}],"jetpack_likes_enabled":true,"_links":{"self":[{"href":"https:\/\/www.edder.org\/index.php?rest_route=\/wp\/v2\/posts\/139","targetHints":{"allow":["GET"]}}],"collection":[{"href":"https:\/\/www.edder.org\/index.php?rest_route=\/wp\/v2\/posts"}],"about":[{"href":"https:\/\/www.edder.org\/index.php?rest_route=\/wp\/v2\/types\/post"}],"author":[{"embeddable":true,"href":"https:\/\/www.edder.org\/index.php?rest_route=\/wp\/v2\/users\/82"}],"replies":[{"embeddable":true,"href":"https:\/\/www.edder.org\/index.php?rest_route=%2Fwp%2Fv2%2Fcomments&post=139"}],"version-history":[{"count":0,"href":"https:\/\/www.edder.org\/index.php?rest_route=\/wp\/v2\/posts\/139\/revisions"}],"wp:attachment":[{"href":"https:\/\/www.edder.org\/index.php?rest_route=%2Fwp%2Fv2%2Fmedia&parent=139"}],"wp:term":[{"taxonomy":"category","embeddable":true,"href":"https:\/\/www.edder.org\/index.php?rest_route=%2Fwp%2Fv2%2Fcategories&post=139"},{"taxonomy":"post_tag","embeddable":true,"href":"https:\/\/www.edder.org\/index.php?rest_route=%2Fwp%2Fv2%2Ftags&post=139"}],"curies":[{"name":"wp","href":"https:\/\/api.w.org\/{rel}","templated":true}]}}