{"id":13830,"date":"2017-12-26T22:54:23","date_gmt":"2017-12-26T21:54:23","guid":{"rendered":"https:\/\/www.edder.org\/?p=13830"},"modified":"2018-07-27T16:36:32","modified_gmt":"2018-07-27T14:36:32","slug":"viento-del-pais-de-maupassant","status":"publish","type":"post","link":"https:\/\/www.edder.org\/?p=13830","title":{"rendered":"Viento del pa\u00eds de Maupassant"},"content":{"rendered":"<p>Viento de la <em>falaise<\/em> de Yport&hellip;<br \/>\n\tViento desesperado&hellip; o de c&oacute;mo la bondad puede ser el camino m&aacute;s corto a la maldad.<\/p>\n<p style=\"text-align: center;\"><div class=\"fusion-fullwidth fullwidth-box fusion-builder-row-1 hundred-percent-fullwidth non-hundred-percent-height-scrolling\" style=\"--awb-border-radius-top-left:0px;--awb-border-radius-top-right:0px;--awb-border-radius-bottom-right:0px;--awb-border-radius-bottom-left:0px;--awb-overflow:visible;--awb-flex-wrap:wrap;\" ><div class=\"fusion-builder-row fusion-row\"><div class=\"fusion-layout-column fusion_builder_column fusion-builder-column-0 fusion_builder_column_1_1 1_1 fusion-one-full fusion-column-first fusion-column-last fusion-column-no-min-height\" style=\"--awb-bg-size:cover;--awb-margin-bottom:0px;\"><div class=\"fusion-column-wrapper fusion-flex-column-wrapper-legacy\"><div style=\"width: 1200px;\" class=\"wp-video\"><video class=\"wp-video-shortcode\" id=\"video-13830-1\" width=\"1200\" height=\"675\" preload=\"metadata\" controls=\"controls\"><source type=\"video\/mp4\" src=\"http:\/\/edder.org\/movies\/maupassant.m4v?_=1\" \/><a href=\"http:\/\/edder.org\/movies\/maupassant.m4v\">http:\/\/edder.org\/movies\/maupassant.m4v<\/a><\/video><\/div>\n<p>&nbsp;<\/p>\n<p><em>Seigneur, Dieu tout-puissant, quand je veux te comprendre,<\/em><br \/>\n\t<em>Ta grandeur m&rsquo;&eacute;blouit et vient me le d&eacute;fendre.<\/em><br \/>\n\t<em>Quand ma raison s&rsquo;&eacute;l&egrave;ve &agrave; ton infinit&eacute;<\/em><br \/>\n\t<em>Dans le doute et la nuit je suis pr&eacute;cipit&eacute;,<\/em><br \/>\n\t<em>Et je ne puis saisir, dans l&rsquo;ombre qui m&rsquo;enlace<\/em><br \/>\n\t<em>Qu&rsquo;un &eacute;clair passager qui brille et qui s&rsquo;efface.<\/em><br \/>\n\t<em>Mais j&rsquo;esp&egrave;re pourtant, car l&agrave;-haut tu souris!<\/em><br \/>\n\t<em>Car souvent, quand un jour se l&egrave;ve triste et gris,<\/em><br \/>\n\t<em>Quand on ne voit partout que de sombres images,<\/em><br \/>\n\t<em>Un rayon de soleil glisse entre deux nuages<\/em><br \/>\n\t<em>Qui nous montre l&agrave;-bas un petit coin d&rsquo;azur;<\/em><br \/>\n\t<em>Quand l&rsquo;homme doute et que tout lui para&icirc;t obscur,<\/em><br \/>\n\t<em>Il a toujours &agrave; l&rsquo;&acirc;me un rayon d&rsquo;esp&eacute;rance;<\/em><br \/>\n\t<em>Car il reste toujours, m&ecirc;me dans la souffrance,<\/em><br \/>\n\t<em>Au plus d&eacute;sesp&eacute;r&eacute;, par le temps le plus noir,<\/em><br \/>\n\t<em>Un peu d&rsquo;azur au ciel, au coeur un peu d&rsquo;espoir.<\/em><\/p>\n<p>&nbsp;<\/p>\n<p>En mi mesa ahora:<\/p>\n<p><img class=\"lazyload\" decoding=\"async\" alt=\"\" src=\"data:image\/gif;base64,R0lGODlhAQABAAAAACH5BAEKAAEALAAAAAABAAEAAAICTAEAOw==\" data-orig-src=\"http:\/\/edder.org\/images\/maupassant.jpg\" style=\"width: 907px; height: 510px;\" \/><\/p>\n<div class=\"fusion-clearfix\"><\/div><\/div><\/div><\/div><\/div><\/p>\n","protected":false},"excerpt":{"rendered":"<p>Viento de la falaise de Yport&hellip; Viento desesperado&hellip; o de c&oacute;mo la bondad puede ser el camino m&aacute;s corto a la maldad.<\/p>\n","protected":false},"author":82,"featured_media":13831,"comment_status":"closed","ping_status":"closed","sticky":false,"template":"","format":"standard","meta":{"jetpack_post_was_ever_published":false,"_jetpack_newsletter_access":"","_jetpack_dont_email_post_to_subs":false,"_jetpack_newsletter_tier_id":0,"_jetpack_memberships_contains_paywalled_content":false,"_jetpack_memberships_contains_paid_content":false,"footnotes":"","jetpack_publicize_message":"","jetpack_publicize_feature_enabled":true,"jetpack_social_post_already_shared":true,"jetpack_social_options":{"image_generator_settings":{"template":"highway","default_image_id":0,"font":"","enabled":false},"version":2}},"categories":[1],"tags":[581,580],"class_list":["post-13830","post","type-post","status-publish","format-standard","has-post-thumbnail","hentry","category-sin-categorizar","tag-brize","tag-maupassant"],"jetpack_publicize_connections":[],"jetpack_featured_media_url":"https:\/\/www.edder.org\/upload\/2017\/12\/vent.jpg","jetpack_shortlink":"https:\/\/wp.me\/p6kHv-3B4","jetpack_sharing_enabled":true,"jetpack-related-posts":[{"id":1511,"url":"https:\/\/www.edder.org\/?p=1511","url_meta":{"origin":13830,"position":0},"title":"Dios por el noroeste (de Francia)","author":"Eder","date":"s\u00e1bado, 26 Feb, 2011","format":false,"excerpt":"\u00a0 Al noroeste de Francia, m\u00e1s all\u00e1 del Pa\u00eds de Maupassant, est\u00e1 la regi\u00f3n del Norte-Paso de Calais. De all\u00ed vienen directores de cine habitualmente tan desesperanzados como Xavier Beauvois \u2013en nuestra cartelera con una pel\u00edcula m\u00e1s esperanzada que de costumbre\u2013 y Bruno Dumont. La \u00faltima pel\u00edcula de Dumont \u2013director\u2026","rel":"","context":"En \u00abCine\u00bb","block_context":{"text":"Cine","link":"https:\/\/www.edder.org\/?cat=79"},"img":{"alt_text":"","src":"https:\/\/i0.wp.com\/www.edder.org\/upload\/2011\/02\/19476857.jpg?resize=350%2C200&ssl=1","width":350,"height":200,"srcset":"https:\/\/i0.wp.com\/www.edder.org\/upload\/2011\/02\/19476857.jpg?resize=350%2C200&ssl=1 1x, https:\/\/i0.wp.com\/www.edder.org\/upload\/2011\/02\/19476857.jpg?resize=525%2C300&ssl=1 1.5x"},"classes":[]},{"id":15031,"url":"https:\/\/www.edder.org\/?p=15031","url_meta":{"origin":13830,"position":1},"title":"Viento de Buchenwald un domingo de marzo","author":"Eder","date":"domingo, 24 Mar, 2019","format":false,"excerpt":"","rel":"","context":"En \u00abCine\u00bb","block_context":{"text":"Cine","link":"https:\/\/www.edder.org\/?cat=79"},"img":{"alt_text":"","src":"https:\/\/i0.wp.com\/www.edder.org\/upload\/2019\/03\/buchen.jpg?resize=350%2C200&ssl=1","width":350,"height":200},"classes":[]},{"id":13467,"url":"https:\/\/www.edder.org\/?p=13467","url_meta":{"origin":13830,"position":2},"title":"Viento en el tejado","author":"Eder","date":"lunes, 30 Ene, 2017","format":false,"excerpt":"","rel":"","context":"En \u00abM\u00fasica\u00bb","block_context":{"text":"M\u00fasica","link":"https:\/\/www.edder.org\/?cat=87"},"img":{"alt_text":"","src":"https:\/\/i0.wp.com\/www.edder.org\/upload\/2017\/01\/Captura-de-pantalla-2017-01-30-a-las-23.40.09.png?resize=350%2C200&ssl=1","width":350,"height":200},"classes":[]},{"id":13675,"url":"https:\/\/www.edder.org\/?p=13675","url_meta":{"origin":13830,"position":3},"title":"Viento de Par\u00eds (distrito XIX)","author":"Eder","date":"domingo, 2 Jul, 2017","format":false,"excerpt":"","rel":"","context":"En \u00abSin categorizar\u00bb","block_context":{"text":"Sin categorizar","link":"https:\/\/www.edder.org\/?cat=1"},"img":{"alt_text":"","src":"https:\/\/i0.wp.com\/www.edder.org\/upload\/2017\/07\/sibille-copia.jpg?resize=350%2C200&ssl=1","width":350,"height":200},"classes":[]},{"id":15263,"url":"https:\/\/www.edder.org\/?p=15263","url_meta":{"origin":13830,"position":4},"title":"Viento del parque Montsouris (Par\u00eds, XII)","author":"Eder","date":"lunes, 29 Jul, 2019","format":false,"excerpt":"Viento del parque Montsouris, Par\u00eds XII (viento Jacques Rivette hacia 1993). Y al fondo y entre los \u00e1rboles, viento de Central Park, NY (viento Vincente Minnelli hacia 1953). \u00a0 M\u00e1s viento de Par\u00eds (XIX): \u00a0 + Sibila en edder.org:","rel":"","context":"En \u00abCine\u00bb","block_context":{"text":"Cine","link":"https:\/\/www.edder.org\/?cat=79"},"img":{"alt_text":"","src":"https:\/\/i0.wp.com\/www.edder.org\/upload\/2019\/07\/dancing-0002.png?resize=350%2C200&ssl=1","width":350,"height":200},"classes":[]},{"id":15301,"url":"https:\/\/www.edder.org\/?p=15301","url_meta":{"origin":13830,"position":5},"title":"Al viento en el tejado (Get Back)","author":"Eder","date":"jueves, 8 Ago, 2019","format":false,"excerpt":"Viento en el tejado de Apple Records (Londres). Melenas al viento a principios de 1969. Viento del \u00faltimo concierto. \u00a0 Viento del tejado de cierto hotel neoyorquino descrito por Elizabeth Hardwick y del mismo tejado londinense:","rel":"","context":"En \u00abM\u00fasica\u00bb","block_context":{"text":"M\u00fasica","link":"https:\/\/www.edder.org\/?cat=87"},"img":{"alt_text":"","src":"https:\/\/i0.wp.com\/www.edder.org\/upload\/2019\/08\/tejadi-0001.png?resize=350%2C200&ssl=1","width":350,"height":200,"srcset":"https:\/\/i0.wp.com\/www.edder.org\/upload\/2019\/08\/tejadi-0001.png?resize=350%2C200&ssl=1 1x, https:\/\/i0.wp.com\/www.edder.org\/upload\/2019\/08\/tejadi-0001.png?resize=525%2C300&ssl=1 1.5x"},"classes":[]}],"jetpack_likes_enabled":true,"_links":{"self":[{"href":"https:\/\/www.edder.org\/index.php?rest_route=\/wp\/v2\/posts\/13830","targetHints":{"allow":["GET"]}}],"collection":[{"href":"https:\/\/www.edder.org\/index.php?rest_route=\/wp\/v2\/posts"}],"about":[{"href":"https:\/\/www.edder.org\/index.php?rest_route=\/wp\/v2\/types\/post"}],"author":[{"embeddable":true,"href":"https:\/\/www.edder.org\/index.php?rest_route=\/wp\/v2\/users\/82"}],"replies":[{"embeddable":true,"href":"https:\/\/www.edder.org\/index.php?rest_route=%2Fwp%2Fv2%2Fcomments&post=13830"}],"version-history":[{"count":0,"href":"https:\/\/www.edder.org\/index.php?rest_route=\/wp\/v2\/posts\/13830\/revisions"}],"wp:featuredmedia":[{"embeddable":true,"href":"https:\/\/www.edder.org\/index.php?rest_route=\/wp\/v2\/media\/13831"}],"wp:attachment":[{"href":"https:\/\/www.edder.org\/index.php?rest_route=%2Fwp%2Fv2%2Fmedia&parent=13830"}],"wp:term":[{"taxonomy":"category","embeddable":true,"href":"https:\/\/www.edder.org\/index.php?rest_route=%2Fwp%2Fv2%2Fcategories&post=13830"},{"taxonomy":"post_tag","embeddable":true,"href":"https:\/\/www.edder.org\/index.php?rest_route=%2Fwp%2Fv2%2Ftags&post=13830"}],"curies":[{"name":"wp","href":"https:\/\/api.w.org\/{rel}","templated":true}]}}