{"id":137,"date":"2008-02-22T15:40:59","date_gmt":"2008-02-22T13:40:59","guid":{"rendered":"https:\/\/www.edder.org\/?p=137"},"modified":"2018-07-27T16:38:24","modified_gmt":"2018-07-27T14:38:24","slug":"covadonga-reinsurgente","status":"publish","type":"post","link":"https:\/\/www.edder.org\/?p=137","title":{"rendered":"Covadonga reinsurgente"},"content":{"rendered":"<p>De la protesta de la se&ntilde;ora Barcina por la sentencia que insta a cambiar el nombre de algunas calles de la &eacute;poca franquista me llaman la atenci&oacute;n dos cosas. La primera es la bendita y santa ignorancia de que hace gala quien protesta. A intelectuales como Barcina no se les presupone la ignorancia; pero, descartada la mala fe, habr&aacute; que concluir que viven en ella. &iquest;Desconoce la se&ntilde;ora Barcina la m&iacute;stica de los reg&iacute;menes totalitarios por la que la exaltaci&oacute;n de los ca&iacute;dos es parte vital de la proyecci&oacute;n del r&eacute;gimen? Se ve que la desconoce y, en consecuencia, se queda at&oacute;nita cuando alguien insiste en cerrar tan ominoso cap&iacute;tulo hist&oacute;rico. Por lo dem&aacute;s, no s&eacute; c&oacute;mo puede cerrarse el cap&iacute;tulo de los ominosos y triunfales a&ntilde;os nacionalcat&oacute;licos &ndash;los de Franco bajo palio&ndash; sin pensar en apear del callejero a tanto jerarca eclesial como entonces ascendi&oacute; a &eacute;l. Sab&iacute;amos, s&iacute;, que intelectuales como la alcaldesa de Pamplona no condenan as&iacute; como as&iacute; hechos acaecidos cuando ellos todav&iacute;a no hab&iacute;an nacido, menos si se trata hechos luctuosos ocurridos en su propio ayuntamiento. Con su protesta por la sentencia que obliga a alg&uacute;n cambio en parte del callejero nacionalcat&oacute;lico tenemos la confirmaci&oacute;n, bien de lo anterior, bien de la ignorancia hist&oacute;rica de nuestra intelectualidad. Lo otro que llama la atenci&oacute;n en su protesta es que alguien tan poco proclive a considerar los hechos reprobables del pasado apele a la &eacute;tica para protestar. &iquest;De qu&eacute; o desde qu&eacute; &eacute;tica nos habla? No ser&aacute; desde la &eacute;tica que deb&iacute;a haberle llevado a impulsar la restituci&oacute;n del nombre y la dignidad de algunos mun&iacute;cipes fusilados, recordados en letra min&uacute;scula a su pesar. Ser&aacute; entonces desde la antiqu&iacute;sima acepci&oacute;n de &ldquo;&eacute;tica&rdquo; por la que lo bueno y lo justo es la costumbre inmemorial del lugar. Y el lugar ser&aacute; aquella Navarra imperecedera, en forma de nueva Covadonga insurgente, llamada a arrojar al abismo a los sarracenos de ayer y de hoy. Ser&aacute; desde la &eacute;tica de esa misma Covadonga recalcitrante y reinsurgente.<\/p>\n<div align=\"right\">Publicado en <a href=\"http:\/\/www.noticiasdenavarra.com\/ediciones\/2008\/02\/22\/opinion\/contra.php\" target=\"blank\">Diario de Noticias<\/a><img class=\"lazyload\" decoding=\"async\" align=\"right\" alt=\"dn\" src=\"data:image\/gif;base64,R0lGODlhAQABAAAAACH5BAEKAAEALAAAAAABAAEAAAICTAEAOw==\" data-orig-src=\"https:\/\/www.edder.org\/images\/dn.gif\" title=\"dn\" \/><\/div>\n<p><img class=\"lazyload\" decoding=\"async\" alt=\"marcas\" src=\"data:image\/gif;base64,R0lGODlhAQABAAAAACH5BAEKAAEALAAAAAABAAEAAAICTAEAOw==\" data-orig-src=\"https:\/\/www.edder.org\/images\/marcas.gif\" \/><\/p>\n","protected":false},"excerpt":{"rendered":"<p>De la protesta de la se&ntilde;ora Barcina por la sentencia que insta a cambiar el nombre de algunas calles de la &eacute;poca franquista me llaman la atenci&oacute;n dos cosas. La primera es la bendita y santa ignorancia de que hace gala quien protesta. A intelectuales como Barcina no se les presupone la ignorancia; pero, descartada la mala fe, habr&aacute; que concluir que viven en ella. &iquest;Desconoce la se&ntilde;ora Barcina la m&iacute;stica de los reg&iacute;menes totalitarios por la que la exaltaci&oacute;n de los ca&iacute;dos es parte vital de la proyecci&oacute;n del r&eacute;gimen? Se ve que la desconoce y, en consecuencia, se queda at&oacute;nita cuando alguien insiste en cerrar tan ominoso cap&iacute;tulo hist&oacute;rico. Por lo dem&aacute;s, no s&eacute; c&oacute;mo puede cerrarse el cap&iacute;tulo de los ominosos y triunfales a&ntilde;os  [&#8230;]<\/p>\n","protected":false},"author":82,"featured_media":0,"comment_status":"open","ping_status":"open","sticky":false,"template":"","format":"standard","meta":{"jetpack_post_was_ever_published":false,"_jetpack_newsletter_access":"","_jetpack_dont_email_post_to_subs":false,"_jetpack_newsletter_tier_id":0,"_jetpack_memberships_contains_paywalled_content":false,"_jetpack_memberships_contains_paid_content":false,"footnotes":"","jetpack_publicize_message":"","jetpack_publicize_feature_enabled":true,"jetpack_social_post_already_shared":false,"jetpack_social_options":{"image_generator_settings":{"template":"highway","default_image_id":0,"font":"","enabled":false},"version":2}},"categories":[3],"tags":[],"class_list":["post-137","post","type-post","status-publish","format-standard","hentry","category-na"],"jetpack_publicize_connections":[],"jetpack_featured_media_url":"","jetpack_shortlink":"https:\/\/wp.me\/p6kHv-2d","jetpack_sharing_enabled":true,"jetpack-related-posts":[{"id":385,"url":"https:\/\/www.edder.org\/?p=385","url_meta":{"origin":137,"position":0},"title":"Grandeza de un miserable llamado Odiseo","author":"Eder","date":"viernes, 15 May, 2009","format":false,"excerpt":"Cuando oigo a la se\u00f1ora Barcina (que tan favorecida sali\u00f3 ayer en la \u00faltima p\u00e1gina de El Pa\u00eds: \u201ccat\u00f3lica practicante sin exagerar\u201d, se dec\u00eda ella misma \u2013nada que ver con el nacionalcatolicismo de anta\u00f1o: aquel que bautizaba las calles de Pamplona con nombres de nuncios y pont\u00edfices vaticanos, aunque hoy\u2026","rel":"","context":"En \u00abNA\u00bb","block_context":{"text":"NA","link":"https:\/\/www.edder.org\/?cat=3"},"img":{"alt_text":"","src":"","width":0,"height":0},"classes":[]},{"id":202,"url":"https:\/\/www.edder.org\/?p=202","url_meta":{"origin":137,"position":1},"title":"Nuestra Alaska particular","author":"Eder","date":"viernes, 14 Nov, 2008","format":false,"excerpt":"Tiene sentido relacionar a la difunta se\u00f1ora Palin, cuya vida se prolongue por muchos a\u00f1os, con la se\u00f1ora Barcina, que es de temer nos gobierne por lustros, menos por m\u00e9rito propio que por dem\u00e9rito ajeno. Al cabo, el coche oficial de la se\u00f1ora Barcina, siempre bien dispuesta en la promoci\u00f3n\u2026","rel":"","context":"En \u00abNA\u00bb","block_context":{"text":"NA","link":"https:\/\/www.edder.org\/?cat=3"},"img":{"alt_text":"","src":"","width":0,"height":0},"classes":[]},{"id":11748,"url":"https:\/\/www.edder.org\/?p=11748","url_meta":{"origin":137,"position":2},"title":"El \u00abmaestro\u00bb Carlos Herrera inspira a Barcina","author":"Eder","date":"martes, 9 Jun, 2015","format":false,"excerpt":"El locutor radiof\u00f3nico Carlos Herrera inspira a la catedr\u00e1tica de Bromat\u00f3log\u00eda Yolanda Barcina. D\u00edas despu\u00e9s de o\u00edr al \u00abmaestro\u00bb en un acto organizado por un think tank del PP, Barcina repetir\u00eda en TVE como un lorito lo dicho por Herrera en Pamplona, la tarde de gloria torera del 12 de\u2026","rel":"","context":"En \u00abNA\u00bb","block_context":{"text":"NA","link":"https:\/\/www.edder.org\/?cat=3"},"img":{"alt_text":"","src":"https:\/\/i0.wp.com\/www.edder.org\/upload\/2015\/06\/Screen-Shot-2015-06-09-at-22.48.46.png?resize=350%2C200&ssl=1","width":350,"height":200,"srcset":"https:\/\/i0.wp.com\/www.edder.org\/upload\/2015\/06\/Screen-Shot-2015-06-09-at-22.48.46.png?resize=350%2C200&ssl=1 1x, https:\/\/i0.wp.com\/www.edder.org\/upload\/2015\/06\/Screen-Shot-2015-06-09-at-22.48.46.png?resize=525%2C300&ssl=1 1.5x, https:\/\/i0.wp.com\/www.edder.org\/upload\/2015\/06\/Screen-Shot-2015-06-09-at-22.48.46.png?resize=700%2C400&ssl=1 2x"},"classes":[]},{"id":560,"url":"https:\/\/www.edder.org\/?p=560","url_meta":{"origin":137,"position":3},"title":"P&#8217;alante y p&#8217;atr\u00e1s","author":"Eder","date":"viernes, 8 Ene, 2010","format":false,"excerpt":"Seg\u00fan consta en la grabaci\u00f3n que por pura casualidad hice, y que conservo por tener una prueba que me confirme no haberlo so\u00f1ado, el pasado s\u00e1bado, d\u00eda dos de enero del a\u00f1o primero de la segunda d\u00e9cada del siglo XXI, a las veintiuna horas y cuarenta minutos, en una de\u2026","rel":"","context":"En \u00abNA\u00bb","block_context":{"text":"NA","link":"https:\/\/www.edder.org\/?cat=3"},"img":{"alt_text":"","src":"","width":0,"height":0},"classes":[]},{"id":345,"url":"https:\/\/www.edder.org\/?p=345","url_meta":{"origin":137,"position":4},"title":"Para gente sin complejos","author":"Eder","date":"s\u00e1bado, 25 Abr, 2009","format":false,"excerpt":"Seguro que tanto Salaberri y todo junto no ser\u00e1 m\u00e1s que una casualidad. Salaberri en el Museo Oteiza. Salaberri en las paredes del ampliado y redecorado despacho que Miguel Sanz legar\u00e1 a Barcina \u2013\u00bfcrisis?, \u00bfqu\u00e9 crisis?\u2013. Salaberri en el proyecto del Ayuntamiento de Pamplona para mostrar a la parroquia el\u2026","rel":"","context":"En \u00abNA\u00bb","block_context":{"text":"NA","link":"https:\/\/www.edder.org\/?cat=3"},"img":{"alt_text":"","src":"","width":0,"height":0},"classes":[]},{"id":718,"url":"https:\/\/www.edder.org\/?p=718","url_meta":{"origin":137,"position":5},"title":"Lo que les d\u00e9 la gana","author":"Eder","date":"viernes, 4 Jun, 2010","format":false,"excerpt":"Nunca un editorialista ha sido m\u00e1s claro que aquel que el 1 de agosto de 1936, tras referirse en la primera plana del primer peri\u00f3dico navarro al congreso \u2013obviamente suspendido\u2013 que la Sociedad de Estudios Vascos ten\u00eda programado en Estella para el mes siguiente, apostillaba o \u201capuntillaba\u201d: \u201cEn septiembre se\u2026","rel":"","context":"En \u00abNA\u00bb","block_context":{"text":"NA","link":"https:\/\/www.edder.org\/?cat=3"},"img":{"alt_text":"","src":"","width":0,"height":0},"classes":[]}],"jetpack_likes_enabled":true,"_links":{"self":[{"href":"https:\/\/www.edder.org\/index.php?rest_route=\/wp\/v2\/posts\/137","targetHints":{"allow":["GET"]}}],"collection":[{"href":"https:\/\/www.edder.org\/index.php?rest_route=\/wp\/v2\/posts"}],"about":[{"href":"https:\/\/www.edder.org\/index.php?rest_route=\/wp\/v2\/types\/post"}],"author":[{"embeddable":true,"href":"https:\/\/www.edder.org\/index.php?rest_route=\/wp\/v2\/users\/82"}],"replies":[{"embeddable":true,"href":"https:\/\/www.edder.org\/index.php?rest_route=%2Fwp%2Fv2%2Fcomments&post=137"}],"version-history":[{"count":0,"href":"https:\/\/www.edder.org\/index.php?rest_route=\/wp\/v2\/posts\/137\/revisions"}],"wp:attachment":[{"href":"https:\/\/www.edder.org\/index.php?rest_route=%2Fwp%2Fv2%2Fmedia&parent=137"}],"wp:term":[{"taxonomy":"category","embeddable":true,"href":"https:\/\/www.edder.org\/index.php?rest_route=%2Fwp%2Fv2%2Fcategories&post=137"},{"taxonomy":"post_tag","embeddable":true,"href":"https:\/\/www.edder.org\/index.php?rest_route=%2Fwp%2Fv2%2Ftags&post=137"}],"curies":[{"name":"wp","href":"https:\/\/api.w.org\/{rel}","templated":true}]}}