{"id":136,"date":"2008-02-15T16:54:34","date_gmt":"2008-02-15T14:54:34","guid":{"rendered":"https:\/\/www.edder.org\/?p=136"},"modified":"2018-07-27T16:38:24","modified_gmt":"2018-07-27T14:38:24","slug":"cosa-navarrorum","status":"publish","type":"post","link":"https:\/\/www.edder.org\/?p=136","title":{"rendered":"Cosa navarrorum"},"content":{"rendered":"<p>Habr\u00e1 cosas que la C\u00e1mara de Comptos no nos puede decir. Tampoco el Parlamento. Ejemplo: \u00bfexist\u00eda alguna relaci\u00f3n de parentesco entre el comisario de la exposici\u00f3n <em>Navarra, un futuro entre todos<\/em> y la que fuera directora de la oficina del comisario? Que existiera o no tal relaci\u00f3n tiene un inter\u00e9s menor, es lo de menos pol\u00edtica y econ\u00f3micamente hablando: no hablamos m\u00e1s que de la fundici\u00f3n de 60.000 euros en un procedimiento viciado desde el origen y con un coste final para el contribuyente cercano a los 4 millones; pero, alg\u00fan inter\u00e9s tiene, siquiera sea sociol\u00f3gico, \u201cmedioambiental\u201d, \u201cantropol\u00f3gico\u201d. Igualmente no es de gran inter\u00e9s saber de qu\u00e9 manera el vicio de origen en el procedimiento gubernamental \u2013vicio por el que el Gobierno de UPN, Sodena mediante, encarg\u00f3 a la hasta entonces in\u00e9dita e ins\u00f3lita Fundaci\u00f3n Arte Viva Navarra la organizaci\u00f3n de aquella exposici\u00f3n de autobombo partidista\u2013, terminar\u00eda de la familiar y endog\u00e1mica manera que es p\u00fablica y notoria: a saber, con el insigne arquitecto don Jos\u00e9 <em>Pucho<\/em> Vallejo \u2013entre otras relevantes autoridades del mundo de la construcci\u00f3n\u2013, a la saz\u00f3n marido de la vicepresidenta del partido gobernante y alcaldesa de Pamplona, en el patronato navarro de esa fundaci\u00f3n \u2013de tanto cr\u00e9dito y predicamento en Brasil\u2013 que efectivamente fundi\u00f3 y con qu\u00e9 solvencia el efectivo contado ahora por Comptos. Comptos dir\u00e1 y con raz\u00f3n que falt\u00f3 patrocinio, fuese por imprevisi\u00f3n gubernamental, por prisa propagand\u00edstica o por ambas cosas. Lo que a todas luces no falt\u00f3 es patronato. Ni falt\u00f3 patronato ni patronazgo. Para muestra, un bot\u00f3n: apadrinado por quien ni Comptos ni el Parlamento entrar\u00e1n a dilucidar, el se\u00f1or Vallejo amaneci\u00f3 patrono, igual que Arbeloa \u2013esa bocina moral y martillo de progres\u2013 se despert\u00f3 con lo puesto, un puesto y un presupuesto que, insisto, es lo de menos, aunque alg\u00fan inter\u00e9s tiene para la sociolog\u00eda, el \u201cmedioambiente\u201d o la \u201cantropolog\u00eda\u201d de la cosa nuestra, la cosa foral, la cosa <em>navarrorum<\/em>.<\/p>\n<div align=\"right\">Publicado en <a target=\"blank\" href=\"http:\/\/www.noticiasdenavarra.com\/ediciones\/2008\/02\/15\/opinion\/contra.php\">Diario de Noticias<\/a><img class=\"lazyload\" decoding=\"async\" align=\"right\" title=\"dn\" alt=\"dn\" src=\"data:image\/gif;base64,R0lGODlhAQABAAAAACH5BAEKAAEALAAAAAABAAEAAAICTAEAOw==\" data-orig-src=\"https:\/\/www.edder.org\/images\/dn.gif\" \/><\/div>\n<p><img class=\"lazyload\" decoding=\"async\" src=\"data:image\/gif;base64,R0lGODlhAQABAAAAACH5BAEKAAEALAAAAAABAAEAAAICTAEAOw==\" data-orig-src=\"https:\/\/www.edder.org\/images\/marcas.gif\" alt=\"marcas\" \/><\/p>\n","protected":false},"excerpt":{"rendered":"<p>Habr\u00e1 cosas que la C\u00e1mara de Comptos no nos puede decir. Tampoco el Parlamento. Ejemplo: \u00bfexist\u00eda alguna relaci\u00f3n de parentesco entre el comisario de la exposici\u00f3n Navarra, un futuro entre todos y la que fuera directora de la oficina del comisario? Que existiera o no tal relaci\u00f3n tiene un inter\u00e9s menor, es lo de menos pol\u00edtica y econ\u00f3micamente hablando: no hablamos m\u00e1s que de la fundici\u00f3n de 60.000 euros en un procedimiento viciado desde el origen y con un coste final para el contribuyente cercano a los 4 millones; pero, alg\u00fan inter\u00e9s tiene, siquiera sea sociol\u00f3gico, \u201cmedioambiental\u201d, \u201cantropol\u00f3gico\u201d. Igualmente no es de gran inter\u00e9s saber de qu\u00e9 manera el vicio de origen en el procedimiento gubernamental \u2013vicio por el que el Gobierno de UPN, Sodena mediante, encarg\u00f3  [&#8230;]<\/p>\n","protected":false},"author":82,"featured_media":0,"comment_status":"open","ping_status":"open","sticky":false,"template":"","format":"standard","meta":{"jetpack_post_was_ever_published":false,"_jetpack_newsletter_access":"","_jetpack_dont_email_post_to_subs":false,"_jetpack_newsletter_tier_id":0,"_jetpack_memberships_contains_paywalled_content":false,"_jetpack_memberships_contains_paid_content":false,"footnotes":"","jetpack_publicize_message":"","jetpack_publicize_feature_enabled":true,"jetpack_social_post_already_shared":false,"jetpack_social_options":{"image_generator_settings":{"template":"highway","default_image_id":0,"font":"","enabled":false},"version":2}},"categories":[3],"tags":[],"class_list":["post-136","post","type-post","status-publish","format-standard","hentry","category-na"],"jetpack_publicize_connections":[],"jetpack_featured_media_url":"","jetpack_shortlink":"https:\/\/wp.me\/p6kHv-2c","jetpack_sharing_enabled":true,"jetpack-related-posts":[{"id":182,"url":"https:\/\/www.edder.org\/?p=182","url_meta":{"origin":136,"position":0},"title":"Por el inter\u00e9s, Andr\u00e9s","author":"Eder","date":"viernes, 3 Oct, 2008","format":false,"excerpt":"La decepci\u00f3n amorosa que debi\u00f3 de llevarse antesdeayer, en el juzgado, el ex senador navarro L\u00f3pez Border\u00edas tuvo que ser morrocotuda. Si hay que creer lo dicho en el juzgado, siendo senador, este se\u00f1or ofreci\u00f3 a alguien interesado en montar un h\u00edper en Bara\u00f1ain los servicios de su empresa para\u2026","rel":"","context":"En \u00abNA\u00bb","block_context":{"text":"NA","link":"https:\/\/www.edder.org\/?cat=3"},"img":{"alt_text":"","src":"","width":0,"height":0},"classes":[]},{"id":83,"url":"https:\/\/www.edder.org\/?p=83","url_meta":{"origin":136,"position":1},"title":"Lo que pierden los poetas","author":"Eder","date":"viernes, 9 Feb, 2007","format":false,"excerpt":"Se fue la magna exposici\u00f3n del comisario Arbeloa \u2013la de los quinientos millones de pesetas\u2013 y no han llegado las charlas del magno congreso barojiano que dirigir\u00e1 Ram\u00f3n Tamames, otro desertor de la izquierda que hoy da curso a sus furias en los medios de la derecha asilvestrada \u2013la de\u2026","rel":"","context":"En \u00abNA\u00bb","block_context":{"text":"NA","link":"https:\/\/www.edder.org\/?cat=3"},"img":{"alt_text":"","src":"","width":0,"height":0},"classes":[]},{"id":206,"url":"https:\/\/www.edder.org\/?p=206","url_meta":{"origin":136,"position":2},"title":"Arqueolog\u00eda","author":"Eder","date":"viernes, 28 Nov, 2008","format":false,"excerpt":"Cuando quiera es tarde para hacer una magna exposici\u00f3n arqueol\u00f3gica sobre la antiqu\u00edsima se\u00f1ora llamada a conducir los destinos de las derechas navarras, si nadie lo remedia. \u00bfQue qui\u00e9n podr\u00eda remediarlo? Seguramente nadie. Quiz\u00e1 Sanz pueda hacer un intento de poner coto a la desbordada vocaci\u00f3n de esa arqueol\u00f3gica se\u00f1ora\u2026","rel":"","context":"En \u00abNA\u00bb","block_context":{"text":"NA","link":"https:\/\/www.edder.org\/?cat=3"},"img":{"alt_text":"","src":"","width":0,"height":0},"classes":[]},{"id":139,"url":"https:\/\/www.edder.org\/?p=139","url_meta":{"origin":136,"position":3},"title":"Por preguntar","author":"Eder","date":"viernes, 7 Mar, 2008","format":false,"excerpt":"Hubo carta del Gobierno de Navarra. \u201cEl d\u00eda 19 abrimos las puertas del nuevo centro de urgencias Solchaga\u201d. \u00bfNuevo centro de urgencias Solchaga? \u00bfEs el viejo ambulatorio al que en el sitio web del Ayuntamiento de Pamplona se sigue llamando General Solchaga? \u00bfHay nueva denominaci\u00f3n oficial? Si as\u00ed fuera, \u00bfcu\u00e1ndo\u2026","rel":"","context":"En \u00abNA\u00bb","block_context":{"text":"NA","link":"https:\/\/www.edder.org\/?cat=3"},"img":{"alt_text":"","src":"","width":0,"height":0},"classes":[]},{"id":330,"url":"https:\/\/www.edder.org\/?p=330","url_meta":{"origin":136,"position":4},"title":"El arte entre los doctores","author":"Eder","date":"viernes, 27 Mar, 2009","format":false,"excerpt":"Soy uno de los exc\u00e9ntricos que el otro mi\u00e9rcoles tir\u00f3 la tarde por la ventana con la lectura del Plan Global de Fomento y Desarrollo del Arte Contempor\u00e1neo en Navarra, plan en dos quinquenios que el consejero del ramo solt\u00f3 en el Parlamento sin que nadie rechistara \u2013nadie, nadie, que\u2026","rel":"","context":"En \u00abNA\u00bb","block_context":{"text":"NA","link":"https:\/\/www.edder.org\/?cat=3"},"img":{"alt_text":"","src":"","width":0,"height":0},"classes":[]},{"id":98,"url":"https:\/\/www.edder.org\/?p=98","url_meta":{"origin":136,"position":5},"title":"Haciendo Historia (o no)","author":"Eder","date":"viernes, 4 May, 2007","format":false,"excerpt":"Pues nada: que si a esta hora hemos hecho Historia, divinamente, en el Olimpo; y si no, otro siglo ser\u00e1 \u2013no preocuparse: la Historia es larga\u2013. Por mi parte, no tendr\u00eda mucho m\u00e1s que declarar. Ya le dije a quien me pidi\u00f3 que escribiera hoy \u2013ayer\u2013 de Osasuna que de\u2026","rel":"","context":"En \u00abNA\u00bb","block_context":{"text":"NA","link":"https:\/\/www.edder.org\/?cat=3"},"img":{"alt_text":"","src":"","width":0,"height":0},"classes":[]}],"jetpack_likes_enabled":true,"_links":{"self":[{"href":"https:\/\/www.edder.org\/index.php?rest_route=\/wp\/v2\/posts\/136","targetHints":{"allow":["GET"]}}],"collection":[{"href":"https:\/\/www.edder.org\/index.php?rest_route=\/wp\/v2\/posts"}],"about":[{"href":"https:\/\/www.edder.org\/index.php?rest_route=\/wp\/v2\/types\/post"}],"author":[{"embeddable":true,"href":"https:\/\/www.edder.org\/index.php?rest_route=\/wp\/v2\/users\/82"}],"replies":[{"embeddable":true,"href":"https:\/\/www.edder.org\/index.php?rest_route=%2Fwp%2Fv2%2Fcomments&post=136"}],"version-history":[{"count":0,"href":"https:\/\/www.edder.org\/index.php?rest_route=\/wp\/v2\/posts\/136\/revisions"}],"wp:attachment":[{"href":"https:\/\/www.edder.org\/index.php?rest_route=%2Fwp%2Fv2%2Fmedia&parent=136"}],"wp:term":[{"taxonomy":"category","embeddable":true,"href":"https:\/\/www.edder.org\/index.php?rest_route=%2Fwp%2Fv2%2Fcategories&post=136"},{"taxonomy":"post_tag","embeddable":true,"href":"https:\/\/www.edder.org\/index.php?rest_route=%2Fwp%2Fv2%2Ftags&post=136"}],"curies":[{"name":"wp","href":"https:\/\/api.w.org\/{rel}","templated":true}]}}