{"id":135,"date":"2008-02-08T19:16:38","date_gmt":"2008-02-08T17:16:38","guid":{"rendered":"https:\/\/www.edder.org\/?p=135"},"modified":"2018-07-27T16:38:24","modified_gmt":"2018-07-27T14:38:24","slug":"razones-para-descreer","status":"publish","type":"post","link":"https:\/\/www.edder.org\/?p=135","title":{"rendered":"Razones para descreer"},"content":{"rendered":"<p>En principio no habr\u00eda por qu\u00e9 descartar la hip\u00f3tesis de que la Conferencia Episcopal Espa\u00f1ola \u2013esa caricatura de una jerarqu\u00eda eclesial campeando por los que no son sus dominios\u2013 fuese otro invento del Gobierno para perpetuarse entre los elegidos. A falta de una rotunda cuenta de resultados pol\u00edticos, nada mejor que un buen enemigo com\u00fan, y no digamos ya si \u00e9ste se presenta en forma caricaturesca. Tal es el papel que, proprio motu o por encargo del Gobierno, interpretan los obispos, encantados de haberse conocido. Claro que tan conspirativa hip\u00f3tesis queda descartada desde el momento en que el partido del Gobierno ha adoptado para la campa\u00f1a electoral un lema que lo sit\u00faa m\u00e1s del lado del apostolado eclesial que frente a \u00e9l: \u201cRazones para creer\u201d, valga la contradicci\u00f3n en sus t\u00e9rminos, puesto que los dominios de la raz\u00f3n suelen ser antag\u00f3nicos de los de la fe. Creo que fue un obispo \u2013uno de Hipona\u2013 el que advirti\u00f3 que los eclesi\u00e1sticos no s\u00f3lo son por lo regular gente con las mismas debilidades de cualquiera, sino que  pueden  ser y son tan mala gente como el que m\u00e1s. No tienen el oficio \u2013a\u00f1ad\u00eda\u2013 porque sean dignos: son dignos porque tienen el oficio. Con ese lema no lejano al pastoreo de votos, el partido que aspira a renovar en el Gobierno se sit\u00faa en una dignidad de ra\u00edz eclesial, intr\u00ednseca al oficio, que no necesita demostraci\u00f3n, s\u00f3lo fe. Y si la dignidad se le presupone al pol\u00edtico por el hecho de serlo, entonces, en efecto, no queda m\u00e1s que creer ciegamente en \u00e9l, as\u00ed que haga el rid\u00edculo o clame como cualquier mal bicho por la higiene y buenas costumbres de los emigrantes. De ser as\u00ed las cosas, todo dignatario de una u otra confesi\u00f3n, de uno u otro partido, por el hecho de serlo tiene igual dignidad y merece el mismo derecho a que se crea en \u00e9l, se haya ganado o no el respeto de la parroquia. Adi\u00f3s al reino de los justos en la Tierra. Bienvenidos a la ciudad de Dios, donde nadie puede negar autoridad a los pastores, lo sean de almas, de conciencias o de votos.<\/p>\n<div align=\"right\">Publicado en <a target=\"blank\" href=\"http:\/\/www.noticiasdenavarra.com\/ediciones\/2008\/02\/08\/opinion\/contra.php\">Diario de Noticias<\/a><img class=\"lazyload\" decoding=\"async\" align=\"right\" title=\"dn\" alt=\"dn\" src=\"data:image\/gif;base64,R0lGODlhAQABAAAAACH5BAEKAAEALAAAAAABAAEAAAICTAEAOw==\" data-orig-src=\"https:\/\/www.edder.org\/images\/dn.gif\" \/><\/div>\n<p><img class=\"lazyload\" decoding=\"async\" src=\"data:image\/gif;base64,R0lGODlhAQABAAAAACH5BAEKAAEALAAAAAABAAEAAAICTAEAOw==\" data-orig-src=\"https:\/\/www.edder.org\/images\/marcas.gif\" alt=\"marcas\" \/><\/p>\n","protected":false},"excerpt":{"rendered":"<p>En principio no habr\u00eda por qu\u00e9 descartar la hip\u00f3tesis de que la Conferencia Episcopal Espa\u00f1ola \u2013esa caricatura de una jerarqu\u00eda eclesial campeando por los que no son sus dominios\u2013 fuese otro invento del Gobierno para perpetuarse entre los elegidos. A falta de una rotunda cuenta de resultados pol\u00edticos, nada mejor que un buen enemigo com\u00fan, y no digamos ya si \u00e9ste se presenta en forma caricaturesca. Tal es el papel que, proprio motu o por encargo del Gobierno, interpretan los obispos, encantados de haberse conocido. Claro que tan conspirativa hip\u00f3tesis queda descartada desde el momento en que el partido del Gobierno ha adoptado para la campa\u00f1a electoral un lema que lo sit\u00faa m\u00e1s del lado del apostolado eclesial que frente a \u00e9l: \u201cRazones para creer\u201d, valga la  [&#8230;]<\/p>\n","protected":false},"author":82,"featured_media":0,"comment_status":"open","ping_status":"open","sticky":false,"template":"","format":"standard","meta":{"jetpack_post_was_ever_published":false,"_jetpack_newsletter_access":"","_jetpack_dont_email_post_to_subs":false,"_jetpack_newsletter_tier_id":0,"_jetpack_memberships_contains_paywalled_content":false,"_jetpack_memberships_contains_paid_content":false,"footnotes":"","jetpack_publicize_message":"","jetpack_publicize_feature_enabled":true,"jetpack_social_post_already_shared":false,"jetpack_social_options":{"image_generator_settings":{"template":"highway","default_image_id":0,"font":"","enabled":false},"version":2}},"categories":[3],"tags":[],"class_list":["post-135","post","type-post","status-publish","format-standard","hentry","category-na"],"jetpack_publicize_connections":[],"jetpack_featured_media_url":"","jetpack_shortlink":"https:\/\/wp.me\/p6kHv-2b","jetpack_sharing_enabled":true,"jetpack-related-posts":[{"id":12626,"url":"https:\/\/www.edder.org\/?p=12626","url_meta":{"origin":135,"position":0},"title":"\u00a1Tomad quina Santa Cope\u00edna!","author":"Eder","date":"viernes, 4 Dic, 2015","format":false,"excerpt":"\u00bfQuer\u00edamos laicismo? \u00a1Pues tomemos del frasco y por partida doble! El Gobierno navarro bandeando y en la procesi\u00f3n en el d\u00eda del santo patr\u00f3n. En la misa de Javier \u2013all\u00e1 fueron raudos los consejeros de Cultura y Derechos Sociales\u2013, como es sacrosanta tradici\u00f3n desde lo menos la transici\u00f3n, y en\u2026","rel":"","context":"En \u00abNA\u00bb","block_context":{"text":"NA","link":"https:\/\/www.edder.org\/?cat=3"},"img":{"alt_text":"","src":"https:\/\/i0.wp.com\/www.edder.org\/upload\/2015\/12\/ima1.jpg?resize=350%2C200&ssl=1","width":350,"height":200},"classes":[]},{"id":69,"url":"https:\/\/www.edder.org\/?p=69","url_meta":{"origin":135,"position":1},"title":"En sus trece","author":"Eder","date":"viernes, 3 Nov, 2006","format":false,"excerpt":"Si la hay, la oposici\u00f3n debe apresurarse a solicitar el inmediato ingreso del portavoz del Gobierno en el patronato de la Fundaci\u00f3n Arte Viva. En tan molusca fundaci\u00f3n, iba a estar en su salsa y en la m\u00e1s grata de las compa\u00f1\u00edas. La higa ???no de Monreal, sino el desprecio,\u2026","rel":"","context":"En \u00abNA\u00bb","block_context":{"text":"NA","link":"https:\/\/www.edder.org\/?cat=3"},"img":{"alt_text":"","src":"","width":0,"height":0},"classes":[]},{"id":113,"url":"https:\/\/www.edder.org\/?p=113","url_meta":{"origin":135,"position":2},"title":"Fariseos, filisteos, fide\u00edstas y fun\u00e1mbulos","author":"Eder","date":"viernes, 12 Oct, 2007","format":false,"excerpt":"","rel":"","context":"En \u00abNA\u00bb","block_context":{"text":"NA","link":"https:\/\/www.edder.org\/?cat=3"},"img":{"alt_text":"","src":"","width":0,"height":0},"classes":[]},{"id":27,"url":"https:\/\/www.edder.org\/?p=27","url_meta":{"origin":135,"position":3},"title":"Cuentas claras, cristianos viejos","author":"Eder","date":"viernes, 18 Nov, 2005","format":false,"excerpt":"O sea que la Iglesia cat\u00f3lica es incapaz de financiarse, un cuarto de siglo despu\u00e9s de comprometerse a ello. Pero eso ser\u00e1 ???pertenencia de la feligres\u00eda a la cofrad\u00eda del pu\u00f1o prieto aparte??? porque de los beneficios obtenidos en operaciones financiero-inmobiliarias de tanta envergadura como la de Agustinos, los pobres\u2026","rel":"","context":"En \u00abNA\u00bb","block_context":{"text":"NA","link":"https:\/\/www.edder.org\/?cat=3"},"img":{"alt_text":"","src":"","width":0,"height":0},"classes":[]},{"id":495,"url":"https:\/\/www.edder.org\/?p=495","url_meta":{"origin":135,"position":4},"title":"Imperio","author":"Eder","date":"viernes, 23 Oct, 2009","format":false,"excerpt":"","rel":"","context":"En \u00abNA\u00bb","block_context":{"text":"NA","link":"https:\/\/www.edder.org\/?cat=3"},"img":{"alt_text":"","src":"","width":0,"height":0},"classes":[]},{"id":1796,"url":"https:\/\/www.edder.org\/?p=1796","url_meta":{"origin":135,"position":5},"title":"Dios afeite a la reina","author":"Eder","date":"viernes, 29 Abr, 2011","format":false,"excerpt":"","rel":"","context":"En \u00abSin categorizar\u00bb","block_context":{"text":"Sin categorizar","link":"https:\/\/www.edder.org\/?cat=1"},"img":{"alt_text":"","src":"https:\/\/i0.wp.com\/edder.org\/images\/boda.jpg?resize=350%2C200","width":350,"height":200,"srcset":"https:\/\/i0.wp.com\/edder.org\/images\/boda.jpg?resize=350%2C200 1x, https:\/\/i0.wp.com\/edder.org\/images\/boda.jpg?resize=525%2C300 1.5x"},"classes":[]}],"jetpack_likes_enabled":true,"_links":{"self":[{"href":"https:\/\/www.edder.org\/index.php?rest_route=\/wp\/v2\/posts\/135","targetHints":{"allow":["GET"]}}],"collection":[{"href":"https:\/\/www.edder.org\/index.php?rest_route=\/wp\/v2\/posts"}],"about":[{"href":"https:\/\/www.edder.org\/index.php?rest_route=\/wp\/v2\/types\/post"}],"author":[{"embeddable":true,"href":"https:\/\/www.edder.org\/index.php?rest_route=\/wp\/v2\/users\/82"}],"replies":[{"embeddable":true,"href":"https:\/\/www.edder.org\/index.php?rest_route=%2Fwp%2Fv2%2Fcomments&post=135"}],"version-history":[{"count":0,"href":"https:\/\/www.edder.org\/index.php?rest_route=\/wp\/v2\/posts\/135\/revisions"}],"wp:attachment":[{"href":"https:\/\/www.edder.org\/index.php?rest_route=%2Fwp%2Fv2%2Fmedia&parent=135"}],"wp:term":[{"taxonomy":"category","embeddable":true,"href":"https:\/\/www.edder.org\/index.php?rest_route=%2Fwp%2Fv2%2Fcategories&post=135"},{"taxonomy":"post_tag","embeddable":true,"href":"https:\/\/www.edder.org\/index.php?rest_route=%2Fwp%2Fv2%2Ftags&post=135"}],"curies":[{"name":"wp","href":"https:\/\/api.w.org\/{rel}","templated":true}]}}