{"id":134,"date":"2008-02-01T07:06:16","date_gmt":"2008-02-01T05:06:16","guid":{"rendered":"https:\/\/www.edder.org\/?p=134"},"modified":"2018-07-27T16:38:25","modified_gmt":"2018-07-27T14:38:25","slug":"normalidad","status":"publish","type":"post","link":"https:\/\/www.edder.org\/?p=134","title":{"rendered":"Normalidad"},"content":{"rendered":"<p>Entre los t\u00f3picos cuyo significado resulta misterio, aparte de \u2018friqui\u2019 y \u2018trasversal\u2019, est\u00e1 \u2018normalizar\u2019. Normalizar lo us\u00f3 con profusi\u00f3n esta semana la presidenta del Parlamento Navarro, seg\u00fan la que, en su balance de lo que va de legislatura, la normalidad detectada \u2013vaya usted a saber con qu\u00e9 detector\u2013 es el reflejo de la estabilidad institucional que impera \u2013nunca mejor dicho\u2013 en Navarra; estabilidad que ha permitido un di\u00e1logo normalizado del Gobierno en minor\u00eda con los grupos de la oposici\u00f3n. Traducci\u00f3n: la vida sigue igual y el Gobierno conservador campea por sus imperios merced a la connivencia con el mismo \u2013gracias a la regular colaboraci\u00f3n o di\u00e1logo normalizado\u2013 del partido de la se\u00f1ora presidenta del Parlamento, al que err\u00f3neamente se presupon\u00eda de oposici\u00f3n. Sin embargo, la tarea de oposici\u00f3n ha sido fren\u00e9tica, seg\u00fan la se\u00f1ora Torres. De ah\u00ed que el Gobierno impere por donde sol\u00eda, con aires no muy distintos a los de legislaturas anteriores. No es de extra\u00f1ar, pues, que, como observ\u00f3 la presidenta, la tarea del parlamentario conservador que ha venido sustituy\u00e9ndola resultara gratificante. Gratificante y, si todo hay que decirlo, gratificada. Lo que no ser\u00eda gratificante, aunque s\u00ed gratificado, es la reciente intervenci\u00f3n parlamentaria de Roberto Jim\u00e9nez en la que \u00e9ste sostuvo que los informes de Amnist\u00eda Internacional atacan a las instituciones democr\u00e1ticas. Por otros lares en los que estar\u00e1n en el error se cre\u00eda e incluso se daba por acreditado lo contrario. Hist\u00f3ricamente, lo que ha atacado a la democr\u00e1tica es la falta de control de los resortes del Gobierno o del Estado y para ejercer ese control estaban los parlamentarios. Quiz\u00e1 eso que ahora llaman vida parlamentaria normalizada les haya puesto a salvo de cumplir tal deber. Se conoce que el deber no pasa ya de hacer los deberes partidistas: de salir a la tribuna o a la palestra para declarar, aun en contra de la evidencia, que todo marcha de acuerdo a la normalidad m\u00e1s normalizada.<\/p>\n<div align=\"right\">Publicado en <a target=\"blank\" href=\"http:\/\/www.noticiasdenavarra.com\/ediciones\/2008\/02\/01\/opinion\/contra.php\">Diario de Noticias<\/a><img class=\"lazyload\" decoding=\"async\" align=\"right\" title=\"dn\" alt=\"dn\" src=\"data:image\/gif;base64,R0lGODlhAQABAAAAACH5BAEKAAEALAAAAAABAAEAAAICTAEAOw==\" data-orig-src=\"https:\/\/www.edder.org\/images\/dn.gif\" \/><\/div>\n<p><img class=\"lazyload\" decoding=\"async\" src=\"data:image\/gif;base64,R0lGODlhAQABAAAAACH5BAEKAAEALAAAAAABAAEAAAICTAEAOw==\" data-orig-src=\"https:\/\/www.edder.org\/images\/marcas.gif\" alt=\"marcas\" \/><\/p>\n","protected":false},"excerpt":{"rendered":"<p>Entre los t\u00f3picos cuyo significado resulta misterio, aparte de \u2018friqui\u2019 y \u2018trasversal\u2019, est\u00e1 \u2018normalizar\u2019. Normalizar lo us\u00f3 con profusi\u00f3n esta semana la presidenta del Parlamento Navarro, seg\u00fan la que, en su balance de lo que va de legislatura, la normalidad detectada \u2013vaya usted a saber con qu\u00e9 detector\u2013 es el reflejo de la estabilidad institucional que impera \u2013nunca mejor dicho\u2013 en Navarra; estabilidad que ha permitido un di\u00e1logo normalizado del Gobierno en minor\u00eda con los grupos de la oposici\u00f3n. Traducci\u00f3n: la vida sigue igual y el Gobierno conservador campea por sus imperios merced a la connivencia con el mismo \u2013gracias a la regular colaboraci\u00f3n o di\u00e1logo normalizado\u2013 del partido de la se\u00f1ora presidenta del Parlamento, al que err\u00f3neamente se presupon\u00eda de oposici\u00f3n. Sin embargo, la tarea de  [&#8230;]<\/p>\n","protected":false},"author":82,"featured_media":0,"comment_status":"open","ping_status":"open","sticky":false,"template":"","format":"standard","meta":{"jetpack_post_was_ever_published":false,"_jetpack_newsletter_access":"","_jetpack_dont_email_post_to_subs":false,"_jetpack_newsletter_tier_id":0,"_jetpack_memberships_contains_paywalled_content":false,"_jetpack_memberships_contains_paid_content":false,"footnotes":"","jetpack_publicize_message":"","jetpack_publicize_feature_enabled":true,"jetpack_social_post_already_shared":false,"jetpack_social_options":{"image_generator_settings":{"template":"highway","default_image_id":0,"font":"","enabled":false},"version":2}},"categories":[3],"tags":[],"class_list":["post-134","post","type-post","status-publish","format-standard","hentry","category-na"],"jetpack_publicize_connections":[],"jetpack_featured_media_url":"","jetpack_shortlink":"https:\/\/wp.me\/p6kHv-2a","jetpack_sharing_enabled":true,"jetpack-related-posts":[{"id":1250,"url":"https:\/\/www.edder.org\/?p=1250","url_meta":{"origin":134,"position":0},"title":"Con quien tanto quer\u00eda","author":"Eder","date":"viernes, 19 Nov, 2010","format":false,"excerpt":"","rel":"","context":"En \u00abLetras\u00bb","block_context":{"text":"Letras","link":"https:\/\/www.edder.org\/?cat=93"},"img":{"alt_text":"","src":"","width":0,"height":0},"classes":[]},{"id":69,"url":"https:\/\/www.edder.org\/?p=69","url_meta":{"origin":134,"position":1},"title":"En sus trece","author":"Eder","date":"viernes, 3 Nov, 2006","format":false,"excerpt":"Si la hay, la oposici\u00f3n debe apresurarse a solicitar el inmediato ingreso del portavoz del Gobierno en el patronato de la Fundaci\u00f3n Arte Viva. En tan molusca fundaci\u00f3n, iba a estar en su salsa y en la m\u00e1s grata de las compa\u00f1\u00edas. La higa ???no de Monreal, sino el desprecio,\u2026","rel":"","context":"En \u00abNA\u00bb","block_context":{"text":"NA","link":"https:\/\/www.edder.org\/?cat=3"},"img":{"alt_text":"","src":"","width":0,"height":0},"classes":[]},{"id":151,"url":"https:\/\/www.edder.org\/?p=151","url_meta":{"origin":134,"position":2},"title":"Distancia","author":"Eder","date":"viernes, 23 May, 2008","format":false,"excerpt":"Dir\u00edase que sinceramente abrumado por el descubrimiento, el consejero de Educaci\u00f3n, en la firma de un convenio divulgativo junto a la presidenta del Parlamento, declaraba el pasado mi\u00e9rcoles que \u201ces sorprendente el desconocimiento y la lejan\u00eda que hay entre los escolares con respecto a las instituciones navarras\u201d. El susto que\u2026","rel":"","context":"En \u00abNA\u00bb","block_context":{"text":"NA","link":"https:\/\/www.edder.org\/?cat=3"},"img":{"alt_text":"","src":"","width":0,"height":0},"classes":[]},{"id":560,"url":"https:\/\/www.edder.org\/?p=560","url_meta":{"origin":134,"position":3},"title":"P&#8217;alante y p&#8217;atr\u00e1s","author":"Eder","date":"viernes, 8 Ene, 2010","format":false,"excerpt":"Seg\u00fan consta en la grabaci\u00f3n que por pura casualidad hice, y que conservo por tener una prueba que me confirme no haberlo so\u00f1ado, el pasado s\u00e1bado, d\u00eda dos de enero del a\u00f1o primero de la segunda d\u00e9cada del siglo XXI, a las veintiuna horas y cuarenta minutos, en una de\u2026","rel":"","context":"En \u00abNA\u00bb","block_context":{"text":"NA","link":"https:\/\/www.edder.org\/?cat=3"},"img":{"alt_text":"","src":"","width":0,"height":0},"classes":[]},{"id":208,"url":"https:\/\/www.edder.org\/?p=208","url_meta":{"origin":134,"position":4},"title":"Tradici\u00f3n","author":"Eder","date":"viernes, 5 Dic, 2008","format":false,"excerpt":"El titular de este peri\u00f3dico lo dec\u00eda todo: \u201cEl Gobierno cumple con el precepto de asistir a la misa en Javier\u201d. En efecto, o\u00edr misa es el primero de los preceptos de la Santa Madre Iglesia. Por descontando que el D\u00eda de Navarra es d\u00eda de mucha fiesta y mucho\u2026","rel":"","context":"En \u00abNA\u00bb","block_context":{"text":"NA","link":"https:\/\/www.edder.org\/?cat=3"},"img":{"alt_text":"","src":"","width":0,"height":0},"classes":[]},{"id":12626,"url":"https:\/\/www.edder.org\/?p=12626","url_meta":{"origin":134,"position":5},"title":"\u00a1Tomad quina Santa Cope\u00edna!","author":"Eder","date":"viernes, 4 Dic, 2015","format":false,"excerpt":"\u00bfQuer\u00edamos laicismo? \u00a1Pues tomemos del frasco y por partida doble! El Gobierno navarro bandeando y en la procesi\u00f3n en el d\u00eda del santo patr\u00f3n. En la misa de Javier \u2013all\u00e1 fueron raudos los consejeros de Cultura y Derechos Sociales\u2013, como es sacrosanta tradici\u00f3n desde lo menos la transici\u00f3n, y en\u2026","rel":"","context":"En \u00abNA\u00bb","block_context":{"text":"NA","link":"https:\/\/www.edder.org\/?cat=3"},"img":{"alt_text":"","src":"https:\/\/i0.wp.com\/www.edder.org\/upload\/2015\/12\/ima1.jpg?resize=350%2C200&ssl=1","width":350,"height":200},"classes":[]}],"jetpack_likes_enabled":true,"_links":{"self":[{"href":"https:\/\/www.edder.org\/index.php?rest_route=\/wp\/v2\/posts\/134","targetHints":{"allow":["GET"]}}],"collection":[{"href":"https:\/\/www.edder.org\/index.php?rest_route=\/wp\/v2\/posts"}],"about":[{"href":"https:\/\/www.edder.org\/index.php?rest_route=\/wp\/v2\/types\/post"}],"author":[{"embeddable":true,"href":"https:\/\/www.edder.org\/index.php?rest_route=\/wp\/v2\/users\/82"}],"replies":[{"embeddable":true,"href":"https:\/\/www.edder.org\/index.php?rest_route=%2Fwp%2Fv2%2Fcomments&post=134"}],"version-history":[{"count":0,"href":"https:\/\/www.edder.org\/index.php?rest_route=\/wp\/v2\/posts\/134\/revisions"}],"wp:attachment":[{"href":"https:\/\/www.edder.org\/index.php?rest_route=%2Fwp%2Fv2%2Fmedia&parent=134"}],"wp:term":[{"taxonomy":"category","embeddable":true,"href":"https:\/\/www.edder.org\/index.php?rest_route=%2Fwp%2Fv2%2Fcategories&post=134"},{"taxonomy":"post_tag","embeddable":true,"href":"https:\/\/www.edder.org\/index.php?rest_route=%2Fwp%2Fv2%2Ftags&post=134"}],"curies":[{"name":"wp","href":"https:\/\/api.w.org\/{rel}","templated":true}]}}