{"id":13382,"date":"2016-11-19T12:52:10","date_gmt":"2016-11-19T11:52:10","guid":{"rendered":"https:\/\/www.edder.org\/?p=13382"},"modified":"2016-11-19T17:09:44","modified_gmt":"2016-11-19T16:09:44","slug":"pamplona-en-el-tardofranquismo","status":"publish","type":"post","link":"https:\/\/www.edder.org\/?p=13382","title":{"rendered":"Pamplona en el tardofranquismo"},"content":{"rendered":"<p>Miguel &Aacute;ngel Muez (Artajona, 1927 &#8211; Pamplona, 2016)<\/p>\n<div class=\"video-shortcode\"><iframe width=\"1180\" height=\"664\" src=\"https:\/\/www.youtube.com\/embed\/JT_NYA915mA?feature=oembed\" frameborder=\"0\" allowfullscreen><\/iframe><\/div>\n","protected":false},"excerpt":{"rendered":"<p>Miguel &Aacute;ngel Muez (Artajona, 1927 &#8211; Pamplona, 2016)<\/p>\n","protected":false},"author":82,"featured_media":13384,"comment_status":"closed","ping_status":"closed","sticky":false,"template":"","format":"standard","meta":{"jetpack_post_was_ever_published":false,"_jetpack_newsletter_access":"","_jetpack_dont_email_post_to_subs":true,"_jetpack_newsletter_tier_id":0,"_jetpack_memberships_contains_paywalled_content":false,"_jetpack_memberships_contains_paid_content":false,"footnotes":"","jetpack_publicize_message":"","jetpack_publicize_feature_enabled":true,"jetpack_social_post_already_shared":true,"jetpack_social_options":{"image_generator_settings":{"template":"highway","default_image_id":0,"font":"","enabled":false},"version":2}},"categories":[3,1],"tags":[],"class_list":["post-13382","post","type-post","status-publish","format-standard","has-post-thumbnail","hentry","category-na","category-sin-categorizar"],"jetpack_publicize_connections":[],"jetpack_featured_media_url":"https:\/\/www.edder.org\/upload\/2016\/11\/vlcsnap-2016-11-19-12h47m20s207.png","jetpack_shortlink":"https:\/\/wp.me\/p6kHv-3tQ","jetpack_sharing_enabled":true,"jetpack-related-posts":[{"id":2864,"url":"https:\/\/www.edder.org\/?p=2864","url_meta":{"origin":13382,"position":0},"title":"El aspecto del miedo","author":"Eder","date":"martes, 29 Ene, 2013","format":false,"excerpt":"\u00a0 \u00a0 Puede verse tambi\u00e9n: Pamplona, 1937 (parte I) \u00a0 \u00a0 Pamplona, 1937 (parte II) \u00a0 \u00a0","rel":"","context":"En \u00abNA\u00bb","block_context":{"text":"NA","link":"https:\/\/www.edder.org\/?cat=3"},"img":{"alt_text":"","src":"","width":0,"height":0},"classes":[]},{"id":38748,"url":"https:\/\/www.edder.org\/?p=38748","url_meta":{"origin":13382,"position":1},"title":"La clase obrera y los toros de Pamplona","author":"Eder","date":"lunes, 25 May, 2020","format":false,"excerpt":"El r\u00edo arrollador de la clase obrera a la salida de la f\u00e1brica. Algo as\u00ed como los torosos de Pamplona. Incluso hasta mediados de los 70. Antes del cambio clim\u00e1tico laboral, claro:","rel":"","context":"En \u00abPrehistoria contempor\u00e1nea\u00bb","block_context":{"text":"Prehistoria contempor\u00e1nea","link":"https:\/\/www.edder.org\/?cat=90"},"img":{"alt_text":"","src":"https:\/\/i0.wp.com\/www.edder.org\/upload\/2020\/05\/vacarme.jpg?resize=350%2C200&ssl=1","width":350,"height":200},"classes":[]},{"id":12352,"url":"https:\/\/www.edder.org\/?p=12352","url_meta":{"origin":13382,"position":2},"title":"De Rodezno a Esparza","author":"Eder","date":"martes, 22 Sep, 2015","format":false,"excerpt":"\u00a0 \u00a0 En contra de lo que dice Woody Allen en Wild Man Blues \u2013\u00abLo peor son los alcaldes\u00bb\u2013, los alcaldes son de lo mejor que \u00abel cambio\u00bb ha tra\u00eddo por el momento. Si bien el acalde de Pamplona no anda \u00faltimamente muy atinado. Particularmente desacertado me ha parecido Asiron\u2026","rel":"","context":"En \u00abSin categorizar\u00bb","block_context":{"text":"Sin categorizar","link":"https:\/\/www.edder.org\/?cat=1"},"img":{"alt_text":"","src":"https:\/\/i0.wp.com\/www.edder.org\/upload\/2015\/09\/caidos.gif?resize=350%2C200&ssl=1","width":350,"height":200,"srcset":"https:\/\/i0.wp.com\/www.edder.org\/upload\/2015\/09\/caidos.gif?resize=350%2C200&ssl=1 1x, https:\/\/i0.wp.com\/www.edder.org\/upload\/2015\/09\/caidos.gif?resize=525%2C300&ssl=1 1.5x"},"classes":[]},{"id":4219,"url":"https:\/\/www.edder.org\/?p=4219","url_meta":{"origin":13382,"position":3},"title":"Vidas ejemplares: Escriv\u00e1 y Arrese, o de la  sinceridad y la humildad reunidas","author":"Eder","date":"lunes, 23 Feb, 2015","format":false,"excerpt":"","rel":"","context":"En \u00abNA\u00bb","block_context":{"text":"NA","link":"https:\/\/www.edder.org\/?cat=3"},"img":{"alt_text":"","src":"https:\/\/i0.wp.com\/www.edder.org\/upload\/2015\/02\/arrese.gif?resize=350%2C200&ssl=1","width":350,"height":200},"classes":[]},{"id":316,"url":"https:\/\/www.edder.org\/?p=316","url_meta":{"origin":13382,"position":4},"title":"Rodezno","author":"Eder","date":"martes, 8 Feb, 2011","format":false,"excerpt":"","rel":"","context":"En \u00abNA\u00bb","block_context":{"text":"NA","link":"https:\/\/www.edder.org\/?cat=3"},"img":{"alt_text":"","src":"","width":0,"height":0},"classes":[]},{"id":565,"url":"https:\/\/www.edder.org\/?p=565","url_meta":{"origin":13382,"position":5},"title":"El sue\u00f1o de Kafka o la Pamplona de Zulueta","author":"Eder","date":"jueves, 21 Ene, 2010","format":false,"excerpt":"La tragedia de las estrellas, dice en alguno de sus libros Serge Daney, es ser sustituidas en vida por su imagen. La tragedia de las estrellas y la de los malditos. Me acuerdo como si fuera ayer de la unci\u00f3n con que a mediados de los 80 vimos Arrebato, de\u2026","rel":"","context":"En \u00abNA\u00bb","block_context":{"text":"NA","link":"https:\/\/www.edder.org\/?cat=3"},"img":{"alt_text":"","src":"","width":0,"height":0},"classes":[]}],"jetpack_likes_enabled":true,"_links":{"self":[{"href":"https:\/\/www.edder.org\/index.php?rest_route=\/wp\/v2\/posts\/13382","targetHints":{"allow":["GET"]}}],"collection":[{"href":"https:\/\/www.edder.org\/index.php?rest_route=\/wp\/v2\/posts"}],"about":[{"href":"https:\/\/www.edder.org\/index.php?rest_route=\/wp\/v2\/types\/post"}],"author":[{"embeddable":true,"href":"https:\/\/www.edder.org\/index.php?rest_route=\/wp\/v2\/users\/82"}],"replies":[{"embeddable":true,"href":"https:\/\/www.edder.org\/index.php?rest_route=%2Fwp%2Fv2%2Fcomments&post=13382"}],"version-history":[{"count":0,"href":"https:\/\/www.edder.org\/index.php?rest_route=\/wp\/v2\/posts\/13382\/revisions"}],"wp:featuredmedia":[{"embeddable":true,"href":"https:\/\/www.edder.org\/index.php?rest_route=\/wp\/v2\/media\/13384"}],"wp:attachment":[{"href":"https:\/\/www.edder.org\/index.php?rest_route=%2Fwp%2Fv2%2Fmedia&parent=13382"}],"wp:term":[{"taxonomy":"category","embeddable":true,"href":"https:\/\/www.edder.org\/index.php?rest_route=%2Fwp%2Fv2%2Fcategories&post=13382"},{"taxonomy":"post_tag","embeddable":true,"href":"https:\/\/www.edder.org\/index.php?rest_route=%2Fwp%2Fv2%2Ftags&post=13382"}],"curies":[{"name":"wp","href":"https:\/\/api.w.org\/{rel}","templated":true}]}}