{"id":1337,"date":"2011-01-17T23:12:24","date_gmt":"2011-01-17T22:12:24","guid":{"rendered":"https:\/\/www.edder.org\/?p=1337"},"modified":"2018-07-27T16:37:34","modified_gmt":"2018-07-27T14:37:34","slug":"barcina-sus-obras-su-propaganda","status":"publish","type":"post","link":"https:\/\/www.edder.org\/?p=1337","title":{"rendered":"Barcina: su propaganda, sus obras"},"content":{"rendered":"<p>Por sus obras de &laquo;saneamiento&raquo; la conocer&eacute;is.<\/p>\n<h1 style=\"text-align: center;\"><strong><strong>Su propaganda:<\/strong><\/strong><\/h1>\n<p style=\"text-align: center;\"><div class=\"fusion-fullwidth fullwidth-box fusion-builder-row-1 hundred-percent-fullwidth non-hundred-percent-height-scrolling\" style=\"--awb-border-radius-top-left:0px;--awb-border-radius-top-right:0px;--awb-border-radius-bottom-right:0px;--awb-border-radius-bottom-left:0px;--awb-overflow:visible;--awb-flex-wrap:wrap;\" ><div class=\"fusion-builder-row fusion-row\"><div class=\"fusion-layout-column fusion_builder_column fusion-builder-column-0 fusion_builder_column_1_1 1_1 fusion-one-full fusion-column-first fusion-column-last fusion-column-no-min-height\" style=\"--awb-bg-size:cover;--awb-margin-bottom:0px;\"><div class=\"fusion-column-wrapper fusion-flex-column-wrapper-legacy\"><div class=\"video-shortcode\"><iframe title=\"Barcina: \u00absaneando\u00bb Casco Hist\u00f3rico\" width=\"1200\" height=\"900\" src=\"https:\/\/www.youtube.com\/embed\/bhx-esWtgXk?feature=oembed\" frameborder=\"0\" allow=\"accelerometer; autoplay; clipboard-write; encrypted-media; gyroscope; picture-in-picture; web-share\" allowfullscreen><\/iframe><\/div>\n<p style=\"text-align: center;\">&nbsp;<\/p>\n<p style=\"text-align: center;\">&nbsp;<\/p>\n<h1 style=\"text-align: center;\"><strong><strong><strong><strong>Sus &laquo;intervenciones sanitarias&raquo;:<\/strong><\/strong><\/strong><\/strong><\/h1>\n<p>&nbsp;<\/p>\n<p style=\"text-align: center;\"><strong><img class=\"lazyload\" decoding=\"async\" alt=\"aquavox1\" src=\"data:image\/gif;base64,R0lGODlhAQABAAAAACH5BAEKAAEALAAAAAABAAEAAAICTAEAOw==\" data-orig-src=\"https:\/\/www.edder.org\/images\/aquavox1.jpg\" style=\"width: 567px; height: 463px;\" \/><\/strong><\/p>\n<p style=\"text-align: center;\"><img class=\"lazyload\" decoding=\"async\" alt=\"aquavox2\" src=\"data:image\/gif;base64,R0lGODlhAQABAAAAACH5BAEKAAEALAAAAAABAAEAAAICTAEAOw==\" data-orig-src=\"http:\/\/edder.org\/images\/aquavox2.jpg\" style=\"width: 567px; height: 615px;\" \/><\/p>\n<p>&nbsp;<\/p>\n<div class=\"fusion-clearfix\"><\/div><\/div><\/div><\/div><\/div><\/p>\n","protected":false},"excerpt":{"rendered":"<p>Por sus obras de &laquo;saneamiento&raquo; la conocer&eacute;is. Su propaganda:<\/p>\n","protected":false},"author":82,"featured_media":0,"comment_status":"open","ping_status":"open","sticky":false,"template":"","format":"standard","meta":{"jetpack_post_was_ever_published":false,"_jetpack_newsletter_access":"","_jetpack_dont_email_post_to_subs":false,"_jetpack_newsletter_tier_id":0,"_jetpack_memberships_contains_paywalled_content":false,"_jetpack_memberships_contains_paid_content":false,"footnotes":"","jetpack_publicize_message":"","jetpack_publicize_feature_enabled":true,"jetpack_social_post_already_shared":false,"jetpack_social_options":{"image_generator_settings":{"template":"highway","default_image_id":0,"font":"","enabled":false},"version":2}},"categories":[3],"tags":[],"class_list":["post-1337","post","type-post","status-publish","format-standard","hentry","category-na"],"jetpack_publicize_connections":[],"jetpack_featured_media_url":"","jetpack_shortlink":"https:\/\/wp.me\/p6kHv-lz","jetpack_sharing_enabled":true,"jetpack-related-posts":[{"id":1141,"url":"https:\/\/www.edder.org\/?p=1141","url_meta":{"origin":1337,"position":0},"title":"Pamplona, un lujo","author":"Eder","date":"viernes, 24 Sep, 2010","format":false,"excerpt":"As\u00ed que el mi\u00e9rcoles, a las diez menos cuarto de la noche y a la altura de los billares Liverpool, dej\u00e9 a mi izquierda un panel de dimensiones sovi\u00e9ticas que hac\u00eda propaganda de no s\u00e9 qu\u00e9 otra bulla de Mangado y segu\u00ed adelante. Quiz\u00e1 porque iba al cine, me acord\u00e9\u2026","rel":"","context":"En \u00abCine\u00bb","block_context":{"text":"Cine","link":"https:\/\/www.edder.org\/?cat=79"},"img":{"alt_text":"","src":"","width":0,"height":0},"classes":[]},{"id":42905,"url":"https:\/\/www.edder.org\/?p=42905","url_meta":{"origin":1337,"position":1},"title":"Charlie Chaplin, el pobre y el proletario (por Roland Barthes)","author":"Eder","date":"domingo, 4 Ago, 2024","format":false,"excerpt":"","rel":"","context":"En \u00abCine\u00bb","block_context":{"text":"Cine","link":"https:\/\/www.edder.org\/?cat=79"},"img":{"alt_text":"","src":"https:\/\/i0.wp.com\/www.edder.org\/upload\/2024\/08\/chaplin_barthes.png?resize=350%2C200&ssl=1","width":350,"height":200,"srcset":"https:\/\/i0.wp.com\/www.edder.org\/upload\/2024\/08\/chaplin_barthes.png?resize=350%2C200&ssl=1 1x, https:\/\/i0.wp.com\/www.edder.org\/upload\/2024\/08\/chaplin_barthes.png?resize=525%2C300&ssl=1 1.5x, https:\/\/i0.wp.com\/www.edder.org\/upload\/2024\/08\/chaplin_barthes.png?resize=700%2C400&ssl=1 2x, https:\/\/i0.wp.com\/www.edder.org\/upload\/2024\/08\/chaplin_barthes.png?resize=1050%2C600&ssl=1 3x"},"classes":[]},{"id":119,"url":"https:\/\/www.edder.org\/?p=119","url_meta":{"origin":1337,"position":2},"title":"Con p\u00f3lvora del Reyno","author":"Eder","date":"viernes, 23 Nov, 2007","format":false,"excerpt":"Con p\u00f3lvora del Rey, \u00a1Dios qu\u00e9 buenos ca\u00f1onazos se tiran! Y con p\u00f3lvora del Reyno, qu\u00e9 bonitos saraos se organizan. Encantadora velada, seg\u00fan rezaban ayer las cr\u00f3nicas, la celebrada en Madrid \u2013con el ameno prop\u00f3sito de confraternizar\u2013 a instancia de nuestra delegaci\u00f3n diplom\u00e1tica en la Villa y Corte. S\u00ed, la\u2026","rel":"","context":"En \u00abNA\u00bb","block_context":{"text":"NA","link":"https:\/\/www.edder.org\/?cat=3"},"img":{"alt_text":"","src":"","width":0,"height":0},"classes":[]},{"id":43418,"url":"https:\/\/www.edder.org\/?p=43418","url_meta":{"origin":1337,"position":3},"title":"Argos, el perro","author":"Eder","date":"jueves, 22 May, 2025","format":false,"excerpt":"","rel":"","context":"En \u00abCine\u00bb","block_context":{"text":"Cine","link":"https:\/\/www.edder.org\/?cat=79"},"img":{"alt_text":"","src":"https:\/\/i0.wp.com\/www.edder.org\/upload\/2025\/05\/perro.jpg?resize=350%2C200&ssl=1","width":350,"height":200,"srcset":"https:\/\/i0.wp.com\/www.edder.org\/upload\/2025\/05\/perro.jpg?resize=350%2C200&ssl=1 1x, https:\/\/i0.wp.com\/www.edder.org\/upload\/2025\/05\/perro.jpg?resize=525%2C300&ssl=1 1.5x, https:\/\/i0.wp.com\/www.edder.org\/upload\/2025\/05\/perro.jpg?resize=700%2C400&ssl=1 2x"},"classes":[]},{"id":48407,"url":"https:\/\/www.edder.org\/?p=48407","url_meta":{"origin":1337,"position":4},"title":"Propaganda sovi\u00e9tica de guerra, 1941","author":"Eder","date":"jueves, 16 Abr, 2026","format":false,"excerpt":"","rel":"","context":"En \u00abCine\u00bb","block_context":{"text":"Cine","link":"https:\/\/www.edder.org\/?cat=79"},"img":{"alt_text":"","src":"https:\/\/i0.wp.com\/www.edder.org\/upload\/2026\/04\/Screenshot-2026-04-16-at-20.01.18.png?resize=350%2C200&ssl=1","width":350,"height":200,"srcset":"https:\/\/i0.wp.com\/www.edder.org\/upload\/2026\/04\/Screenshot-2026-04-16-at-20.01.18.png?resize=350%2C200&ssl=1 1x, https:\/\/i0.wp.com\/www.edder.org\/upload\/2026\/04\/Screenshot-2026-04-16-at-20.01.18.png?resize=525%2C300&ssl=1 1.5x, https:\/\/i0.wp.com\/www.edder.org\/upload\/2026\/04\/Screenshot-2026-04-16-at-20.01.18.png?resize=700%2C400&ssl=1 2x"},"classes":[]},{"id":1255,"url":"https:\/\/www.edder.org\/?p=1255","url_meta":{"origin":1337,"position":5},"title":"Navajo","author":"Eder","date":"viernes, 26 Nov, 2010","format":false,"excerpt":"Ahora no recuerdo lo que John Ford \u2013conocido por los indios de Utah como Natani Nez, \u201cel jefe alto\u201d\u2013 dec\u00eda de los navajos. Ya me acordar\u00e9. Jean-Luc Godard, cuya vida guarden los dioses de las praderas muchos a\u00f1os y que la pr\u00f3xima semana cumplir\u00e1 los 90, ha sacado en su\u2026","rel":"","context":"En \u00abCine\u00bb","block_context":{"text":"Cine","link":"https:\/\/www.edder.org\/?cat=79"},"img":{"alt_text":"","src":"","width":0,"height":0},"classes":[]}],"jetpack_likes_enabled":true,"_links":{"self":[{"href":"https:\/\/www.edder.org\/index.php?rest_route=\/wp\/v2\/posts\/1337","targetHints":{"allow":["GET"]}}],"collection":[{"href":"https:\/\/www.edder.org\/index.php?rest_route=\/wp\/v2\/posts"}],"about":[{"href":"https:\/\/www.edder.org\/index.php?rest_route=\/wp\/v2\/types\/post"}],"author":[{"embeddable":true,"href":"https:\/\/www.edder.org\/index.php?rest_route=\/wp\/v2\/users\/82"}],"replies":[{"embeddable":true,"href":"https:\/\/www.edder.org\/index.php?rest_route=%2Fwp%2Fv2%2Fcomments&post=1337"}],"version-history":[{"count":0,"href":"https:\/\/www.edder.org\/index.php?rest_route=\/wp\/v2\/posts\/1337\/revisions"}],"wp:attachment":[{"href":"https:\/\/www.edder.org\/index.php?rest_route=%2Fwp%2Fv2%2Fmedia&parent=1337"}],"wp:term":[{"taxonomy":"category","embeddable":true,"href":"https:\/\/www.edder.org\/index.php?rest_route=%2Fwp%2Fv2%2Fcategories&post=1337"},{"taxonomy":"post_tag","embeddable":true,"href":"https:\/\/www.edder.org\/index.php?rest_route=%2Fwp%2Fv2%2Ftags&post=1337"}],"curies":[{"name":"wp","href":"https:\/\/api.w.org\/{rel}","templated":true}]}}