{"id":132,"date":"2008-01-18T07:24:33","date_gmt":"2008-01-18T05:24:33","guid":{"rendered":"https:\/\/www.edder.org\/?p=132"},"modified":"2026-03-27T09:55:05","modified_gmt":"2026-03-27T08:55:05","slug":"toreria","status":"publish","type":"post","link":"https:\/\/www.edder.org\/?p=132","title":{"rendered":"Torer\u00eda"},"content":{"rendered":"<div class=\"fusion-fullwidth fullwidth-box fusion-builder-row-1 fusion-flex-container nonhundred-percent-fullwidth non-hundred-percent-height-scrolling\" style=\"--awb-border-radius-top-left:0px;--awb-border-radius-top-right:0px;--awb-border-radius-bottom-right:0px;--awb-border-radius-bottom-left:0px;--awb-flex-wrap:wrap;\" ><div class=\"fusion-builder-row fusion-row fusion-flex-align-items-flex-start fusion-flex-content-wrap\" style=\"max-width:1248px;margin-left: calc(-4% \/ 2 );margin-right: calc(-4% \/ 2 );\"><div class=\"fusion-layout-column fusion_builder_column fusion-builder-column-0 fusion_builder_column_1_1 1_1 fusion-flex-column\" style=\"--awb-bg-size:cover;--awb-width-large:100%;--awb-margin-top-large:0px;--awb-spacing-right-large:1.92%;--awb-margin-bottom-large:0px;--awb-spacing-left-large:1.92%;--awb-width-medium:100%;--awb-spacing-right-medium:1.92%;--awb-spacing-left-medium:1.92%;--awb-width-small:100%;--awb-spacing-right-small:1.92%;--awb-spacing-left-small:1.92%;\"><div class=\"fusion-column-wrapper fusion-flex-justify-content-flex-start fusion-content-layout-column\"><div class=\"fusion-text fusion-text-1\" style=\"--awb-font-size:23px;\"><p>Hagamos el siguiente ejercicio mental: miremos fijamente la fotograf\u00eda donde el candidato socialista al Congreso, Juan Moscoso del Prado, aparece en primera fila entre los asistentes a la conferencia que la estrella radiof\u00f3nica Carlos Herrera dio, obsequi\u00f3 o propin\u00f3 a la afici\u00f3n pamplonesa el pasado mi\u00e9rcoles. La estrella, seg\u00fan la cr\u00f3nica de la propia organizaci\u00f3n, estuvo sembrada, como se esperaba. Como era previsible, el comunicador adopt\u00f3 el papel de torero profesional y en la foto saluda al respetable con una montera imaginaria. \u201c\u00a1Ole!\u201d, responde la afici\u00f3n al un\u00edsono, con una cerrada salva de aplausos. Y ah\u00ed est\u00e1, risue\u00f1o y aplaudiendo al diestro comunicador, el candidato socialista al Congreso. Mir\u00e9mosle fijamente. Mir\u00e9mosle fijamente hasta que las facciones de su rostro comiencen a desvanecerse y en su lugar vayan apareciendo los rasgos faciales del candidato por UPN, Santiago Cervera Soto. \u00bfLo vemos? Yo no dudo de que uno y otro candidato tengan convicciones tan profundas que les impiden estar en el lugar del otro, pero son gente tan profesional, con tantas tablas en el ruedo pol\u00edtico \u2013pese a su juventud\u2013, que a la afici\u00f3n no nos cuesta mucho esfuerzo olvidar sus profundas convicciones y ponerlos en el lugar del contrincante. M\u00e1s f\u00e1cilmente, podemos intentar el ejercicio mental de ver al candidato al Senado, Carlos Chivite, en el papel de la alcaldesa de Pamplona, Yolanda Barcina, y viceversa. M\u00e1s f\u00e1cilmente porque a simple vista no hay mucha diferencia entre esquivar primero la foto con ese otro torero de raza que es Aznar para luego acompa\u00f1arle por la puerta de atr\u00e1s, como esta semana hizo Barcina, y cargar contra Aznar, como por su parte hizo Chivite, a la par que se sostiene en el Gobierno de Navarra a sus socios pol\u00edticos, sean los que acudieron a aplaudirle seg\u00fan entraba por la puerta grande, sean los que fueron a despachar con \u00e9l cuando sal\u00eda por la de atr\u00e1s. Mentalmente no cuesta nada imaginar el partido \u00fanico: el de los diestros de la torer\u00eda.<\/p>\n<div align=\"right\">Publicado en <a href=\"http:\/\/www.noticiasdenavarra.com\/ediciones\/2008\/01\/18\/opinion\/contra.php\" target=\"blank\">Diario de Noticias<\/a><img class=\"lazyload\" decoding=\"async\" title=\"dn\" src=\"data:image\/gif;base64,R0lGODlhAQABAAAAACH5BAEKAAEALAAAAAABAAEAAAICTAEAOw==\" data-orig-src=\"https:\/\/www.edder.org\/images\/dn.gif\" alt=\"dn\" align=\"right\" \/><\/div>\n<p><img class=\"lazyload\" decoding=\"async\" src=\"data:image\/gif;base64,R0lGODlhAQABAAAAACH5BAEKAAEALAAAAAABAAEAAAICTAEAOw==\" data-orig-src=\"https:\/\/www.edder.org\/images\/marcas.gif\" alt=\"marcas\" \/><\/p>\n<\/div><\/div><\/div><\/div><\/div>\n","protected":false},"excerpt":{"rendered":"","protected":false},"author":82,"featured_media":0,"comment_status":"open","ping_status":"open","sticky":false,"template":"","format":"standard","meta":{"jetpack_post_was_ever_published":false,"_jetpack_newsletter_access":"","_jetpack_dont_email_post_to_subs":false,"_jetpack_newsletter_tier_id":0,"_jetpack_memberships_contains_paywalled_content":false,"_jetpack_memberships_contains_paid_content":false,"footnotes":"","jetpack_publicize_message":"","jetpack_publicize_feature_enabled":true,"jetpack_social_post_already_shared":false,"jetpack_social_options":{"image_generator_settings":{"template":"highway","default_image_id":0,"font":"","enabled":false},"version":2}},"categories":[3],"tags":[],"class_list":["post-132","post","type-post","status-publish","format-standard","hentry","category-na"],"jetpack_publicize_connections":[],"jetpack_featured_media_url":"","jetpack_shortlink":"https:\/\/wp.me\/s6kHv-toreria","jetpack_sharing_enabled":true,"jetpack-related-posts":[{"id":42997,"url":"https:\/\/www.edder.org\/?p=42997","url_meta":{"origin":132,"position":0},"title":"Futbolmarianismo y regionalcatolicismo de los siglos XX y XXI","author":"Eder","date":"mi\u00e9rcoles, 21 Ago, 2024","format":false,"excerpt":"","rel":"","context":"En \u00abPrehistoria contempor\u00e1nea\u00bb","block_context":{"text":"Prehistoria contempor\u00e1nea","link":"https:\/\/www.edder.org\/?cat=90"},"img":{"alt_text":"","src":"https:\/\/i0.wp.com\/www.edder.org\/upload\/2024\/08\/athletic_begogna.png?resize=350%2C200&ssl=1","width":350,"height":200,"srcset":"https:\/\/i0.wp.com\/www.edder.org\/upload\/2024\/08\/athletic_begogna.png?resize=350%2C200&ssl=1 1x, https:\/\/i0.wp.com\/www.edder.org\/upload\/2024\/08\/athletic_begogna.png?resize=525%2C300&ssl=1 1.5x, https:\/\/i0.wp.com\/www.edder.org\/upload\/2024\/08\/athletic_begogna.png?resize=700%2C400&ssl=1 2x, https:\/\/i0.wp.com\/www.edder.org\/upload\/2024\/08\/athletic_begogna.png?resize=1050%2C600&ssl=1 3x"},"classes":[]},{"id":43123,"url":"https:\/\/www.edder.org\/?p=43123","url_meta":{"origin":132,"position":1},"title":"El amor (fou) en tiempos neum\u00e1ticos","author":"Eder","date":"lunes, 21 Oct, 2024","format":false,"excerpt":"","rel":"","context":"En \u00abCine\u00bb","block_context":{"text":"Cine","link":"https:\/\/www.edder.org\/?cat=79"},"img":{"alt_text":"","src":"https:\/\/i0.wp.com\/www.edder.org\/upload\/2024\/10\/pneu.png?resize=350%2C200&ssl=1","width":350,"height":200,"srcset":"https:\/\/i0.wp.com\/www.edder.org\/upload\/2024\/10\/pneu.png?resize=350%2C200&ssl=1 1x, https:\/\/i0.wp.com\/www.edder.org\/upload\/2024\/10\/pneu.png?resize=525%2C300&ssl=1 1.5x, https:\/\/i0.wp.com\/www.edder.org\/upload\/2024\/10\/pneu.png?resize=700%2C400&ssl=1 2x"},"classes":[]},{"id":2956,"url":"https:\/\/www.edder.org\/?p=2956","url_meta":{"origin":132,"position":2},"title":"Aurelio Arteta, \u00abTr\u00edptico de la Guerra\u00bb (1937-1938)","author":"Eder","date":"domingo, 3 Mar, 2013","format":false,"excerpt":"","rel":"","context":"En \u00abArtes\u00bb","block_context":{"text":"Artes","link":"https:\/\/www.edder.org\/?cat=85"},"img":{"alt_text":"","src":"https:\/\/i0.wp.com\/www.edder.org\/upload\/2013\/03\/04_arteta_triptico.jpg?resize=350%2C200&ssl=1","width":350,"height":200,"srcset":"https:\/\/i0.wp.com\/www.edder.org\/upload\/2013\/03\/04_arteta_triptico.jpg?resize=350%2C200&ssl=1 1x, https:\/\/i0.wp.com\/www.edder.org\/upload\/2013\/03\/04_arteta_triptico.jpg?resize=525%2C300&ssl=1 1.5x"},"classes":[]},{"id":41764,"url":"https:\/\/www.edder.org\/?p=41764","url_meta":{"origin":132,"position":3},"title":"Dylan-Baez. Carretera perdida, camino de perdici\u00f3n","author":"Eder","date":"domingo, 2 Jul, 2023","format":false,"excerpt":"","rel":"","context":"En \u00abM\u00fasica\u00bb","block_context":{"text":"M\u00fasica","link":"https:\/\/www.edder.org\/?cat=87"},"img":{"alt_text":"","src":"https:\/\/i0.wp.com\/www.edder.org\/upload\/2023\/07\/hankwilliams_lost.jpg?resize=350%2C200&ssl=1","width":350,"height":200,"srcset":"https:\/\/i0.wp.com\/www.edder.org\/upload\/2023\/07\/hankwilliams_lost.jpg?resize=350%2C200&ssl=1 1x, https:\/\/i0.wp.com\/www.edder.org\/upload\/2023\/07\/hankwilliams_lost.jpg?resize=525%2C300&ssl=1 1.5x, https:\/\/i0.wp.com\/www.edder.org\/upload\/2023\/07\/hankwilliams_lost.jpg?resize=700%2C400&ssl=1 2x, https:\/\/i0.wp.com\/www.edder.org\/upload\/2023\/07\/hankwilliams_lost.jpg?resize=1050%2C600&ssl=1 3x"},"classes":[]},{"id":40495,"url":"https:\/\/www.edder.org\/?p=40495","url_meta":{"origin":132,"position":4},"title":"Stile vecchio (come la casa di Tiziano a Pieve di Cadore)","author":"Eder","date":"mi\u00e9rcoles, 19 May, 2021","format":false,"excerpt":"","rel":"","context":"En \u00abCine\u00bb","block_context":{"text":"Cine","link":"https:\/\/www.edder.org\/?cat=79"},"img":{"alt_text":"","src":"https:\/\/i0.wp.com\/www.edder.org\/upload\/2013\/04\/vlcsnap-2020-12-10-17h28m37s280-1.png?resize=350%2C200&ssl=1","width":350,"height":200,"srcset":"https:\/\/i0.wp.com\/www.edder.org\/upload\/2013\/04\/vlcsnap-2020-12-10-17h28m37s280-1.png?resize=350%2C200&ssl=1 1x, https:\/\/i0.wp.com\/www.edder.org\/upload\/2013\/04\/vlcsnap-2020-12-10-17h28m37s280-1.png?resize=525%2C300&ssl=1 1.5x, https:\/\/i0.wp.com\/www.edder.org\/upload\/2013\/04\/vlcsnap-2020-12-10-17h28m37s280-1.png?resize=700%2C400&ssl=1 2x"},"classes":[]},{"id":218,"url":"https:\/\/www.edder.org\/?p=218","url_meta":{"origin":132,"position":5},"title":"Haza\u00f1as de Sans\u00f3n","author":"Eder","date":"viernes, 2 Ene, 2009","format":false,"excerpt":"","rel":"","context":"En \u00abSin categorizar\u00bb","block_context":{"text":"Sin categorizar","link":"https:\/\/www.edder.org\/?cat=1"},"img":{"alt_text":"","src":"","width":0,"height":0},"classes":[]}],"jetpack_likes_enabled":true,"_links":{"self":[{"href":"https:\/\/www.edder.org\/index.php?rest_route=\/wp\/v2\/posts\/132","targetHints":{"allow":["GET"]}}],"collection":[{"href":"https:\/\/www.edder.org\/index.php?rest_route=\/wp\/v2\/posts"}],"about":[{"href":"https:\/\/www.edder.org\/index.php?rest_route=\/wp\/v2\/types\/post"}],"author":[{"embeddable":true,"href":"https:\/\/www.edder.org\/index.php?rest_route=\/wp\/v2\/users\/82"}],"replies":[{"embeddable":true,"href":"https:\/\/www.edder.org\/index.php?rest_route=%2Fwp%2Fv2%2Fcomments&post=132"}],"version-history":[{"count":2,"href":"https:\/\/www.edder.org\/index.php?rest_route=\/wp\/v2\/posts\/132\/revisions"}],"predecessor-version":[{"id":48282,"href":"https:\/\/www.edder.org\/index.php?rest_route=\/wp\/v2\/posts\/132\/revisions\/48282"}],"wp:attachment":[{"href":"https:\/\/www.edder.org\/index.php?rest_route=%2Fwp%2Fv2%2Fmedia&parent=132"}],"wp:term":[{"taxonomy":"category","embeddable":true,"href":"https:\/\/www.edder.org\/index.php?rest_route=%2Fwp%2Fv2%2Fcategories&post=132"},{"taxonomy":"post_tag","embeddable":true,"href":"https:\/\/www.edder.org\/index.php?rest_route=%2Fwp%2Fv2%2Ftags&post=132"}],"curies":[{"name":"wp","href":"https:\/\/api.w.org\/{rel}","templated":true}]}}