{"id":13108,"date":"2016-07-20T19:14:57","date_gmt":"2016-07-20T18:14:57","guid":{"rendered":"https:\/\/www.edder.org\/?p=13108"},"modified":"2016-07-20T19:18:22","modified_gmt":"2016-07-20T18:18:22","slug":"cuelgamuros-turismo-para-nazis","status":"publish","type":"post","link":"https:\/\/www.edder.org\/?p=13108","title":{"rendered":"Cuelgamuros: turismo para nazis"},"content":{"rendered":"<p>Metraje sobrante de la pel&iacute;cula de G&uuml;nter Schwaiger <em>Hafner Paradise<\/em> (El para&iacute;so de Hafner). El SS Paul Hafner, refugiado en la Espa&ntilde;a de Franco (para&iacute;so para nazis), en la Espa&ntilde;a de la Transici&oacute;n y en la Espa&ntilde;a de la posterior partitocracia, gira visita tur&iacute;stica a Cuelgamuros:<\/p>\n<p style=\"text-align: center;\"><div class=\"video-shortcode\"><iframe title=\"Cuelgamuros (Espa\u00f1a): turismo para nazis.\" width=\"1200\" height=\"900\" src=\"https:\/\/www.youtube.com\/embed\/ffzzQr7XYgI?feature=oembed\" frameborder=\"0\" allow=\"accelerometer; autoplay; clipboard-write; encrypted-media; gyroscope; picture-in-picture; web-share\" allowfullscreen><\/iframe><\/div><\/p>\n<p style=\"text-align: center;\">&nbsp;<\/p>\n<p>Lectura adicional: <a href=\"http:\/\/www.eldiario.es\/zonacritica\/Dinamitar-Valle-Caidos_6_538306169.html\" target=\"_blank\"><em>Dinamitar el Valle de los Ca&iacute;dos<\/em><\/a>, por J. L. Anderson.<\/p>\n","protected":false},"excerpt":{"rendered":"<p>Metraje sobrante de la pel&iacute;cula de G&uuml;nter Schwaiger Hafner Paradise (El para&iacute;so de Hafner). El SS Paul Hafner, refugiado en la Espa&ntilde;a de Franco (para&iacute;so para nazis), en la Espa&ntilde;a de la Transici&oacute;n y en la Espa&ntilde;a de la posterior partitocracia, gira visita tur&iacute;stica a Cuelgamuros: &nbsp; Lectura adicional: Dinamitar el Valle de los Ca&iacute;dos, por J. L. Anderson.<\/p>\n","protected":false},"author":82,"featured_media":13109,"comment_status":"closed","ping_status":"closed","sticky":false,"template":"","format":"standard","meta":{"jetpack_post_was_ever_published":false,"_jetpack_newsletter_access":"","_jetpack_dont_email_post_to_subs":false,"_jetpack_newsletter_tier_id":0,"_jetpack_memberships_contains_paywalled_content":false,"_jetpack_memberships_contains_paid_content":false,"footnotes":"","jetpack_publicize_message":"","jetpack_publicize_feature_enabled":true,"jetpack_social_post_already_shared":true,"jetpack_social_options":{"image_generator_settings":{"template":"highway","default_image_id":0,"font":"","enabled":false},"version":2}},"categories":[1],"tags":[],"class_list":["post-13108","post","type-post","status-publish","format-standard","has-post-thumbnail","hentry","category-sin-categorizar"],"jetpack_publicize_connections":[],"jetpack_featured_media_url":"https:\/\/www.edder.org\/upload\/2016\/07\/cuelga.jpg","jetpack_shortlink":"https:\/\/wp.me\/p6kHv-3pq","jetpack_sharing_enabled":true,"jetpack-related-posts":[{"id":617,"url":"https:\/\/www.edder.org\/?p=617","url_meta":{"origin":13108,"position":0},"title":"Cad\u00e1veres en el s\u00f3tano","author":"Eder","date":"viernes, 19 Mar, 2010","format":false,"excerpt":"Se asombra la \u00faltima ganadora del Nadal, que pas\u00f3 por aqu\u00ed en gira promocional de su novela, de que los sucesivos gobiernos democr\u00e1ticos habidos tras la muerte de Franco ni se dieran por notificados de que en Espa\u00f1a hab\u00edan encontrado refugio algunos nazis, a los que nadie molest\u00f3 y menos\u2026","rel":"","context":"En \u00abNA\u00bb","block_context":{"text":"NA","link":"https:\/\/www.edder.org\/?cat=3"},"img":{"alt_text":"","src":"","width":0,"height":0},"classes":[]},{"id":15,"url":"https:\/\/www.edder.org\/?p=15","url_meta":{"origin":13108,"position":1},"title":"La pesadilla de Darwin","author":"Eder","date":"viernes, 30 Sep, 2005","format":false,"excerpt":"En el curso de una suculenta cena habida en los inmensos y casi siempre des\u00e9rticos hangares del Baluarte, ese dinosaurio archihist\u00f3rico que es el presidente de la patronal espa\u00f1ola mostr\u00f3 su alarma ante la perspectiva de que Catalu\u00f1a \u2013el pez chico\u2013 termine devorando a Espa\u00f1a. A la misma hora en\u2026","rel":"","context":"En \u00abNA\u00bb","block_context":{"text":"NA","link":"https:\/\/www.edder.org\/?cat=3"},"img":{"alt_text":"","src":"","width":0,"height":0},"classes":[]},{"id":3084,"url":"https:\/\/www.edder.org\/?p=3084","url_meta":{"origin":13108,"position":2},"title":"La \u00faltima vez que Eva vio el Para\u00edso","author":"Eder","date":"martes, 7 May, 2013","format":false,"excerpt":"La \u00faltima vez que Eva vio el Para\u00edso, seg\u00fan Jonas Mekas:","rel":"","context":"En \u00abArtes\u00bb","block_context":{"text":"Artes","link":"https:\/\/www.edder.org\/?cat=85"},"img":{"alt_text":"","src":"","width":0,"height":0},"classes":[]},{"id":12791,"url":"https:\/\/www.edder.org\/?p=12791","url_meta":{"origin":13108,"position":3},"title":"El precariado: nuevos a\u00f1os triunfales","author":"Eder","date":"jueves, 3 Mar, 2016","format":false,"excerpt":"\u2022 Despu\u00e9s de Letonia, Espa\u00f1a es el pa\u00eds europeo que m\u00e1s desigualmente reparte sus rentas de trabajo. \u2022 Desde hace 30 a\u00f1os, Espa\u00f1a es el pa\u00eds del mundo con una m\u00e1s baja tasa de natalidad. \u2022 En \u00e9poca reciente, los salarios m\u00e1s bajos han descendido en Espa\u00f1a un 25 %,\u2026","rel":"","context":"En \u00abSin categorizar\u00bb","block_context":{"text":"Sin categorizar","link":"https:\/\/www.edder.org\/?cat=1"},"img":{"alt_text":"","src":"https:\/\/i0.wp.com\/www.edder.org\/upload\/2016\/03\/el-roto-problems.gif?resize=350%2C200&ssl=1","width":350,"height":200},"classes":[]},{"id":15050,"url":"https:\/\/www.edder.org\/?p=15050","url_meta":{"origin":13108,"position":4},"title":"\u00bfAbortar? \u00a1No en Texas!","author":"Eder","date":"domingo, 31 Mar, 2019","format":false,"excerpt":"Hasta ayer mismo, hasta esta legislatura que se va, los sucesivos gobiernos de la derecha navarra que hemos tenido ocasi\u00f3n de disfrutar met\u00edan a nuestras abortistas en un autob\u00fas y las mandaban a interrumpir sus embarazos de Ejea de los Caballeros para all\u00e1, fuera de nuestras fronteras forales. Navarra, alcanfor\u2026","rel":"","context":"En \u00abCine\u00bb","block_context":{"text":"Cine","link":"https:\/\/www.edder.org\/?cat=79"},"img":{"alt_text":"","src":"https:\/\/i0.wp.com\/www.edder.org\/upload\/2019\/03\/peman.jpg?resize=350%2C200&ssl=1","width":350,"height":200},"classes":[]},{"id":61,"url":"https:\/\/www.edder.org\/?p=61","url_meta":{"origin":13108,"position":5},"title":"El segundo de la tarde","author":"Eder","date":"viernes, 16 Jun, 2006","format":false,"excerpt":"No s\u00e9 qu\u00e9 pas\u00f3 en el primero o en el cuarto de la tarde; pero, cuando la armada futbol\u00edstica que dirige ese S\u00e9neca mesetario al que llaman el Sabio de Hortaleza asest\u00f3 al adversario el segundo de la tarde, Espa\u00f1a ???ese tronar de decibelios en las pantallas de plasma de\u2026","rel":"","context":"En \u00abSin categorizar\u00bb","block_context":{"text":"Sin categorizar","link":"https:\/\/www.edder.org\/?cat=1"},"img":{"alt_text":"","src":"","width":0,"height":0},"classes":[]}],"jetpack_likes_enabled":true,"_links":{"self":[{"href":"https:\/\/www.edder.org\/index.php?rest_route=\/wp\/v2\/posts\/13108","targetHints":{"allow":["GET"]}}],"collection":[{"href":"https:\/\/www.edder.org\/index.php?rest_route=\/wp\/v2\/posts"}],"about":[{"href":"https:\/\/www.edder.org\/index.php?rest_route=\/wp\/v2\/types\/post"}],"author":[{"embeddable":true,"href":"https:\/\/www.edder.org\/index.php?rest_route=\/wp\/v2\/users\/82"}],"replies":[{"embeddable":true,"href":"https:\/\/www.edder.org\/index.php?rest_route=%2Fwp%2Fv2%2Fcomments&post=13108"}],"version-history":[{"count":0,"href":"https:\/\/www.edder.org\/index.php?rest_route=\/wp\/v2\/posts\/13108\/revisions"}],"wp:featuredmedia":[{"embeddable":true,"href":"https:\/\/www.edder.org\/index.php?rest_route=\/wp\/v2\/media\/13109"}],"wp:attachment":[{"href":"https:\/\/www.edder.org\/index.php?rest_route=%2Fwp%2Fv2%2Fmedia&parent=13108"}],"wp:term":[{"taxonomy":"category","embeddable":true,"href":"https:\/\/www.edder.org\/index.php?rest_route=%2Fwp%2Fv2%2Fcategories&post=13108"},{"taxonomy":"post_tag","embeddable":true,"href":"https:\/\/www.edder.org\/index.php?rest_route=%2Fwp%2Fv2%2Ftags&post=13108"}],"curies":[{"name":"wp","href":"https:\/\/api.w.org\/{rel}","templated":true}]}}