{"id":13089,"date":"2016-07-19T22:45:33","date_gmt":"2016-07-19T21:45:33","guid":{"rendered":"https:\/\/www.edder.org\/?p=13089"},"modified":"2016-07-19T23:02:19","modified_gmt":"2016-07-19T22:02:19","slug":"summertime-tiempo-de-feriantes","status":"publish","type":"post","link":"https:\/\/www.edder.org\/?p=13089","title":{"rendered":"Summertime (tiempo de feriantes)"},"content":{"rendered":"<p>Summertime and the livin&#39; is [not so] easy&hellip;<\/p>\n<p>De<em> Tralas luces<\/em>, la pel&iacute;cula de Sandra S&aacute;nchez que la casa se complace mucho en recomendar:<\/p>\n<p style=\"text-align: center;\"><div class=\"video-shortcode\"><iframe width=\"1080\" height=\"608\" src=\"https:\/\/www.youtube.com\/embed\/a8zGmJJ08cE?feature=oembed\" frameborder=\"0\" allowfullscreen><\/iframe><\/div><\/p>\n<p>&nbsp;<\/p>\n","protected":false},"excerpt":{"rendered":"<p>Summertime and the livin&#39; is [not so] easy&hellip; De Tralas luces, la pel&iacute;cula de Sandra S&aacute;nchez que la casa se complace mucho en recomendar: &nbsp;<\/p>\n","protected":false},"author":82,"featured_media":13095,"comment_status":"closed","ping_status":"closed","sticky":false,"template":"","format":"standard","meta":{"jetpack_post_was_ever_published":false,"_jetpack_newsletter_access":"","_jetpack_dont_email_post_to_subs":false,"_jetpack_newsletter_tier_id":0,"_jetpack_memberships_contains_paywalled_content":false,"_jetpack_memberships_contains_paid_content":false,"footnotes":"","jetpack_publicize_message":"","jetpack_publicize_feature_enabled":true,"jetpack_social_post_already_shared":true,"jetpack_social_options":{"image_generator_settings":{"template":"highway","default_image_id":0,"font":"","enabled":false},"version":2}},"categories":[79,1],"tags":[528],"class_list":["post-13089","post","type-post","status-publish","format-standard","has-post-thumbnail","hentry","category-cine","category-sin-categorizar","tag-sanchez"],"jetpack_publicize_connections":[],"jetpack_featured_media_url":"https:\/\/www.edder.org\/upload\/2016\/07\/tralas.jpg","jetpack_shortlink":"https:\/\/wp.me\/p6kHv-3p7","jetpack_sharing_enabled":true,"jetpack-related-posts":[{"id":13771,"url":"https:\/\/www.edder.org\/?p=13771","url_meta":{"origin":13089,"position":0},"title":"Summertime (is gone)","author":"Eder","date":"jueves, 26 Oct, 2017","format":false,"excerpt":"William Willie Hugh Nelson (Abbot, Texas, 1933).","rel":"","context":"En \u00abM\u00fasica\u00bb","block_context":{"text":"M\u00fasica","link":"https:\/\/www.edder.org\/?cat=87"},"img":{"alt_text":"","src":"https:\/\/i0.wp.com\/www.edder.org\/upload\/2017\/10\/nelson-0001.jpg?resize=350%2C200&ssl=1","width":350,"height":200},"classes":[]},{"id":3616,"url":"https:\/\/www.edder.org\/?p=3616","url_meta":{"origin":13089,"position":1},"title":"Penalidades de los filisteos","author":"Eder","date":"martes, 11 Mar, 2014","format":false,"excerpt":"La c\u00f3lera del Dios de Israel:","rel":"","context":"En \u00abCine\u00bb","block_context":{"text":"Cine","link":"https:\/\/www.edder.org\/?cat=79"},"img":{"alt_text":"","src":"https:\/\/i0.wp.com\/edder.org\/images\/filisteos.jpg?resize=350%2C200","width":350,"height":200,"srcset":"https:\/\/i0.wp.com\/edder.org\/images\/filisteos.jpg?resize=350%2C200 1x, https:\/\/i0.wp.com\/edder.org\/images\/filisteos.jpg?resize=525%2C300 1.5x"},"classes":[]},{"id":11671,"url":"https:\/\/www.edder.org\/?p=11671","url_meta":{"origin":13089,"position":2},"title":"Dietista incombustible encomia la honestidad ajena","author":"Eder","date":"viernes, 15 May, 2015","format":false,"excerpt":"S\u00e1nchez de Muni\u00e1in, portavoz del Gobierno de Navarra y candidato de Uni\u00f3n del Pueblo Navarro (UPN) hace el encomio de la \u00e9tica y la honestidad:","rel":"","context":"En \u00abSin categorizar\u00bb","block_context":{"text":"Sin categorizar","link":"https:\/\/www.edder.org\/?cat=1"},"img":{"alt_text":"","src":"https:\/\/i0.wp.com\/www.edder.org\/upload\/2015\/05\/Screen-Shot-2015-05-15-at-16.51.49.png?resize=350%2C200&ssl=1","width":350,"height":200,"srcset":"https:\/\/i0.wp.com\/www.edder.org\/upload\/2015\/05\/Screen-Shot-2015-05-15-at-16.51.49.png?resize=350%2C200&ssl=1 1x, https:\/\/i0.wp.com\/www.edder.org\/upload\/2015\/05\/Screen-Shot-2015-05-15-at-16.51.49.png?resize=525%2C300&ssl=1 1.5x"},"classes":[]},{"id":11739,"url":"https:\/\/www.edder.org\/?p=11739","url_meta":{"origin":13089,"position":3},"title":"Bajo el puente \/ sobre el puente","author":"Eder","date":"lunes, 8 Jun, 2015","format":false,"excerpt":"Ha pasado mucha agua bajo el puente: cargando pel\u00edcula\u2026 Federico S\u00e1nchez pasa el puente sobre el Bidasoa, una vez m\u00e1s:","rel":"","context":"En \u00abSin categorizar\u00bb","block_context":{"text":"Sin categorizar","link":"https:\/\/www.edder.org\/?cat=1"},"img":{"alt_text":"","src":"https:\/\/i0.wp.com\/www.edder.org\/upload\/2015\/06\/pont.gif?resize=350%2C200&ssl=1","width":350,"height":200,"srcset":"https:\/\/i0.wp.com\/www.edder.org\/upload\/2015\/06\/pont.gif?resize=350%2C200&ssl=1 1x, https:\/\/i0.wp.com\/www.edder.org\/upload\/2015\/06\/pont.gif?resize=525%2C300&ssl=1 1.5x"},"classes":[]},{"id":39556,"url":"https:\/\/www.edder.org\/?p=39556","url_meta":{"origin":13089,"position":4},"title":"Terre sans pain, por L. Bu\u00f1uel, R. Ac\u00edn, E. Lotar, P. Unik, R. S. Ventura, etc.","author":"Eder","date":"lunes, 14 Dic, 2020","format":false,"excerpt":"","rel":"","context":"En \u00abCine\u00bb","block_context":{"text":"Cine","link":"https:\/\/www.edder.org\/?cat=79"},"img":{"alt_text":"","src":"https:\/\/i0.wp.com\/www.edder.org\/upload\/2020\/12\/Screenshot-2020-12-14-at-21.44.51.png?resize=350%2C200&ssl=1","width":350,"height":200,"srcset":"https:\/\/i0.wp.com\/www.edder.org\/upload\/2020\/12\/Screenshot-2020-12-14-at-21.44.51.png?resize=350%2C200&ssl=1 1x, https:\/\/i0.wp.com\/www.edder.org\/upload\/2020\/12\/Screenshot-2020-12-14-at-21.44.51.png?resize=525%2C300&ssl=1 1.5x, https:\/\/i0.wp.com\/www.edder.org\/upload\/2020\/12\/Screenshot-2020-12-14-at-21.44.51.png?resize=700%2C400&ssl=1 2x"},"classes":[]},{"id":742,"url":"https:\/\/www.edder.org\/?p=742","url_meta":{"origin":13089,"position":5},"title":"Las horas del verano","author":"Eder","date":"viernes, 25 Jun, 2010","format":false,"excerpt":"","rel":"","context":"En \u00abNA\u00bb","block_context":{"text":"NA","link":"https:\/\/www.edder.org\/?cat=3"},"img":{"alt_text":"","src":"","width":0,"height":0},"classes":[]}],"jetpack_likes_enabled":true,"_links":{"self":[{"href":"https:\/\/www.edder.org\/index.php?rest_route=\/wp\/v2\/posts\/13089","targetHints":{"allow":["GET"]}}],"collection":[{"href":"https:\/\/www.edder.org\/index.php?rest_route=\/wp\/v2\/posts"}],"about":[{"href":"https:\/\/www.edder.org\/index.php?rest_route=\/wp\/v2\/types\/post"}],"author":[{"embeddable":true,"href":"https:\/\/www.edder.org\/index.php?rest_route=\/wp\/v2\/users\/82"}],"replies":[{"embeddable":true,"href":"https:\/\/www.edder.org\/index.php?rest_route=%2Fwp%2Fv2%2Fcomments&post=13089"}],"version-history":[{"count":0,"href":"https:\/\/www.edder.org\/index.php?rest_route=\/wp\/v2\/posts\/13089\/revisions"}],"wp:featuredmedia":[{"embeddable":true,"href":"https:\/\/www.edder.org\/index.php?rest_route=\/wp\/v2\/media\/13095"}],"wp:attachment":[{"href":"https:\/\/www.edder.org\/index.php?rest_route=%2Fwp%2Fv2%2Fmedia&parent=13089"}],"wp:term":[{"taxonomy":"category","embeddable":true,"href":"https:\/\/www.edder.org\/index.php?rest_route=%2Fwp%2Fv2%2Fcategories&post=13089"},{"taxonomy":"post_tag","embeddable":true,"href":"https:\/\/www.edder.org\/index.php?rest_route=%2Fwp%2Fv2%2Ftags&post=13089"}],"curies":[{"name":"wp","href":"https:\/\/api.w.org\/{rel}","templated":true}]}}