{"id":13063,"date":"2016-07-04T19:37:34","date_gmt":"2016-07-04T18:37:34","guid":{"rendered":"https:\/\/www.edder.org\/?p=13063"},"modified":"2016-07-06T20:04:25","modified_gmt":"2016-07-06T19:04:25","slug":"sanz-como-humanista-sir-norman-como-subversivo","status":"publish","type":"post","link":"https:\/\/www.edder.org\/?p=13063","title":{"rendered":"Sanz como humanista\u2026 Sir Norman como subversivo"},"content":{"rendered":"<p>El llamado &laquo;cambio&raquo; tampoco cambia los congresos de la Fundaci&oacute;n Arquitectura y Sociedad, que nos trae a los Borbones de visita y de cuyo patronato, entre otros dinosaurios, forman parte el expresidente del Gobierno de Navarra M. Sanz, el exconsejero de Cultura J. R. Corpas y el exalcalde de Pamplona E. Maya. La inquietud social de los trepadores que organizan tales congresos subvencionados es tan grande como la de algunos de sus invitados, tal que Rem Koolhaas, del que el maestro de ceremonias de estos congresos, Luis Fern&aacute;ndez Galiano, tiene escrito (en m&aacute;s de un sitio y en m&aacute;s de una ocasi&oacute;n) que es el elemento &laquo;m&aacute;s c&iacute;nico de la profesi&oacute;n&raquo;. Koolhaas &ndash;&iquest;vestido de Prada?&ndash; nos llam&oacute; la semana pasada en Pamplona al activismo pol&iacute;tico; cosa, el activismo, al que seg&uacute;n el ABC se han echado Letizia Ortiz (vestida de Nina Ricci) y la mujer de Obama (vestida por un modisto espa&ntilde;ol de cuyo nombre no me acuerdo). Pero seg&uacute;n Miguel Sanz (s&iacute;, el &laquo;dietista&raquo; de la CAN), en quien la inquietud pol&iacute;tica, social y &eacute;tica alcanza dimensiones &laquo;kantianas&raquo; es en esa multinacional llamada Foster &amp; Partners que representa Sir Norman &Iacute;dem:<\/p>\n<p style=\"text-align: center;\"><div class=\"video-shortcode\"><iframe title=\"Miguel Sanz humanista, Foster subversivo\" width=\"1200\" height=\"675\" src=\"https:\/\/www.youtube.com\/embed\/HdRAnQxYnxo?feature=oembed\" frameborder=\"0\" allow=\"accelerometer; autoplay; clipboard-write; encrypted-media; gyroscope; picture-in-picture; web-share\" allowfullscreen><\/iframe><\/div><\/p>\n","protected":false},"excerpt":{"rendered":"<p>El llamado &laquo;cambio&raquo; tampoco cambia los congresos de la Fundaci&oacute;n Arquitectura y Sociedad, que nos trae a los Borbones de visita y de cuyo patronato, entre otros dinosaurios, forman parte el expresidente del Gobierno de Navarra M. Sanz, el exconsejero de Cultura J. R. Corpas y el exalcalde de Pamplona E. Maya. La inquietud social de los trepadores que organizan tales congresos subvencionados es tan grande como la de algunos de sus invitados, tal que Rem Koolhaas, del que el maestro de ceremonias de estos congresos, Luis Fern&aacute;ndez Galiano, tiene escrito (en m&aacute;s de un sitio y en m&aacute;s de una ocasi&oacute;n) que es el elemento &laquo;m&aacute;s c&iacute;nico de la profesi&oacute;n&raquo;. Koolhaas &ndash;&iquest;vestido de Prada?&ndash; nos llam&oacute; la semana pasada en Pamplona al activismo pol&iacute;tico; cosa, el  [&#8230;]<\/p>\n","protected":false},"author":82,"featured_media":13064,"comment_status":"closed","ping_status":"closed","sticky":false,"template":"","format":"standard","meta":{"jetpack_post_was_ever_published":false,"_jetpack_newsletter_access":"","_jetpack_dont_email_post_to_subs":false,"_jetpack_newsletter_tier_id":0,"_jetpack_memberships_contains_paywalled_content":false,"_jetpack_memberships_contains_paid_content":false,"footnotes":"","jetpack_publicize_message":"","jetpack_publicize_feature_enabled":true,"jetpack_social_post_already_shared":true,"jetpack_social_options":{"image_generator_settings":{"template":"highway","default_image_id":0,"font":"","enabled":false},"version":2}},"categories":[85,1],"tags":[121],"class_list":["post-13063","post","type-post","status-publish","format-standard","has-post-thumbnail","hentry","category-artes","category-sin-categorizar","tag-rem-koolhaas"],"jetpack_publicize_connections":[],"jetpack_featured_media_url":"https:\/\/www.edder.org\/upload\/2016\/07\/vlcsnap-2016-07-04-20h08m04s227.png","jetpack_shortlink":"https:\/\/wp.me\/p6kHv-3oH","jetpack_sharing_enabled":true,"jetpack-related-posts":[{"id":1154,"url":"https:\/\/www.edder.org\/?p=1154","url_meta":{"origin":13063,"position":0},"title":"Musealizaci\u00f3n (o el precio de una lata)","author":"Eder","date":"viernes, 8 Oct, 2010","format":false,"excerpt":"Le\u00ed el otro d\u00eda una palabra que me dej\u00f3 sin habla: \u201cmusealizaci\u00f3n\u201d. Lo que ya no me sorprendi\u00f3 tanto fue leer en el peri\u00f3dico de ayer que al compa\u00f1ero de abajo le hab\u00edan cobrado 2,50 por un Kas en un bar de lo Viejo, o dicho de manera que esos\u2026","rel":"","context":"En \u00abArtes\u00bb","block_context":{"text":"Artes","link":"https:\/\/www.edder.org\/?cat=85"},"img":{"alt_text":"","src":"","width":0,"height":0},"classes":[]},{"id":1848,"url":"https:\/\/www.edder.org\/?p=1848","url_meta":{"origin":13063,"position":1},"title":"Cascajo","author":"Eder","date":"s\u00e1bado, 14 May, 2011","format":false,"excerpt":"Cascajeras, o de la inexcusable presencia del guijo en las \u00abcasas ic\u00f3nicas\u00bb de finales del siglo XX y comienzo del XXI. Rem Koolhaas, Casa de las afueras de Burdeos, 1998.","rel":"","context":"En \u00abArtes\u00bb","block_context":{"text":"Artes","link":"https:\/\/www.edder.org\/?cat=85"},"img":{"alt_text":"","src":"","width":0,"height":0},"classes":[]},{"id":327,"url":"https:\/\/www.edder.org\/?p=327","url_meta":{"origin":13063,"position":2},"title":"Alcanfor","author":"Eder","date":"viernes, 20 Mar, 2009","format":false,"excerpt":"Trepidante actividad cultural en la arena \u2013pron\u00fanciese \u2018harina\u2019\u2013 del Reyno. Trepidante actividad cultural ante la inminencia de la Semana Santa y con el 2016 a la vuelta de la esquina. Javieradas aparte, trepidante actividad cultural en el reyno viejo; reino que, como dijera Pem\u00e1n \u2013el poeta del R\u00e9gimen que por\u2026","rel":"","context":"En \u00abNA\u00bb","block_context":{"text":"NA","link":"https:\/\/www.edder.org\/?cat=3"},"img":{"alt_text":"","src":"","width":0,"height":0},"classes":[]},{"id":12635,"url":"https:\/\/www.edder.org\/?p=12635","url_meta":{"origin":13063,"position":3},"title":"La invenci\u00f3n de la tradici\u00f3n","author":"Eder","date":"domingo, 6 Dic, 2015","format":false,"excerpt":"No s\u00e9 desde qu\u00e9 lejano siglo \u00abes tradici\u00f3n\u00bb exponer belenes en el Palacio de Congresos y Auditorio de Navarra Baluarte; lo que s\u00ed s\u00e9 es que el edificio se medio termin\u00f3 \u2013con unos sobrecostos antol\u00f3gicos, entre otros motivos porque el arquitecto no hab\u00eda previsto lo evidente: que los restos de\u2026","rel":"","context":"En \u00abNA\u00bb","block_context":{"text":"NA","link":"https:\/\/www.edder.org\/?cat=3"},"img":{"alt_text":"","src":"https:\/\/i0.wp.com\/www.edder.org\/upload\/2015\/12\/123-copy.jpg?resize=350%2C200&ssl=1","width":350,"height":200},"classes":[]},{"id":80,"url":"https:\/\/www.edder.org\/?p=80","url_meta":{"origin":13063,"position":4},"title":"Las mentiras de los Sanz","author":"Eder","date":"viernes, 19 Ene, 2007","format":false,"excerpt":"Alguno de los Sanz miente. Alguno de los Sanz miente y no es Alejandro. O si Alejandro Sanz miente, all\u00e1 pel\u00edculas: el cantante no preside ning\u00fan gobierno auton\u00f3mico. Por su parte, parece m\u00e1s que comprobado que Miguel Sanz enton\u00f3 el pasado s\u00e1bado sentidas jotas de su repertorio en la localidad\u2026","rel":"","context":"En \u00abNA\u00bb","block_context":{"text":"NA","link":"https:\/\/www.edder.org\/?cat=3"},"img":{"alt_text":"","src":"","width":0,"height":0},"classes":[]},{"id":433,"url":"https:\/\/www.edder.org\/?p=433","url_meta":{"origin":13063,"position":5},"title":"Yes, they Can","author":"Eder","date":"viernes, 26 Jun, 2009","format":false,"excerpt":"Yes, they Can, o lo que es mismo: Sanz y Barcina seguir\u00e1n estando en la Can cuando el \u00faltimo pol\u00edtico que se vaya de Caja Navarra cierre la puerta. Es m\u00e1s: Sanz estar\u00eda en las altas esferas de Caja Navarra incluso en el poco veros\u00edmil supuesto de que hoy mismo\u2026","rel":"","context":"En \u00abNA\u00bb","block_context":{"text":"NA","link":"https:\/\/www.edder.org\/?cat=3"},"img":{"alt_text":"","src":"","width":0,"height":0},"classes":[]}],"jetpack_likes_enabled":true,"_links":{"self":[{"href":"https:\/\/www.edder.org\/index.php?rest_route=\/wp\/v2\/posts\/13063","targetHints":{"allow":["GET"]}}],"collection":[{"href":"https:\/\/www.edder.org\/index.php?rest_route=\/wp\/v2\/posts"}],"about":[{"href":"https:\/\/www.edder.org\/index.php?rest_route=\/wp\/v2\/types\/post"}],"author":[{"embeddable":true,"href":"https:\/\/www.edder.org\/index.php?rest_route=\/wp\/v2\/users\/82"}],"replies":[{"embeddable":true,"href":"https:\/\/www.edder.org\/index.php?rest_route=%2Fwp%2Fv2%2Fcomments&post=13063"}],"version-history":[{"count":0,"href":"https:\/\/www.edder.org\/index.php?rest_route=\/wp\/v2\/posts\/13063\/revisions"}],"wp:featuredmedia":[{"embeddable":true,"href":"https:\/\/www.edder.org\/index.php?rest_route=\/wp\/v2\/media\/13064"}],"wp:attachment":[{"href":"https:\/\/www.edder.org\/index.php?rest_route=%2Fwp%2Fv2%2Fmedia&parent=13063"}],"wp:term":[{"taxonomy":"category","embeddable":true,"href":"https:\/\/www.edder.org\/index.php?rest_route=%2Fwp%2Fv2%2Fcategories&post=13063"},{"taxonomy":"post_tag","embeddable":true,"href":"https:\/\/www.edder.org\/index.php?rest_route=%2Fwp%2Fv2%2Ftags&post=13063"}],"curies":[{"name":"wp","href":"https:\/\/api.w.org\/{rel}","templated":true}]}}