{"id":13008,"date":"2016-06-09T19:40:40","date_gmt":"2016-06-09T18:40:40","guid":{"rendered":"https:\/\/www.edder.org\/?p=13008"},"modified":"2016-06-09T20:30:54","modified_gmt":"2016-06-09T19:30:54","slug":"ali-el-mago-ali-el-payaso-mas-rapido-que-el-viento","status":"publish","type":"post","link":"https:\/\/www.edder.org\/?p=13008","title":{"rendered":"Ali el mago, Ali el payaso (m\u00e1s r\u00e1pido que el viento)"},"content":{"rendered":"<p>I&#39;m the master of illusion.<br \/>\n\tAli is my name<br \/>\n\tThe magic is my game.<\/p>\n<p style=\"text-align: center;\"><div class=\"video-shortcode\"><iframe title=\"Ali el mago\" width=\"1200\" height=\"675\" src=\"https:\/\/www.youtube.com\/embed\/1psJxD5zB0M?feature=oembed\" frameborder=\"0\" allow=\"accelerometer; autoplay; clipboard-write; encrypted-media; gyroscope; picture-in-picture; web-share\" allowfullscreen><\/iframe><\/div><\/p>\n<p style=\"text-align: center;\">&nbsp;<\/p>\n<p>V&iacute;deos relacionados: &laquo;I&#39;m a charlatan&raquo;<\/p>\n<p style=\"text-align: center;\"><div class=\"video-shortcode\"><iframe title=\"Orson Welles charlat\u00e1n\" width=\"1200\" height=\"900\" src=\"https:\/\/www.youtube.com\/embed\/Kg5kdtIc8N0?feature=oembed\" frameborder=\"0\" allow=\"accelerometer; autoplay; clipboard-write; encrypted-media; gyroscope; picture-in-picture; web-share\" allowfullscreen><\/iframe><\/div><\/p>\n<p style=\"text-align: center;\">&nbsp;<\/p>\n<p style=\"text-align: center;\"><div class=\"video-shortcode\"><iframe title=\"Bertsolari\" width=\"1200\" height=\"675\" src=\"https:\/\/www.youtube.com\/embed\/boWcXCgKUvs?feature=oembed\" frameborder=\"0\" allow=\"accelerometer; autoplay; clipboard-write; encrypted-media; gyroscope; picture-in-picture; web-share\" allowfullscreen><\/iframe><\/div><\/p>\n<p>&nbsp;<\/p>\n","protected":false},"excerpt":{"rendered":"<p>I&#39;m the master of illusion. Ali is my name The magic is my game. &nbsp; V&iacute;deos relacionados: &laquo;I&#39;m a charlatan&raquo; &nbsp; &nbsp;<\/p>\n","protected":false},"author":82,"featured_media":13009,"comment_status":"closed","ping_status":"closed","sticky":false,"template":"","format":"standard","meta":{"jetpack_post_was_ever_published":false,"_jetpack_newsletter_access":"","_jetpack_dont_email_post_to_subs":false,"_jetpack_newsletter_tier_id":0,"_jetpack_memberships_contains_paywalled_content":false,"_jetpack_memberships_contains_paid_content":false,"footnotes":"","jetpack_publicize_message":"","jetpack_publicize_feature_enabled":true,"jetpack_social_post_already_shared":true,"jetpack_social_options":{"image_generator_settings":{"template":"highway","default_image_id":0,"font":"","enabled":false},"version":2}},"categories":[79,1],"tags":[250],"class_list":["post-13008","post","type-post","status-publish","format-standard","has-post-thumbnail","hentry","category-cine","category-sin-categorizar","tag-maysles"],"jetpack_publicize_connections":[],"jetpack_featured_media_url":"https:\/\/www.edder.org\/upload\/2016\/06\/ali2.jpg","jetpack_shortlink":"https:\/\/wp.me\/p6kHv-3nO","jetpack_sharing_enabled":true,"jetpack-related-posts":[{"id":3726,"url":"https:\/\/www.edder.org\/?p=3726","url_meta":{"origin":13008,"position":0},"title":"YouTube is fantastic","author":"Eder","date":"domingo, 27 Jul, 2014","format":false,"excerpt":"I love YouTube:","rel":"","context":"En \u00abCine\u00bb","block_context":{"text":"Cine","link":"https:\/\/www.edder.org\/?cat=79"},"img":{"alt_text":"","src":"https:\/\/i0.wp.com\/www.edder.org\/upload\/2014\/07\/vlcsnap-2015-08-16-11h14m52s47.png?resize=350%2C200&ssl=1","width":350,"height":200},"classes":[]},{"id":38754,"url":"https:\/\/www.edder.org\/?p=38754","url_meta":{"origin":13008,"position":1},"title":"Magia potagia con Beloso al fondo, mira","author":"Eder","date":"martes, 26 May, 2020","format":false,"excerpt":"Magia potagia: cinco duros salidos de la nada. Otros magos en edder.org: Ali el Mago, Orson el Charlat\u00e1n y la magia del maquis:","rel":"","context":"En \u00abCine\u00bb","block_context":{"text":"Cine","link":"https:\/\/www.edder.org\/?cat=79"},"img":{"alt_text":"","src":"https:\/\/i0.wp.com\/www.edder.org\/upload\/2020\/05\/vlcsnap-2020-05-26-18h09m31s799.png?resize=350%2C200&ssl=1","width":350,"height":200,"srcset":"https:\/\/i0.wp.com\/www.edder.org\/upload\/2020\/05\/vlcsnap-2020-05-26-18h09m31s799.png?resize=350%2C200&ssl=1 1x, https:\/\/i0.wp.com\/www.edder.org\/upload\/2020\/05\/vlcsnap-2020-05-26-18h09m31s799.png?resize=525%2C300&ssl=1 1.5x, https:\/\/i0.wp.com\/www.edder.org\/upload\/2020\/05\/vlcsnap-2020-05-26-18h09m31s799.png?resize=700%2C400&ssl=1 2x"},"classes":[]},{"id":129,"url":"https:\/\/www.edder.org\/?p=129","url_meta":{"origin":13008,"position":2},"title":"Rob\u00f3tica y rebotica","author":"Eder","date":"viernes, 11 Ene, 2008","format":false,"excerpt":"Hoy, como suele decirse en la radio, quisiera dar un testimonio humano. Humano en el sentido amplio, ampl\u00edsimo del t\u00e9rmino. Yo no oigo mucho la radio y, escucharla, la escucho algo menos. A menudo la oigo, como creo que es habitual entre mis cong\u00e9neres, como quien oye llover. En esas\u2026","rel":"","context":"En \u00abSin categorizar\u00bb","block_context":{"text":"Sin categorizar","link":"https:\/\/www.edder.org\/?cat=1"},"img":{"alt_text":"","src":"","width":0,"height":0},"classes":[]},{"id":15100,"url":"https:\/\/www.edder.org\/?p=15100","url_meta":{"origin":13008,"position":3},"title":"Las armas, Vox, Zabriskie Point, la ley, la trampa","author":"Eder","date":"viernes, 26 Abr, 2019","format":false,"excerpt":"Fragmento de la pel\u00edcula de Michelangelo Antonioni Zabriskie Point. Fragmento de una intervenci\u00f3n de la voz cantante, o ser\u00e1 mejor decir tonante, de Vox (YouTube). Hecha la ley, hecha la trampa: \u00a0","rel":"","context":"En \u00abCine\u00bb","block_context":{"text":"Cine","link":"https:\/\/www.edder.org\/?cat=79"},"img":{"alt_text":"","src":"https:\/\/i0.wp.com\/www.edder.org\/upload\/2019\/04\/zabriskie1.jpg?resize=350%2C200&ssl=1","width":350,"height":200},"classes":[]},{"id":1703,"url":"https:\/\/www.edder.org\/?p=1703","url_meta":{"origin":13008,"position":4},"title":"Rap","author":"Eder","date":"viernes, 22 Abr, 2011","format":false,"excerpt":"","rel":"","context":"En \u00abM\u00fasica\u00bb","block_context":{"text":"M\u00fasica","link":"https:\/\/www.edder.org\/?cat=87"},"img":{"alt_text":"","src":"","width":0,"height":0},"classes":[]},{"id":11835,"url":"https:\/\/www.edder.org\/?p=11835","url_meta":{"origin":13008,"position":5},"title":"Muhammed Ali bertsolari","author":"Eder","date":"lunes, 6 Jul, 2015","format":false,"excerpt":"Muhammed Ali improvisa unos versos hacia 1974:","rel":"","context":"En \u00abSin categorizar\u00bb","block_context":{"text":"Sin categorizar","link":"https:\/\/www.edder.org\/?cat=1"},"img":{"alt_text":"","src":"https:\/\/i0.wp.com\/www.edder.org\/upload\/2015\/07\/ali1.jpg?resize=350%2C200&ssl=1","width":350,"height":200,"srcset":"https:\/\/i0.wp.com\/www.edder.org\/upload\/2015\/07\/ali1.jpg?resize=350%2C200&ssl=1 1x, https:\/\/i0.wp.com\/www.edder.org\/upload\/2015\/07\/ali1.jpg?resize=525%2C300&ssl=1 1.5x"},"classes":[]}],"jetpack_likes_enabled":true,"_links":{"self":[{"href":"https:\/\/www.edder.org\/index.php?rest_route=\/wp\/v2\/posts\/13008","targetHints":{"allow":["GET"]}}],"collection":[{"href":"https:\/\/www.edder.org\/index.php?rest_route=\/wp\/v2\/posts"}],"about":[{"href":"https:\/\/www.edder.org\/index.php?rest_route=\/wp\/v2\/types\/post"}],"author":[{"embeddable":true,"href":"https:\/\/www.edder.org\/index.php?rest_route=\/wp\/v2\/users\/82"}],"replies":[{"embeddable":true,"href":"https:\/\/www.edder.org\/index.php?rest_route=%2Fwp%2Fv2%2Fcomments&post=13008"}],"version-history":[{"count":0,"href":"https:\/\/www.edder.org\/index.php?rest_route=\/wp\/v2\/posts\/13008\/revisions"}],"wp:featuredmedia":[{"embeddable":true,"href":"https:\/\/www.edder.org\/index.php?rest_route=\/wp\/v2\/media\/13009"}],"wp:attachment":[{"href":"https:\/\/www.edder.org\/index.php?rest_route=%2Fwp%2Fv2%2Fmedia&parent=13008"}],"wp:term":[{"taxonomy":"category","embeddable":true,"href":"https:\/\/www.edder.org\/index.php?rest_route=%2Fwp%2Fv2%2Fcategories&post=13008"},{"taxonomy":"post_tag","embeddable":true,"href":"https:\/\/www.edder.org\/index.php?rest_route=%2Fwp%2Fv2%2Ftags&post=13008"}],"curies":[{"name":"wp","href":"https:\/\/api.w.org\/{rel}","templated":true}]}}