{"id":12944,"date":"2016-05-23T23:14:26","date_gmt":"2016-05-23T22:14:26","guid":{"rendered":"https:\/\/www.edder.org\/?p=12944"},"modified":"2016-05-24T15:45:53","modified_gmt":"2016-05-24T14:45:53","slug":"el-vientro-sopla-donde-quiere","status":"publish","type":"post","link":"https:\/\/www.edder.org\/?p=12944","title":{"rendered":"El vientro sopla donde quiere"},"content":{"rendered":"<p><span class=\"fp\">&laquo;El viento sopla donde quiere; t&uacute; lo oyes, pero no sabes de d&oacute;nde viene ni a d&oacute;nde va. As&iacute; tambi&eacute;n todo el que ha nacido del Viento &ndash;es decir, libre&ndash;.&raquo;<\/span><\/p>\n<p><span class=\"fp\">&laquo;&tau;\u1f78 &pi;&nu;&epsilon;\u1fe6&mu;&alpha; \u1f45&pi;&omicron;&upsilon; &theta;\u1f73&lambda;&epsilon;&iota; &pi;&nu;&epsilon;\u1fd6, &kappa;&alpha;\u1f76 &tau;\u1f74&nu; &phi;&omega;&nu;\u1f74&nu; &alpha;\u1f50&tau;&omicron;\u1fe6 \u1f00&kappa;&omicron;\u1f7b&epsilon;&iota;&sigmaf;, \u1f00&lambda;&lambda;&#39; &omicron;\u1f50&kappa; &omicron;\u1f36&delta;&alpha;&sigmaf; &pi;\u1f79&theta;&epsilon;&nu; \u1f14&rho;&chi;&epsilon;&tau;&alpha;&iota; &kappa;&alpha;\u1f76 &pi;&omicron;\u1fe6 \u1f51&pi;\u1f71&gamma;&epsilon;&iota;\u0387 &omicron;\u1f55&tau;&omega;&sigmaf; \u1f10&sigma;&tau;\u1f76 &pi;\u1fb6&sigmaf; \u1f41 &gamma;&epsilon;&gamma;&epsilon;&nu;&nu;&eta;&mu;\u1f73&nu;&omicron;&sigmaf; \u1f10&kappa; &tau;&omicron;\u1fe6 &Pi;&nu;&epsilon;\u1f7b&mu;&alpha;&tau;&omicron;&sigmaf;.&raquo;<\/span><\/p>\n<p>&nbsp;<\/p>\n<p style=\"text-align: center;\"><div class=\"video-shortcode\"><iframe title=\"El viento sopla donde quiere\" width=\"1200\" height=\"900\" src=\"https:\/\/www.youtube.com\/embed\/JZsz3V6qmMA?feature=oembed\" frameborder=\"0\" allow=\"accelerometer; autoplay; clipboard-write; encrypted-media; gyroscope; picture-in-picture; web-share\" allowfullscreen><\/iframe><\/div><\/p>\n","protected":false},"excerpt":{"rendered":"<p>&laquo;El viento sopla donde quiere; t&uacute; lo oyes, pero no sabes de d&oacute;nde viene ni a d&oacute;nde va. As&iacute; tambi&eacute;n todo el que ha nacido del Viento &ndash;es decir, libre&ndash;.&raquo; &laquo;&tau;\u1f78 &pi;&nu;&epsilon;\u1fe6&mu;&alpha; \u1f45&pi;&omicron;&upsilon; &theta;\u1f73&lambda;&epsilon;&iota; &pi;&nu;&epsilon;\u1fd6, &kappa;&alpha;\u1f76 &tau;\u1f74&nu; &phi;&omega;&nu;\u1f74&nu; &alpha;\u1f50&tau;&omicron;\u1fe6 \u1f00&kappa;&omicron;\u1f7b&epsilon;&iota;&sigmaf;, \u1f00&lambda;&lambda;&#39; &omicron;\u1f50&kappa; &omicron;\u1f36&delta;&alpha;&sigmaf; &pi;\u1f79&theta;&epsilon;&nu; \u1f14&rho;&chi;&epsilon;&tau;&alpha;&iota; &kappa;&alpha;\u1f76 &pi;&omicron;\u1fe6 \u1f51&pi;\u1f71&gamma;&epsilon;&iota;\u0387 &omicron;\u1f55&tau;&omega;&sigmaf; \u1f10&sigma;&tau;\u1f76 &pi;\u1fb6&sigmaf; \u1f41 &gamma;&epsilon;&gamma;&epsilon;&nu;&nu;&eta;&mu;\u1f73&nu;&omicron;&sigmaf; \u1f10&kappa; &tau;&omicron;\u1fe6 &Pi;&nu;&epsilon;\u1f7b&mu;&alpha;&tau;&omicron;&sigmaf;.&raquo; &nbsp;<\/p>\n","protected":false},"author":82,"featured_media":12952,"comment_status":"closed","ping_status":"closed","sticky":false,"template":"","format":"standard","meta":{"jetpack_post_was_ever_published":false,"_jetpack_newsletter_access":"","_jetpack_dont_email_post_to_subs":false,"_jetpack_newsletter_tier_id":0,"_jetpack_memberships_contains_paywalled_content":false,"_jetpack_memberships_contains_paid_content":false,"footnotes":"","jetpack_publicize_message":"","jetpack_publicize_feature_enabled":true,"jetpack_social_post_already_shared":true,"jetpack_social_options":{"image_generator_settings":{"template":"highway","default_image_id":0,"font":"","enabled":false},"version":2}},"categories":[1],"tags":[],"class_list":["post-12944","post","type-post","status-publish","format-standard","has-post-thumbnail","hentry","category-sin-categorizar"],"jetpack_publicize_connections":[],"jetpack_featured_media_url":"https:\/\/www.edder.org\/upload\/2016\/05\/vlcsnap-2016-05-24-00h12m22s51.png","jetpack_shortlink":"https:\/\/wp.me\/p6kHv-3mM","jetpack_sharing_enabled":true,"jetpack-related-posts":[{"id":13075,"url":"https:\/\/www.edder.org\/?p=13075","url_meta":{"origin":12944,"position":0},"title":"El viento es un drag\u00f3n marino que vuela","author":"Eder","date":"s\u00e1bado, 9 Jul, 2016","format":false,"excerpt":"El viento es un drag\u00f3n que emergi\u00f3 del mar y vuela por donde quiere.","rel":"","context":"En \u00abArtes\u00bb","block_context":{"text":"Artes","link":"https:\/\/www.edder.org\/?cat=85"},"img":{"alt_text":"","src":"https:\/\/i0.wp.com\/www.edder.org\/upload\/2016\/07\/dragon.jpg?resize=350%2C200&ssl=1","width":350,"height":200},"classes":[]},{"id":13995,"url":"https:\/\/www.edder.org\/?p=13995","url_meta":{"origin":12944,"position":1},"title":"El lugar de la Estrella (viento de Par\u00eds)","author":"Eder","date":"mi\u00e9rcoles, 28 Feb, 2018","format":false,"excerpt":"\u00bfD\u00f3nde est\u00e1 la Estrella? La Estrella est\u00e1 mucho m\u00e1s cerca que las estrellas. Place de l'\u00c9toile, viento de Par\u00eds. Con la colaboraci\u00f3n desinteresada de las Ogier, Cl\u00e9menti, Rivette, Goldman, etc.","rel":"","context":"En \u00abArtes\u00bb","block_context":{"text":"Artes","link":"https:\/\/www.edder.org\/?cat=85"},"img":{"alt_text":"","src":"https:\/\/i0.wp.com\/www.edder.org\/upload\/2018\/02\/etoile.jpg?resize=350%2C200&ssl=1","width":350,"height":200},"classes":[]},{"id":13607,"url":"https:\/\/www.edder.org\/?p=13607","url_meta":{"origin":12944,"position":2},"title":"Mojados del R\u00edo Grande (qu\u00e9 r\u00edo tan chiquito)","author":"Eder","date":"martes, 23 May, 2017","format":false,"excerpt":"\u00d3diame, por piedad yo te lo pido \u00d3diame sin medida ni clemencia Hoy no quiero m\u00e1s que indiferencia porque el rencor quiere menos que el olvido. Si t\u00fa me odias quedar\u00e9 yo convencido de que me amaste mi amor con insistencia pero ten presente y de acuerdo a la experiencia\u2026","rel":"","context":"En \u00abCine\u00bb","block_context":{"text":"Cine","link":"https:\/\/www.edder.org\/?cat=79"},"img":{"alt_text":"","src":"https:\/\/i0.wp.com\/www.edder.org\/upload\/2017\/05\/82.jpg?resize=350%2C200&ssl=1","width":350,"height":200,"srcset":"https:\/\/i0.wp.com\/www.edder.org\/upload\/2017\/05\/82.jpg?resize=350%2C200&ssl=1 1x, https:\/\/i0.wp.com\/www.edder.org\/upload\/2017\/05\/82.jpg?resize=525%2C300&ssl=1 1.5x"},"classes":[]},{"id":2184,"url":"https:\/\/www.edder.org\/?p=2184","url_meta":{"origin":12944,"position":3},"title":"A\u00f1os triunfales","author":"Eder","date":"s\u00e1bado, 26 Nov, 2011","format":false,"excerpt":"","rel":"","context":"En \u00abLetras\u00bb","block_context":{"text":"Letras","link":"https:\/\/www.edder.org\/?cat=93"},"img":{"alt_text":"","src":"https:\/\/i0.wp.com\/edder.org\/images\/triunfales.jpg?resize=350%2C200","width":350,"height":200,"srcset":"https:\/\/i0.wp.com\/edder.org\/images\/triunfales.jpg?resize=350%2C200 1x, https:\/\/i0.wp.com\/edder.org\/images\/triunfales.jpg?resize=525%2C300 1.5x"},"classes":[]},{"id":313,"url":"https:\/\/www.edder.org\/?p=313","url_meta":{"origin":12944,"position":4},"title":"La soledad (II)","author":"Eder","date":"viernes, 6 Mar, 2009","format":false,"excerpt":"En la ma\u00f1ana de ayer, las ventiscas de nieve azotaron el lugar de la calle F, en el pol\u00edgono de los Agustinos \u2013dos rotondas m\u00e1s all\u00e1 del h\u00edper Eroski, a la derecha\u2013, donde una representaci\u00f3n de los trabajadores de Ochoa-L\u00e1car, cada ma\u00f1ana de nueve a once, sigue oponi\u00e9ndose a que\u2026","rel":"","context":"En \u00abNA\u00bb","block_context":{"text":"NA","link":"https:\/\/www.edder.org\/?cat=3"},"img":{"alt_text":"","src":"","width":0,"height":0},"classes":[]},{"id":15263,"url":"https:\/\/www.edder.org\/?p=15263","url_meta":{"origin":12944,"position":5},"title":"Viento del parque Montsouris (Par\u00eds, XII)","author":"Eder","date":"lunes, 29 Jul, 2019","format":false,"excerpt":"Viento del parque Montsouris, Par\u00eds XII (viento Jacques Rivette hacia 1993). Y al fondo y entre los \u00e1rboles, viento de Central Park, NY (viento Vincente Minnelli hacia 1953). \u00a0 M\u00e1s viento de Par\u00eds (XIX): \u00a0 + Sibila en edder.org:","rel":"","context":"En \u00abCine\u00bb","block_context":{"text":"Cine","link":"https:\/\/www.edder.org\/?cat=79"},"img":{"alt_text":"","src":"https:\/\/i0.wp.com\/www.edder.org\/upload\/2019\/07\/dancing-0002.png?resize=350%2C200&ssl=1","width":350,"height":200},"classes":[]}],"jetpack_likes_enabled":true,"_links":{"self":[{"href":"https:\/\/www.edder.org\/index.php?rest_route=\/wp\/v2\/posts\/12944","targetHints":{"allow":["GET"]}}],"collection":[{"href":"https:\/\/www.edder.org\/index.php?rest_route=\/wp\/v2\/posts"}],"about":[{"href":"https:\/\/www.edder.org\/index.php?rest_route=\/wp\/v2\/types\/post"}],"author":[{"embeddable":true,"href":"https:\/\/www.edder.org\/index.php?rest_route=\/wp\/v2\/users\/82"}],"replies":[{"embeddable":true,"href":"https:\/\/www.edder.org\/index.php?rest_route=%2Fwp%2Fv2%2Fcomments&post=12944"}],"version-history":[{"count":0,"href":"https:\/\/www.edder.org\/index.php?rest_route=\/wp\/v2\/posts\/12944\/revisions"}],"wp:featuredmedia":[{"embeddable":true,"href":"https:\/\/www.edder.org\/index.php?rest_route=\/wp\/v2\/media\/12952"}],"wp:attachment":[{"href":"https:\/\/www.edder.org\/index.php?rest_route=%2Fwp%2Fv2%2Fmedia&parent=12944"}],"wp:term":[{"taxonomy":"category","embeddable":true,"href":"https:\/\/www.edder.org\/index.php?rest_route=%2Fwp%2Fv2%2Fcategories&post=12944"},{"taxonomy":"post_tag","embeddable":true,"href":"https:\/\/www.edder.org\/index.php?rest_route=%2Fwp%2Fv2%2Ftags&post=12944"}],"curies":[{"name":"wp","href":"https:\/\/api.w.org\/{rel}","templated":true}]}}