{"id":12885,"date":"2016-05-06T18:12:39","date_gmt":"2016-05-06T17:12:39","guid":{"rendered":"https:\/\/www.edder.org\/?p=12885"},"modified":"2016-05-06T18:12:51","modified_gmt":"2016-05-06T17:12:51","slug":"juan-david-garcia-bacca-profeta","status":"publish","type":"post","link":"https:\/\/www.edder.org\/?p=12885","title":{"rendered":"Garc\u00eda Bacca, profeta"},"content":{"rendered":"<p>Era agosto de 1978 y Juan David Garc&iacute;a Bacca (Pamplona, 1901 &#8211; Quito, 1992), entrevistado por Joaqu&iacute;n Soler Serrano, aventuraba estas prof&eacute;ticas palabras:<\/p>\n<p style=\"text-align: center;\"><div class=\"video-shortcode\"><iframe title=\"Juan David Garc\u00eda Bacca, profeta\" width=\"1200\" height=\"675\" src=\"https:\/\/www.youtube.com\/embed\/U-OA9C4_bDc?feature=oembed\" frameborder=\"0\" allow=\"accelerometer; autoplay; clipboard-write; encrypted-media; gyroscope; picture-in-picture; web-share\" allowfullscreen><\/iframe><\/div><\/p>\n","protected":false},"excerpt":{"rendered":"<p>Era agosto de 1978 y Juan David Garc&iacute;a Bacca (Pamplona, 1901 &#8211; Quito, 1992), entrevistado por Joaqu&iacute;n Soler Serrano, aventuraba estas prof&eacute;ticas palabras:<\/p>\n","protected":false},"author":82,"featured_media":12886,"comment_status":"closed","ping_status":"closed","sticky":false,"template":"","format":"standard","meta":{"jetpack_post_was_ever_published":false,"_jetpack_newsletter_access":"","_jetpack_dont_email_post_to_subs":false,"_jetpack_newsletter_tier_id":0,"_jetpack_memberships_contains_paywalled_content":false,"_jetpack_memberships_contains_paid_content":false,"footnotes":"","jetpack_publicize_message":"","jetpack_publicize_feature_enabled":true,"jetpack_social_post_already_shared":true,"jetpack_social_options":{"image_generator_settings":{"template":"highway","default_image_id":0,"font":"","enabled":false},"version":2}},"categories":[1],"tags":[516],"class_list":["post-12885","post","type-post","status-publish","format-standard","has-post-thumbnail","hentry","category-sin-categorizar","tag-garcia-bacca"],"jetpack_publicize_connections":[],"jetpack_featured_media_url":"https:\/\/www.edder.org\/upload\/2016\/05\/garciabacca.jpg","jetpack_shortlink":"https:\/\/wp.me\/p6kHv-3lP","jetpack_sharing_enabled":true,"jetpack-related-posts":[{"id":107,"url":"https:\/\/www.edder.org\/?p=107","url_meta":{"origin":12885,"position":0},"title":"Jorge Oteiza. El hombre de Lascaux","author":"Eder","date":"viernes, 24 Ago, 2007","format":false,"excerpt":"","rel":"","context":"En \u00abArtes\u00bb","block_context":{"text":"Artes","link":"https:\/\/www.edder.org\/?cat=85"},"img":{"alt_text":"","src":"https:\/\/i0.wp.com\/www.edder.org\/upload\/2007\/08\/oteiza_lascaux.png?resize=350%2C200&ssl=1","width":350,"height":200,"srcset":"https:\/\/i0.wp.com\/www.edder.org\/upload\/2007\/08\/oteiza_lascaux.png?resize=350%2C200&ssl=1 1x, https:\/\/i0.wp.com\/www.edder.org\/upload\/2007\/08\/oteiza_lascaux.png?resize=525%2C300&ssl=1 1.5x, https:\/\/i0.wp.com\/www.edder.org\/upload\/2007\/08\/oteiza_lascaux.png?resize=700%2C400&ssl=1 2x, https:\/\/i0.wp.com\/www.edder.org\/upload\/2007\/08\/oteiza_lascaux.png?resize=1050%2C600&ssl=1 3x"},"classes":[]},{"id":3885,"url":"https:\/\/www.edder.org\/?p=3885","url_meta":{"origin":12885,"position":1},"title":"El le\u00f3n cartom\u00e1ntico","author":"Eder","date":"lunes, 1 Dic, 2014","format":false,"excerpt":"El le\u00f3n cartom\u00e1ntico: el bicho m\u00e1s terrible de la selva, con medio cuerpo de hombre, medio cuerpo de cart\u00f3n:","rel":"","context":"En \u00abCine\u00bb","block_context":{"text":"Cine","link":"https:\/\/www.edder.org\/?cat=79"},"img":{"alt_text":"","src":"","width":0,"height":0},"classes":[]},{"id":4050,"url":"https:\/\/www.edder.org\/?p=4050","url_meta":{"origin":12885,"position":2},"title":"Otra banda m\u00e1s (no la peor) del este de Los Angeles","author":"Eder","date":"viernes, 23 Ene, 2015","format":false,"excerpt":"Bertha: Los Lobos, en directo, en el Bull Run (Shirley, Massachusetts, USA), el pasado 9 de marzo de 2014. All credits are for egeoffm. \u00a0 Bertha es una canci\u00f3n de Jerry Garcia y Robert Hunter: \u00a0 \u00a0 \u00a0","rel":"","context":"En \u00abM\u00fasica\u00bb","block_context":{"text":"M\u00fasica","link":"https:\/\/www.edder.org\/?cat=87"},"img":{"alt_text":"","src":"","width":0,"height":0},"classes":[]},{"id":316,"url":"https:\/\/www.edder.org\/?p=316","url_meta":{"origin":12885,"position":3},"title":"Rodezno","author":"Eder","date":"martes, 8 Feb, 2011","format":false,"excerpt":"","rel":"","context":"En \u00abNA\u00bb","block_context":{"text":"NA","link":"https:\/\/www.edder.org\/?cat=3"},"img":{"alt_text":"","src":"","width":0,"height":0},"classes":[]},{"id":710,"url":"https:\/\/www.edder.org\/?p=710","url_meta":{"origin":12885,"position":4},"title":"Las maletas del arquitecto","author":"Eder","date":"viernes, 7 May, 2010","format":false,"excerpt":"","rel":"","context":"En \u00abNA\u00bb","block_context":{"text":"NA","link":"https:\/\/www.edder.org\/?cat=3"},"img":{"alt_text":"","src":"https:\/\/i0.wp.com\/www.edder.org\/upload\/2010\/05\/huder_yarnoz.jpg?resize=350%2C200&ssl=1","width":350,"height":200,"srcset":"https:\/\/i0.wp.com\/www.edder.org\/upload\/2010\/05\/huder_yarnoz.jpg?resize=350%2C200&ssl=1 1x, https:\/\/i0.wp.com\/www.edder.org\/upload\/2010\/05\/huder_yarnoz.jpg?resize=525%2C300&ssl=1 1.5x"},"classes":[]},{"id":21,"url":"https:\/\/www.edder.org\/?p=21","url_meta":{"origin":12885,"position":5},"title":"Baluarte: una verg\u00fcenza","author":"Eder","date":"viernes, 28 Oct, 2005","format":false,"excerpt":"Si la autoridad no lo impide \u2013que no lo impedir\u00e1\u2013, hasta el 20 de noviembre podr\u00e1 verse en el Baluarte la exposici\u00f3n Pamplona metr\u00f3poli. 1930\ufffd?\ufffd modernidad & futuro. Es una sucesi\u00f3n de paneles donde se despliega una cronolog\u00eda de los \u00faltimos 75 a\u00f1os. Al entrar, en los hitos del 36,\u2026","rel":"","context":"En \u00abNA\u00bb","block_context":{"text":"NA","link":"https:\/\/www.edder.org\/?cat=3"},"img":{"alt_text":"","src":"","width":0,"height":0},"classes":[]}],"jetpack_likes_enabled":true,"_links":{"self":[{"href":"https:\/\/www.edder.org\/index.php?rest_route=\/wp\/v2\/posts\/12885","targetHints":{"allow":["GET"]}}],"collection":[{"href":"https:\/\/www.edder.org\/index.php?rest_route=\/wp\/v2\/posts"}],"about":[{"href":"https:\/\/www.edder.org\/index.php?rest_route=\/wp\/v2\/types\/post"}],"author":[{"embeddable":true,"href":"https:\/\/www.edder.org\/index.php?rest_route=\/wp\/v2\/users\/82"}],"replies":[{"embeddable":true,"href":"https:\/\/www.edder.org\/index.php?rest_route=%2Fwp%2Fv2%2Fcomments&post=12885"}],"version-history":[{"count":0,"href":"https:\/\/www.edder.org\/index.php?rest_route=\/wp\/v2\/posts\/12885\/revisions"}],"wp:featuredmedia":[{"embeddable":true,"href":"https:\/\/www.edder.org\/index.php?rest_route=\/wp\/v2\/media\/12886"}],"wp:attachment":[{"href":"https:\/\/www.edder.org\/index.php?rest_route=%2Fwp%2Fv2%2Fmedia&parent=12885"}],"wp:term":[{"taxonomy":"category","embeddable":true,"href":"https:\/\/www.edder.org\/index.php?rest_route=%2Fwp%2Fv2%2Fcategories&post=12885"},{"taxonomy":"post_tag","embeddable":true,"href":"https:\/\/www.edder.org\/index.php?rest_route=%2Fwp%2Fv2%2Ftags&post=12885"}],"curies":[{"name":"wp","href":"https:\/\/api.w.org\/{rel}","templated":true}]}}