{"id":12804,"date":"2016-03-13T02:45:19","date_gmt":"2016-03-13T01:45:19","guid":{"rendered":"https:\/\/www.edder.org\/?p=12804"},"modified":"2016-03-13T03:00:53","modified_gmt":"2016-03-13T02:00:53","slug":"el-tiroteo-y-la-mae-west","status":"publish","type":"post","link":"https:\/\/www.edder.org\/?p=12804","title":{"rendered":"El tiroteo y la Mae West"},"content":{"rendered":"<div class=\"video-shortcode\"><iframe width=\"840\" height=\"473\" src=\"https:\/\/www.youtube.com\/embed\/LSJBRkRumIs?feature=oembed\" frameborder=\"0\" allowfullscreen><\/iframe><\/div>\n","protected":false},"excerpt":{"rendered":"","protected":false},"author":82,"featured_media":12805,"comment_status":"closed","ping_status":"closed","sticky":false,"template":"","format":"standard","meta":{"jetpack_post_was_ever_published":false,"_jetpack_newsletter_access":"","_jetpack_dont_email_post_to_subs":false,"_jetpack_newsletter_tier_id":0,"_jetpack_memberships_contains_paywalled_content":false,"_jetpack_memberships_contains_paid_content":false,"footnotes":"","jetpack_publicize_message":"","jetpack_publicize_feature_enabled":true,"jetpack_social_post_already_shared":true,"jetpack_social_options":{"image_generator_settings":{"template":"highway","default_image_id":0,"font":"","enabled":false},"version":2}},"categories":[79],"tags":[217,370],"class_list":["post-12804","post","type-post","status-publish","format-standard","has-post-thumbnail","hentry","category-cine","tag-allen","tag-berlanga"],"jetpack_publicize_connections":[],"jetpack_featured_media_url":"https:\/\/www.edder.org\/upload\/2016\/03\/2-Mae-west-2.jpg","jetpack_shortlink":"https:\/\/wp.me\/p6kHv-3kw","jetpack_sharing_enabled":true,"jetpack-related-posts":[{"id":14194,"url":"https:\/\/www.edder.org\/?p=14194","url_meta":{"origin":12804,"position":0},"title":"Tiroteo frente a New Jersey","author":"Eder","date":"jueves, 26 Jul, 2018","format":false,"excerpt":"Tiroteo en las riveras del Hudson, frente a New Jersey. \u00a0 + tiroteos en edder.org: \u00a0","rel":"","context":"En \u00abCine\u00bb","block_context":{"text":"Cine","link":"https:\/\/www.edder.org\/?cat=79"},"img":{"alt_text":"","src":"","width":0,"height":0},"classes":[]},{"id":14189,"url":"https:\/\/www.edder.org\/?p=14189","url_meta":{"origin":12804,"position":1},"title":"Tiroteo","author":"Eder","date":"viernes, 13 Jul, 2018","format":false,"excerpt":"Ya se acab\u00f3 el alboroto y comienza un tiroteo: \u00a0 + tiroteos en edder.org: El tiroteo y la Mae West","rel":"","context":"En \u00abCine\u00bb","block_context":{"text":"Cine","link":"https:\/\/www.edder.org\/?cat=79"},"img":{"alt_text":"","src":"https:\/\/i0.wp.com\/www.edder.org\/upload\/2018\/07\/tiroteo.jpg?resize=350%2C200&ssl=1","width":350,"height":200},"classes":[]},{"id":48132,"url":"https:\/\/www.edder.org\/?p=48132","url_meta":{"origin":12804,"position":2},"title":"Don \u00c1lvaro o la fuerza del desatino (hasta aqu\u00ed lleg\u00f3 la telebasura)","author":"Eder","date":"mi\u00e9rcoles, 18 Mar, 2026","format":false,"excerpt":"","rel":"","context":"En \u00abActualidades\u00bb","block_context":{"text":"Actualidades","link":"https:\/\/www.edder.org\/?cat=802"},"img":{"alt_text":"","src":"https:\/\/i0.wp.com\/www.edder.org\/upload\/2020\/05\/salmantica.png?resize=350%2C200&ssl=1","width":350,"height":200,"srcset":"https:\/\/i0.wp.com\/www.edder.org\/upload\/2020\/05\/salmantica.png?resize=350%2C200&ssl=1 1x, https:\/\/i0.wp.com\/www.edder.org\/upload\/2020\/05\/salmantica.png?resize=525%2C300&ssl=1 1.5x"},"classes":[]},{"id":4474,"url":"https:\/\/www.edder.org\/?p=4474","url_meta":{"origin":12804,"position":3},"title":"Y viva Texas que no est\u00e1 mal","author":"Eder","date":"s\u00e1bado, 18 Abr, 2015","format":false,"excerpt":"","rel":"","context":"En \u00abCine\u00bb","block_context":{"text":"Cine","link":"https:\/\/www.edder.org\/?cat=79"},"img":{"alt_text":"","src":"https:\/\/i0.wp.com\/www.edder.org\/upload\/2015\/04\/Screen-Shot-2015-04-25-at-01.17.59.png?resize=350%2C200&ssl=1","width":350,"height":200},"classes":[]},{"id":39079,"url":"https:\/\/www.edder.org\/?p=39079","url_meta":{"origin":12804,"position":4},"title":"Un burro (o dos) sobre el piano","author":"Eder","date":"mi\u00e9rcoles, 11 Nov, 2020","format":false,"excerpt":"","rel":"","context":"En \u00abArtes\u00bb","block_context":{"text":"Artes","link":"https:\/\/www.edder.org\/?cat=85"},"img":{"alt_text":"","src":"https:\/\/i0.wp.com\/www.edder.org\/upload\/2020\/11\/vlcsnap-2020-11-11-18h37m39s487.png?resize=350%2C200&ssl=1","width":350,"height":200,"srcset":"https:\/\/i0.wp.com\/www.edder.org\/upload\/2020\/11\/vlcsnap-2020-11-11-18h37m39s487.png?resize=350%2C200&ssl=1 1x, https:\/\/i0.wp.com\/www.edder.org\/upload\/2020\/11\/vlcsnap-2020-11-11-18h37m39s487.png?resize=525%2C300&ssl=1 1.5x"},"classes":[]},{"id":479,"url":"https:\/\/www.edder.org\/?p=479","url_meta":{"origin":12804,"position":5},"title":"Un burro sobre el piano","author":"Eder","date":"lunes, 28 Nov, 2011","format":false,"excerpt":"","rel":"","context":"En \u00abArtes\u00bb","block_context":{"text":"Artes","link":"https:\/\/www.edder.org\/?cat=85"},"img":{"alt_text":"","src":"","width":0,"height":0},"classes":[]}],"jetpack_likes_enabled":true,"_links":{"self":[{"href":"https:\/\/www.edder.org\/index.php?rest_route=\/wp\/v2\/posts\/12804","targetHints":{"allow":["GET"]}}],"collection":[{"href":"https:\/\/www.edder.org\/index.php?rest_route=\/wp\/v2\/posts"}],"about":[{"href":"https:\/\/www.edder.org\/index.php?rest_route=\/wp\/v2\/types\/post"}],"author":[{"embeddable":true,"href":"https:\/\/www.edder.org\/index.php?rest_route=\/wp\/v2\/users\/82"}],"replies":[{"embeddable":true,"href":"https:\/\/www.edder.org\/index.php?rest_route=%2Fwp%2Fv2%2Fcomments&post=12804"}],"version-history":[{"count":0,"href":"https:\/\/www.edder.org\/index.php?rest_route=\/wp\/v2\/posts\/12804\/revisions"}],"wp:featuredmedia":[{"embeddable":true,"href":"https:\/\/www.edder.org\/index.php?rest_route=\/wp\/v2\/media\/12805"}],"wp:attachment":[{"href":"https:\/\/www.edder.org\/index.php?rest_route=%2Fwp%2Fv2%2Fmedia&parent=12804"}],"wp:term":[{"taxonomy":"category","embeddable":true,"href":"https:\/\/www.edder.org\/index.php?rest_route=%2Fwp%2Fv2%2Fcategories&post=12804"},{"taxonomy":"post_tag","embeddable":true,"href":"https:\/\/www.edder.org\/index.php?rest_route=%2Fwp%2Fv2%2Ftags&post=12804"}],"curies":[{"name":"wp","href":"https:\/\/api.w.org\/{rel}","templated":true}]}}