{"id":128,"date":"2008-01-04T18:25:56","date_gmt":"2008-01-04T16:25:56","guid":{"rendered":"https:\/\/www.edder.org\/?p=128"},"modified":"2018-07-27T16:38:25","modified_gmt":"2018-07-27T14:38:25","slug":"sana-y-santa","status":"publish","type":"post","link":"https:\/\/www.edder.org\/?p=128","title":{"rendered":"Sana y santa"},"content":{"rendered":"<p>Fue el furioso y ultramontano F\u00e9lix Sard\u00e1 y Savany, cura de Sabadell celeb\u00e9rrimo por su obra <em>El liberalismo es pecado<\/em>, el que como quien no quiere la cosa, paso de propugnar la \u201csana intransigencia\u201d a defender la \u201csanta intransigencia\u201d, concepto luego tan ensanchado por el fundador del Opus Dei y hoy tan afecto a milicias de \u00e9lite cat\u00f3licas como los legionarios de Cristo. Entre las cosas que al cura de Sabadell debieron de ponerle fren\u00e9tico, no ser\u00eda la de menos que, al acometerse el Ensanche de Barcelona, liberales y dem\u00e1s gentes de mal vivir encomendasen a un poeta la labor de escoger los nombres del callejero. Al laureado poeta se le ocurri\u00f3 de todo para bautizar las calles \u2013dinast\u00edas medievales, reinos perdidos del Mediterr\u00e1neo, h\u00e9roes de la resistencia, ilustres ancestros y colegas del gremio\u2013 menos lo primero que se le ocurre de manera espont\u00e1nea y natural a la alcaldesa de Pamplona: Avenida Juan Pablo II. Cabe suponer que de haber vivido en la actualidad, Sard\u00e1 y Savany hubiera marchado a Madrid, lleno de santa intransigencia, a manifestar lo que las masas cat\u00f3licas reunidas en la Villa y Corte manifiestan regularmente: que se empieza por dejar lo m\u00e1s santo \u2013el callejero\u2013 en manos de cualquier chisgarab\u00eds y se termina por destruir aquello en lo que no se puede transigir, la sana familia. Sabido es lo mucho que personajes tan atrabiliarios como el cura de Sabadell, involuntariamente, hicieron en favor de las ideas que presuntamente combat\u00edan. Nos queda por ver si la santa intransigencia de hoy, involuntariamente, salva de la quema electoral a un presidente del Gobierno que, sin la inestimable ayuda de los ultramontanos, regularmente congregados por la exaltada clerec\u00eda, se las ver\u00eda y desear\u00eda para sobrevivir en el puesto. Por lo dem\u00e1s, en parajes tan id\u00edlicos como los que nos acogen, seguiremos disfrutando de la sana intransigencia que no encuentra oposici\u00f3n a la natural expresi\u00f3n de lo que siempre fue y ha de ser por siempre, primero que nada: la santidad del callejero.<\/p>\n<div align=\"right\">Publicado en <a target=\"blank\" href=\"http:\/\/www.noticiasdenavarra.com\/ediciones\/2008\/01\/04\/opinion\/contra.php\">Diario de Noticias<\/a><img class=\"lazyload\" decoding=\"async\" align=\"right\" title=\"dn\" alt=\"dn\" src=\"data:image\/gif;base64,R0lGODlhAQABAAAAACH5BAEKAAEALAAAAAABAAEAAAICTAEAOw==\" data-orig-src=\"https:\/\/www.edder.org\/images\/dn.gif\" \/><\/div>\n<p><img class=\"lazyload\" decoding=\"async\" src=\"data:image\/gif;base64,R0lGODlhAQABAAAAACH5BAEKAAEALAAAAAABAAEAAAICTAEAOw==\" data-orig-src=\"https:\/\/www.edder.org\/images\/marcas.gif\" alt=\"marcas\" \/><\/p>\n","protected":false},"excerpt":{"rendered":"<p>Fue el furioso y ultramontano F\u00e9lix Sard\u00e1 y Savany, cura de Sabadell celeb\u00e9rrimo por su obra El liberalismo es pecado, el que como quien no quiere la cosa, paso de propugnar la \u201csana intransigencia\u201d a defender la \u201csanta intransigencia\u201d, concepto luego tan ensanchado por el fundador del Opus Dei y hoy tan afecto a milicias de \u00e9lite cat\u00f3licas como los legionarios de Cristo. Entre las cosas que al cura de Sabadell debieron de ponerle fren\u00e9tico, no ser\u00eda la de menos que, al acometerse el Ensanche de Barcelona, liberales y dem\u00e1s gentes de mal vivir encomendasen a un poeta la labor de escoger los nombres del callejero. Al laureado poeta se le ocurri\u00f3 de todo para bautizar las calles \u2013dinast\u00edas medievales, reinos perdidos del Mediterr\u00e1neo, h\u00e9roes de la  [&#8230;]<\/p>\n","protected":false},"author":82,"featured_media":0,"comment_status":"open","ping_status":"open","sticky":false,"template":"","format":"standard","meta":{"jetpack_post_was_ever_published":false,"_jetpack_newsletter_access":"","_jetpack_dont_email_post_to_subs":false,"_jetpack_newsletter_tier_id":0,"_jetpack_memberships_contains_paywalled_content":false,"_jetpack_memberships_contains_paid_content":false,"footnotes":"","jetpack_publicize_message":"","jetpack_publicize_feature_enabled":true,"jetpack_social_post_already_shared":false,"jetpack_social_options":{"image_generator_settings":{"template":"highway","default_image_id":0,"font":"","enabled":false},"version":2}},"categories":[3,1],"tags":[],"class_list":["post-128","post","type-post","status-publish","format-standard","hentry","category-na","category-sin-categorizar"],"jetpack_publicize_connections":[],"jetpack_featured_media_url":"","jetpack_shortlink":"https:\/\/wp.me\/p6kHv-24","jetpack_sharing_enabled":true,"jetpack-related-posts":[{"id":65,"url":"https:\/\/www.edder.org\/?p=65","url_meta":{"origin":128,"position":0},"title":"La propaganda del Reich (del Reich-no de Navarra)","author":"Eder","date":"viernes, 6 Oct, 2006","format":false,"excerpt":"","rel":"","context":"En \u00abNA\u00bb","block_context":{"text":"NA","link":"https:\/\/www.edder.org\/?cat=3"},"img":{"alt_text":"","src":"","width":0,"height":0},"classes":[]},{"id":327,"url":"https:\/\/www.edder.org\/?p=327","url_meta":{"origin":128,"position":1},"title":"Alcanfor","author":"Eder","date":"viernes, 20 Mar, 2009","format":false,"excerpt":"Trepidante actividad cultural en la arena \u2013pron\u00fanciese \u2018harina\u2019\u2013 del Reyno. Trepidante actividad cultural ante la inminencia de la Semana Santa y con el 2016 a la vuelta de la esquina. Javieradas aparte, trepidante actividad cultural en el reyno viejo; reino que, como dijera Pem\u00e1n \u2013el poeta del R\u00e9gimen que por\u2026","rel":"","context":"En \u00abNA\u00bb","block_context":{"text":"NA","link":"https:\/\/www.edder.org\/?cat=3"},"img":{"alt_text":"","src":"","width":0,"height":0},"classes":[]},{"id":46,"url":"https:\/\/www.edder.org\/?p=46","url_meta":{"origin":128,"position":2},"title":"En un viejo pa\u00eds ineficiente\u2026","author":"Eder","date":"viernes, 10 Mar, 2006","format":false,"excerpt":"No veo diferencias abismales entre las mentiras hist\u00e9ricas de un Aceves y la demagogia dial\u00e9ctica del senador norteamericano Joseph R. McCarthy, durante la \u00e9poca de la \u00abcaza de brujas\u00bb, acusador, juez y verdugo de todo traidor a la patria que no entendiese el patriotismo a su hist\u00e9rica manera. De modo\u2026","rel":"","context":"En \u00abSin categorizar\u00bb","block_context":{"text":"Sin categorizar","link":"https:\/\/www.edder.org\/?cat=1"},"img":{"alt_text":"","src":"","width":0,"height":0},"classes":[]},{"id":1250,"url":"https:\/\/www.edder.org\/?p=1250","url_meta":{"origin":128,"position":3},"title":"Con quien tanto quer\u00eda","author":"Eder","date":"viernes, 19 Nov, 2010","format":false,"excerpt":"","rel":"","context":"En \u00abLetras\u00bb","block_context":{"text":"Letras","link":"https:\/\/www.edder.org\/?cat=93"},"img":{"alt_text":"","src":"","width":0,"height":0},"classes":[]},{"id":47,"url":"https:\/\/www.edder.org\/?p=47","url_meta":{"origin":128,"position":4},"title":"En un viejo pa\u00eds ineficiente&#8230;","author":"Eder","date":"viernes, 10 Mar, 2006","format":false,"excerpt":"No veo diferencias abismales entre las mentiras hist\u00e9ricas de un Aceves y la demagogia dial\u00e9ctica del senador norteamericano Joseph R. McCarthy, durante la \u00e9poca de la \u00abcaza de brujas\u00bb, acusador, juez y verdugo de todo traidor a la patria que no entendiese el patriotismo a su hist\u00e9rica manera. De modo\u2026","rel":"","context":"En \u00abSin categorizar\u00bb","block_context":{"text":"Sin categorizar","link":"https:\/\/www.edder.org\/?cat=1"},"img":{"alt_text":"","src":"","width":0,"height":0},"classes":[]},{"id":45,"url":"https:\/\/www.edder.org\/?p=45","url_meta":{"origin":128,"position":5},"title":"Mitolog\u00eda: la arp\u00eda","author":"Eder","date":"viernes, 3 Mar, 2006","format":false,"excerpt":"","rel":"","context":"En \u00abNA\u00bb","block_context":{"text":"NA","link":"https:\/\/www.edder.org\/?cat=3"},"img":{"alt_text":"","src":"","width":0,"height":0},"classes":[]}],"jetpack_likes_enabled":true,"_links":{"self":[{"href":"https:\/\/www.edder.org\/index.php?rest_route=\/wp\/v2\/posts\/128","targetHints":{"allow":["GET"]}}],"collection":[{"href":"https:\/\/www.edder.org\/index.php?rest_route=\/wp\/v2\/posts"}],"about":[{"href":"https:\/\/www.edder.org\/index.php?rest_route=\/wp\/v2\/types\/post"}],"author":[{"embeddable":true,"href":"https:\/\/www.edder.org\/index.php?rest_route=\/wp\/v2\/users\/82"}],"replies":[{"embeddable":true,"href":"https:\/\/www.edder.org\/index.php?rest_route=%2Fwp%2Fv2%2Fcomments&post=128"}],"version-history":[{"count":0,"href":"https:\/\/www.edder.org\/index.php?rest_route=\/wp\/v2\/posts\/128\/revisions"}],"wp:attachment":[{"href":"https:\/\/www.edder.org\/index.php?rest_route=%2Fwp%2Fv2%2Fmedia&parent=128"}],"wp:term":[{"taxonomy":"category","embeddable":true,"href":"https:\/\/www.edder.org\/index.php?rest_route=%2Fwp%2Fv2%2Fcategories&post=128"},{"taxonomy":"post_tag","embeddable":true,"href":"https:\/\/www.edder.org\/index.php?rest_route=%2Fwp%2Fv2%2Ftags&post=128"}],"curies":[{"name":"wp","href":"https:\/\/api.w.org\/{rel}","templated":true}]}}