{"id":12791,"date":"2016-03-03T21:20:17","date_gmt":"2016-03-03T20:20:17","guid":{"rendered":"https:\/\/www.edder.org\/?p=12791"},"modified":"2018-07-27T16:36:45","modified_gmt":"2018-07-27T14:36:45","slug":"el-precariado-nuevos-anos-triunfales","status":"publish","type":"post","link":"https:\/\/www.edder.org\/?p=12791","title":{"rendered":"El precariado: nuevos a\u00f1os triunfales"},"content":{"rendered":"<p>&bull; Despu&eacute;s de Letonia, Espa&ntilde;a es el pa&iacute;s europeo que m&aacute;s desigualmente reparte sus rentas de trabajo.<br \/>\n\t&bull; Desde hace 30 a&ntilde;os, Espa&ntilde;a es el pa&iacute;s del mundo con una m&aacute;s baja tasa de natalidad.<br \/>\n\t&bull; En &eacute;poca reciente, los salarios m&aacute;s bajos han descendido en Espa&ntilde;a un 25 %, mientras que los m&aacute;ds altos han ascendido un 22 %.<br \/>\n\t&bull; El &iacute;ndice de pobreza espa&ntilde;ol supera al de Grecia: 13 millones viven en ella.<br \/>\n\t&bull; El paro sigue &laquo;estable&raquo; en alrededor de 5 millones, de los que 2 son parados de hace m&aacute;s de 2 a&ntilde;os y no perciben subsidio.<br \/>\n\t&bull; 6,7 millones perciben un salario inferior a los 600 euros.<br \/>\n\t&bull; Los m&aacute;s pobres perdieron de 2010 a 2017 un 7 % de poder adquisitivo.<br \/>\n\t&bull; Cerca de media millon de personas viven en Espa&ntilde;a de la pol&iacute;tica, la administraci&oacute;n y dependencias o estancos anexos.<\/p>\n<p><em>Again and again<\/em>, Gil de Biedma:<br \/>\n\t&nbsp;&nbsp; &laquo;Media Espa&ntilde;a ocupaba Espa&ntilde;a entera<br \/>\n\t&nbsp;&nbsp; con la vulgaridad, con el desprecio<br \/>\n\t&nbsp;&nbsp; total de que es capaz, frente al vencido,<br \/>\n\t&nbsp;&nbsp; un intratable pueblo de cabreros&raquo;.<\/p>\n<p style=\"text-align: center;\"><div class=\"fusion-fullwidth fullwidth-box fusion-builder-row-1 hundred-percent-fullwidth non-hundred-percent-height-scrolling\" style=\"--awb-border-radius-top-left:0px;--awb-border-radius-top-right:0px;--awb-border-radius-bottom-right:0px;--awb-border-radius-bottom-left:0px;--awb-overflow:visible;--awb-flex-wrap:wrap;\" ><div class=\"fusion-builder-row fusion-row\"><div class=\"fusion-layout-column fusion_builder_column fusion-builder-column-0 fusion_builder_column_1_1 1_1 fusion-one-full fusion-column-first fusion-column-last fusion-column-no-min-height\" style=\"--awb-bg-size:cover;--awb-margin-bottom:0px;\"><div class=\"fusion-column-wrapper fusion-flex-column-wrapper-legacy\"><div class=\"video-shortcode\"><iframe title=\"El precariado\" width=\"1200\" height=\"675\" src=\"https:\/\/www.youtube.com\/embed\/bsbTfLFHZ6M?feature=oembed\" frameborder=\"0\" allow=\"accelerometer; autoplay; clipboard-write; encrypted-media; gyroscope; picture-in-picture; web-share\" allowfullscreen><\/iframe><\/div>\n<p style=\"text-align: center;\"><span style=\"font-size:11px;\">&laquo;A vivir&raquo;, Javier del Pino, Cadena SER, 28 de febrero de 2016.<\/span><\/p>\n<div class=\"fusion-clearfix\"><\/div><\/div><\/div><\/div><\/div><\/p>\n","protected":false},"excerpt":{"rendered":"<p>&bull; Despu&eacute;s de Letonia, Espa&ntilde;a es el pa&iacute;s europeo que m&aacute;s desigualmente reparte sus rentas de trabajo. &bull; Desde hace 30 a&ntilde;os, Espa&ntilde;a es el pa&iacute;s del mundo con una m&aacute;s baja tasa de natalidad. &bull; En &eacute;poca reciente, los salarios m&aacute;s bajos han descendido en Espa&ntilde;a un 25 %, mientras que los m&aacute;ds altos han ascendido un 22 %. &bull; El &iacute;ndice de pobreza espa&ntilde;ol supera al de Grecia: 13 millones viven en ella. &bull; El paro sigue &laquo;estable&raquo; en alrededor de 5 millones, de los que 2 son parados de hace m&aacute;s de 2 a&ntilde;os y no perciben subsidio. &bull; 6,7 millones perciben un salario inferior a los 600 euros. &bull; Los m&aacute;s pobres perdieron de 2010 a 2017 un 7 % de poder adquisitivo.  [&#8230;]<\/p>\n","protected":false},"author":82,"featured_media":12794,"comment_status":"closed","ping_status":"closed","sticky":false,"template":"","format":"standard","meta":{"jetpack_post_was_ever_published":false,"_jetpack_newsletter_access":"","_jetpack_dont_email_post_to_subs":false,"_jetpack_newsletter_tier_id":0,"_jetpack_memberships_contains_paywalled_content":false,"_jetpack_memberships_contains_paid_content":false,"footnotes":"","jetpack_publicize_message":"","jetpack_publicize_feature_enabled":true,"jetpack_social_post_already_shared":true,"jetpack_social_options":{"image_generator_settings":{"template":"highway","default_image_id":0,"font":"","enabled":false},"version":2}},"categories":[1],"tags":[],"class_list":["post-12791","post","type-post","status-publish","format-standard","has-post-thumbnail","hentry","category-sin-categorizar"],"jetpack_publicize_connections":[],"jetpack_featured_media_url":"https:\/\/www.edder.org\/upload\/2016\/03\/el-roto-problems.gif","jetpack_shortlink":"https:\/\/wp.me\/p6kHv-3kj","jetpack_sharing_enabled":true,"jetpack-related-posts":[{"id":24,"url":"https:\/\/www.edder.org\/?p=24","url_meta":{"origin":12791,"position":0},"title":"Que no le llamen ciudad","author":"Eder","date":"viernes, 4 Nov, 2005","format":false,"excerpt":"Que no llamen ciudad al proyecto de una urbanizaci\u00f3n para gente mayor en Elorz. Eso no ser\u00eda una ciudad. Ser\u00eda una Celebration. Hace unos a\u00f1os, la multinacional Disney levant\u00f3 en Florida una \u00abciudad\u00bb llamada Celebration. El lema de Disney es: \u00abVendemos felicidad\u00bb. Felicidad para los ni\u00f1os en parques como Disney\u2026","rel":"","context":"En \u00abNA\u00bb","block_context":{"text":"NA","link":"https:\/\/www.edder.org\/?cat=3"},"img":{"alt_text":"","src":"","width":0,"height":0},"classes":[]},{"id":51,"url":"https:\/\/www.edder.org\/?p=51","url_meta":{"origin":12791,"position":1},"title":"Charanga y pandereta","author":"Eder","date":"viernes, 7 Abr, 2006","format":false,"excerpt":"Ya est\u00e1 otra vez, qu\u00e9 actualidad la suya, la Espa\u00f1a de charanga y pandereta. La devota de Frascuelo y de Mar\u00eda: esa Espa\u00f1a inferior que ora y bosteza; la que ora y embiste, cuando se pone a usar de la cabeza. Qu\u00e9 actualidad la de esos versos de Machado, Antonio.\u2026","rel":"","context":"En \u00abSin categorizar\u00bb","block_context":{"text":"Sin categorizar","link":"https:\/\/www.edder.org\/?cat=1"},"img":{"alt_text":"","src":"","width":0,"height":0},"classes":[]},{"id":351,"url":"https:\/\/www.edder.org\/?p=351","url_meta":{"origin":12791,"position":2},"title":"Opereta","author":"Eder","date":"viernes, 1 May, 2009","format":false,"excerpt":"La revista Paris Match, en un s\u00fabito ataque de inclinaci\u00f3n mon\u00e1rquica \u2013si no de inclinaci\u00f3n humor\u00edstica\u2013, se tir\u00f3 ayer a la calle con un titular que hablaba de la majestuosidad de Carla a su paso por la corte de Espa\u00f1a. Por la corte de Espa\u00f1a o tal vez por el\u2026","rel":"","context":"En \u00abSin categorizar\u00bb","block_context":{"text":"Sin categorizar","link":"https:\/\/www.edder.org\/?cat=1"},"img":{"alt_text":"","src":"","width":0,"height":0},"classes":[]},{"id":20,"url":"https:\/\/www.edder.org\/?p=20","url_meta":{"origin":12791,"position":3},"title":"El viejo republicano","author":"Eder","date":"viernes, 21 Oct, 2005","format":false,"excerpt":"Espa\u00f1a no perdona, qu\u00e9 le vamos a hacer. Ser\u00e1 por eso \u2013por honrar la sacrosanta tradici\u00f3n del \u00abEspa\u00f1a no perdona\u00bb\u2013 que a lo largo de la jornada del pasado mi\u00e9rcoles, diversos exponentes de la secular raza celtib\u00e9rica pasaban por el blog del difunto Eduardo Haro Tecglen y, junto a los\u2026","rel":"","context":"En \u00abSin categorizar\u00bb","block_context":{"text":"Sin categorizar","link":"https:\/\/www.edder.org\/?cat=1"},"img":{"alt_text":"","src":"","width":0,"height":0},"classes":[]},{"id":61,"url":"https:\/\/www.edder.org\/?p=61","url_meta":{"origin":12791,"position":4},"title":"El segundo de la tarde","author":"Eder","date":"viernes, 16 Jun, 2006","format":false,"excerpt":"No s\u00e9 qu\u00e9 pas\u00f3 en el primero o en el cuarto de la tarde; pero, cuando la armada futbol\u00edstica que dirige ese S\u00e9neca mesetario al que llaman el Sabio de Hortaleza asest\u00f3 al adversario el segundo de la tarde, Espa\u00f1a ???ese tronar de decibelios en las pantallas de plasma de\u2026","rel":"","context":"En \u00abSin categorizar\u00bb","block_context":{"text":"Sin categorizar","link":"https:\/\/www.edder.org\/?cat=1"},"img":{"alt_text":"","src":"","width":0,"height":0},"classes":[]},{"id":529,"url":"https:\/\/www.edder.org\/?p=529","url_meta":{"origin":12791,"position":5},"title":"Navarra en el Plan Divino","author":"Eder","date":"viernes, 11 Dic, 2009","format":false,"excerpt":"\u00c9ramos pocos, no \u00e9ramos m\u00e1s que los del sistema sanitario navarro, con el batall\u00f3n de m\u00e9dicos acogidos a la objeci\u00f3n de conciencia, derecho pendiente de regulaci\u00f3n legal en Espa\u00f1a, pero muy vigente por la v\u00eda de los hechos consumados en Navarra\u2026 No \u00e9ramos, digo, m\u00e1s que los del sistema sanitario\u2026","rel":"","context":"En \u00abNA\u00bb","block_context":{"text":"NA","link":"https:\/\/www.edder.org\/?cat=3"},"img":{"alt_text":"","src":"","width":0,"height":0},"classes":[]}],"jetpack_likes_enabled":true,"_links":{"self":[{"href":"https:\/\/www.edder.org\/index.php?rest_route=\/wp\/v2\/posts\/12791","targetHints":{"allow":["GET"]}}],"collection":[{"href":"https:\/\/www.edder.org\/index.php?rest_route=\/wp\/v2\/posts"}],"about":[{"href":"https:\/\/www.edder.org\/index.php?rest_route=\/wp\/v2\/types\/post"}],"author":[{"embeddable":true,"href":"https:\/\/www.edder.org\/index.php?rest_route=\/wp\/v2\/users\/82"}],"replies":[{"embeddable":true,"href":"https:\/\/www.edder.org\/index.php?rest_route=%2Fwp%2Fv2%2Fcomments&post=12791"}],"version-history":[{"count":0,"href":"https:\/\/www.edder.org\/index.php?rest_route=\/wp\/v2\/posts\/12791\/revisions"}],"wp:featuredmedia":[{"embeddable":true,"href":"https:\/\/www.edder.org\/index.php?rest_route=\/wp\/v2\/media\/12794"}],"wp:attachment":[{"href":"https:\/\/www.edder.org\/index.php?rest_route=%2Fwp%2Fv2%2Fmedia&parent=12791"}],"wp:term":[{"taxonomy":"category","embeddable":true,"href":"https:\/\/www.edder.org\/index.php?rest_route=%2Fwp%2Fv2%2Fcategories&post=12791"},{"taxonomy":"post_tag","embeddable":true,"href":"https:\/\/www.edder.org\/index.php?rest_route=%2Fwp%2Fv2%2Ftags&post=12791"}],"curies":[{"name":"wp","href":"https:\/\/api.w.org\/{rel}","templated":true}]}}