{"id":12752,"date":"2016-02-16T20:32:53","date_gmt":"2016-02-16T19:32:53","guid":{"rendered":"https:\/\/www.edder.org\/?p=12752"},"modified":"2023-02-22T22:30:29","modified_gmt":"2023-02-22T21:30:29","slug":"dirigido-por-oteiza-el-dia-que-odiseo-llego-a-pamplona","status":"publish","type":"post","link":"https:\/\/www.edder.org\/?p=12752","title":{"rendered":"Dirigido por Oteiza: el d\u00eda que Odiseo lleg\u00f3 a Pamplona"},"content":{"rendered":"<p><div class=\"fusion-fullwidth fullwidth-box fusion-builder-row-1 nonhundred-percent-fullwidth non-hundred-percent-height-scrolling\" style=\"--awb-border-radius-top-left:0px;--awb-border-radius-top-right:0px;--awb-border-radius-bottom-right:0px;--awb-border-radius-bottom-left:0px;--awb-flex-wrap:wrap;\" ><div class=\"fusion-builder-row fusion-row\"><div class=\"fusion-layout-column fusion_builder_column fusion-builder-column-0 fusion_builder_column_1_3 1_3 fusion-one-third fusion-column-first\" style=\"--awb-bg-size:cover;--awb-margin-bottom:0px;width:30.6666%; margin-right: 4%;\"><div class=\"fusion-column-wrapper fusion-flex-column-wrapper-legacy\"><div class=\"fusion-clearfix\"><\/div><\/div><\/div><div class=\"fusion-layout-column fusion_builder_column fusion-builder-column-1 fusion_builder_column_2_3 2_3 fusion-two-third fusion-column-last\" style=\"--awb-bg-size:cover;--awb-margin-bottom:0px;width:65.3333%;\"><div class=\"fusion-column-wrapper fusion-flex-column-wrapper-legacy\"><div class=\"fusion-text fusion-text-1\" style=\"--awb-font-size:18px;--awb-line-height:1.7;--awb-text-font-family:Verdana, Geneva, sans-serif;--awb-text-font-style:normal;--awb-text-font-weight:400;\"><p>El d\u00eda que <em>Un gudari armado llamado Odiseo<\/em> \u2013la escultura de Oteiza\u2013 lleg\u00f3 a Pamplona, Oteiza declar\u00f3 a la prensa local que, antes de alcanzar la meta de Alzuza, el guerrero se tomar\u00eda un respiro, se dar\u00eda un descanso en la ciudadela de la capital navarra, donde reposar\u00eda por un tiempo ante de arribar a Itaca. Pero el Odiseo de Oteiza nunca lleg\u00f3 a \u00cdtaca. Se qued\u00f3 en la ciudadela pamplonesa para siempre. Los sepultureros de la memoria y del\u00a0 legado del escultor desconoc\u00edan u omitieron cumplir esa y otras voluntades del Oteiza m\u00e1s guerrero.<br \/>\nAnteayer, los sepultureros del escultor de Orio se reunieron en Alzuza para verificar que Oteiza est\u00e1 irreversiblemente muerto, sus restos entregados a la jaur\u00eda acad\u00e9mica y su memoria enterrada bien honda. Sobre su tumba se lanzaron los tres tochazos de gran tonelaje del nuevo <em>Cat\u00e1logo razonado<\/em> en tres idiomas, entre los aplausos de los circustantes \u2013oteizianos que se burlaban de Oteiza cuando viv\u00eda, oteiz\u00f3logos, viejos y nuevos arribistas de la pol\u00edtica y la cultura en una y otra lengua\u2013. Otro d\u00eda gris y funerario.<br \/>\nAnte d\u00eda tan gris, Exclusivas Eder se complace en brindar a su selecta clientela unas im\u00e1genes del\u00a0 d\u00eda remoto en que Oteiza dej\u00f3 descansando en la ciudadela de Pamplona al gudari armado llamado Odiseo que nunca llegar\u00eda a Alzuza.<\/p>\n<p>Postdata: Ni Oteiza ni el \u00aboperador de c\u00e1mara\u00bb fueron detenidos tras \u00abfilmar\u00bb esto, pero lo merec\u00edan.<\/p>\n<\/div><div class=\"fusion-clearfix\"><\/div><\/div><\/div><\/div><\/div><div class=\"fusion-fullwidth fullwidth-box fusion-builder-row-2 hundred-percent-fullwidth non-hundred-percent-height-scrolling\" style=\"--awb-border-radius-top-left:0px;--awb-border-radius-top-right:0px;--awb-border-radius-bottom-right:0px;--awb-border-radius-bottom-left:0px;--awb-overflow:visible;--awb-flex-wrap:wrap;\" ><div class=\"fusion-builder-row fusion-row\"><div class=\"fusion-layout-column fusion_builder_column fusion-builder-column-2 fusion_builder_column_1_1 1_1 fusion-one-full fusion-column-first fusion-column-last fusion-column-no-min-height\" style=\"--awb-bg-size:cover;--awb-margin-bottom:0px;\"><div class=\"fusion-column-wrapper fusion-flex-column-wrapper-legacy\"><div class=\"fusion-sep-clear\"><\/div><div class=\"fusion-separator fusion-full-width-sep\" style=\"margin-left: auto;margin-right: auto;width:100%;\"><div class=\"fusion-separator-border sep-double\" style=\"--awb-height:20px;--awb-amount:20px;border-color:#e2e2e2;border-top-width:1px;border-bottom-width:1px;\"><\/div><\/div><div class=\"fusion-sep-clear\"><\/div><div class=\"fusion-text fusion-text-2\"><div class=\"video-shortcode\"><iframe title=\"Oteiza - Odiseo, ciudadela de Pamplona-Iru\u00f1a\" width=\"1200\" height=\"900\" src=\"https:\/\/www.youtube.com\/embed\/eu8-wdl9cE0?feature=oembed\" frameborder=\"0\" allow=\"accelerometer; autoplay; clipboard-write; encrypted-media; gyroscope; picture-in-picture; web-share\" allowfullscreen><\/iframe><\/div>\n<\/div><div class=\"fusion-clearfix\"><\/div><\/div><\/div><\/div><\/div><\/p>\n","protected":false},"excerpt":{"rendered":"","protected":false},"author":82,"featured_media":12753,"comment_status":"closed","ping_status":"closed","sticky":false,"template":"","format":"standard","meta":{"jetpack_post_was_ever_published":false,"_jetpack_newsletter_access":"","_jetpack_dont_email_post_to_subs":false,"_jetpack_newsletter_tier_id":0,"_jetpack_memberships_contains_paywalled_content":false,"_jetpack_memberships_contains_paid_content":false,"footnotes":"","jetpack_publicize_message":"","jetpack_publicize_feature_enabled":true,"jetpack_social_post_already_shared":true,"jetpack_social_options":{"image_generator_settings":{"template":"highway","default_image_id":0,"font":"","enabled":false},"version":2}},"categories":[85,79,3],"tags":[187],"class_list":["post-12752","post","type-post","status-publish","format-standard","has-post-thumbnail","hentry","category-artes","category-cine","category-na","tag-oteiza"],"jetpack_publicize_connections":[],"jetpack_featured_media_url":"https:\/\/www.edder.org\/upload\/2016\/02\/vlcsnap-2016-02-16-20h30m30s4.png","jetpack_shortlink":"https:\/\/wp.me\/p6kHv-3jG","jetpack_sharing_enabled":true,"jetpack-related-posts":[{"id":42997,"url":"https:\/\/www.edder.org\/?p=42997","url_meta":{"origin":12752,"position":0},"title":"Futbolmarianismo y regionalcatolicismo de los siglos XX y XXI","author":"Eder","date":"mi\u00e9rcoles, 21 Ago, 2024","format":false,"excerpt":"","rel":"","context":"En \u00abPrehistoria contempor\u00e1nea\u00bb","block_context":{"text":"Prehistoria contempor\u00e1nea","link":"https:\/\/www.edder.org\/?cat=90"},"img":{"alt_text":"","src":"https:\/\/i0.wp.com\/www.edder.org\/upload\/2024\/08\/athletic_begogna.png?resize=350%2C200&ssl=1","width":350,"height":200,"srcset":"https:\/\/i0.wp.com\/www.edder.org\/upload\/2024\/08\/athletic_begogna.png?resize=350%2C200&ssl=1 1x, https:\/\/i0.wp.com\/www.edder.org\/upload\/2024\/08\/athletic_begogna.png?resize=525%2C300&ssl=1 1.5x, https:\/\/i0.wp.com\/www.edder.org\/upload\/2024\/08\/athletic_begogna.png?resize=700%2C400&ssl=1 2x, https:\/\/i0.wp.com\/www.edder.org\/upload\/2024\/08\/athletic_begogna.png?resize=1050%2C600&ssl=1 3x"},"classes":[]},{"id":43123,"url":"https:\/\/www.edder.org\/?p=43123","url_meta":{"origin":12752,"position":1},"title":"El amor (fou) en tiempos neum\u00e1ticos","author":"Eder","date":"lunes, 21 Oct, 2024","format":false,"excerpt":"","rel":"","context":"En \u00abCine\u00bb","block_context":{"text":"Cine","link":"https:\/\/www.edder.org\/?cat=79"},"img":{"alt_text":"","src":"https:\/\/i0.wp.com\/www.edder.org\/upload\/2024\/10\/pneu.png?resize=350%2C200&ssl=1","width":350,"height":200,"srcset":"https:\/\/i0.wp.com\/www.edder.org\/upload\/2024\/10\/pneu.png?resize=350%2C200&ssl=1 1x, https:\/\/i0.wp.com\/www.edder.org\/upload\/2024\/10\/pneu.png?resize=525%2C300&ssl=1 1.5x, https:\/\/i0.wp.com\/www.edder.org\/upload\/2024\/10\/pneu.png?resize=700%2C400&ssl=1 2x"},"classes":[]},{"id":2956,"url":"https:\/\/www.edder.org\/?p=2956","url_meta":{"origin":12752,"position":2},"title":"Aurelio Arteta, \u00abTr\u00edptico de la Guerra\u00bb (1937-1938)","author":"Eder","date":"domingo, 3 Mar, 2013","format":false,"excerpt":"","rel":"","context":"En \u00abArtes\u00bb","block_context":{"text":"Artes","link":"https:\/\/www.edder.org\/?cat=85"},"img":{"alt_text":"","src":"https:\/\/i0.wp.com\/www.edder.org\/upload\/2013\/03\/04_arteta_triptico.jpg?resize=350%2C200&ssl=1","width":350,"height":200,"srcset":"https:\/\/i0.wp.com\/www.edder.org\/upload\/2013\/03\/04_arteta_triptico.jpg?resize=350%2C200&ssl=1 1x, https:\/\/i0.wp.com\/www.edder.org\/upload\/2013\/03\/04_arteta_triptico.jpg?resize=525%2C300&ssl=1 1.5x"},"classes":[]},{"id":41764,"url":"https:\/\/www.edder.org\/?p=41764","url_meta":{"origin":12752,"position":3},"title":"Dylan-Baez. Carretera perdida, camino de perdici\u00f3n","author":"Eder","date":"domingo, 2 Jul, 2023","format":false,"excerpt":"","rel":"","context":"En \u00abM\u00fasica\u00bb","block_context":{"text":"M\u00fasica","link":"https:\/\/www.edder.org\/?cat=87"},"img":{"alt_text":"","src":"https:\/\/i0.wp.com\/www.edder.org\/upload\/2023\/07\/hankwilliams_lost.jpg?resize=350%2C200&ssl=1","width":350,"height":200,"srcset":"https:\/\/i0.wp.com\/www.edder.org\/upload\/2023\/07\/hankwilliams_lost.jpg?resize=350%2C200&ssl=1 1x, https:\/\/i0.wp.com\/www.edder.org\/upload\/2023\/07\/hankwilliams_lost.jpg?resize=525%2C300&ssl=1 1.5x, https:\/\/i0.wp.com\/www.edder.org\/upload\/2023\/07\/hankwilliams_lost.jpg?resize=700%2C400&ssl=1 2x, https:\/\/i0.wp.com\/www.edder.org\/upload\/2023\/07\/hankwilliams_lost.jpg?resize=1050%2C600&ssl=1 3x"},"classes":[]},{"id":40495,"url":"https:\/\/www.edder.org\/?p=40495","url_meta":{"origin":12752,"position":4},"title":"Stile vecchio (come la casa di Tiziano a Pieve di Cadore)","author":"Eder","date":"mi\u00e9rcoles, 19 May, 2021","format":false,"excerpt":"","rel":"","context":"En \u00abCine\u00bb","block_context":{"text":"Cine","link":"https:\/\/www.edder.org\/?cat=79"},"img":{"alt_text":"","src":"https:\/\/i0.wp.com\/www.edder.org\/upload\/2013\/04\/vlcsnap-2020-12-10-17h28m37s280-1.png?resize=350%2C200&ssl=1","width":350,"height":200,"srcset":"https:\/\/i0.wp.com\/www.edder.org\/upload\/2013\/04\/vlcsnap-2020-12-10-17h28m37s280-1.png?resize=350%2C200&ssl=1 1x, https:\/\/i0.wp.com\/www.edder.org\/upload\/2013\/04\/vlcsnap-2020-12-10-17h28m37s280-1.png?resize=525%2C300&ssl=1 1.5x, https:\/\/i0.wp.com\/www.edder.org\/upload\/2013\/04\/vlcsnap-2020-12-10-17h28m37s280-1.png?resize=700%2C400&ssl=1 2x"},"classes":[]},{"id":12739,"url":"https:\/\/www.edder.org\/?p=12739","url_meta":{"origin":12752,"position":5},"title":"Oteiza: filolog\u00eda fant\u00e1stica","author":"Eder","date":"mi\u00e9rcoles, 10 Feb, 2016","format":false,"excerpt":"Oteiza: filolog\u00eda fant\u00e1stica. Laberinto y minotauro.","rel":"","context":"En \u00abArtes\u00bb","block_context":{"text":"Artes","link":"https:\/\/www.edder.org\/?cat=85"},"img":{"alt_text":"","src":"https:\/\/i0.wp.com\/www.edder.org\/upload\/2016\/02\/Teseo.jpg?resize=350%2C200&ssl=1","width":350,"height":200},"classes":[]}],"jetpack_likes_enabled":true,"_links":{"self":[{"href":"https:\/\/www.edder.org\/index.php?rest_route=\/wp\/v2\/posts\/12752","targetHints":{"allow":["GET"]}}],"collection":[{"href":"https:\/\/www.edder.org\/index.php?rest_route=\/wp\/v2\/posts"}],"about":[{"href":"https:\/\/www.edder.org\/index.php?rest_route=\/wp\/v2\/types\/post"}],"author":[{"embeddable":true,"href":"https:\/\/www.edder.org\/index.php?rest_route=\/wp\/v2\/users\/82"}],"replies":[{"embeddable":true,"href":"https:\/\/www.edder.org\/index.php?rest_route=%2Fwp%2Fv2%2Fcomments&post=12752"}],"version-history":[{"count":0,"href":"https:\/\/www.edder.org\/index.php?rest_route=\/wp\/v2\/posts\/12752\/revisions"}],"wp:featuredmedia":[{"embeddable":true,"href":"https:\/\/www.edder.org\/index.php?rest_route=\/wp\/v2\/media\/12753"}],"wp:attachment":[{"href":"https:\/\/www.edder.org\/index.php?rest_route=%2Fwp%2Fv2%2Fmedia&parent=12752"}],"wp:term":[{"taxonomy":"category","embeddable":true,"href":"https:\/\/www.edder.org\/index.php?rest_route=%2Fwp%2Fv2%2Fcategories&post=12752"},{"taxonomy":"post_tag","embeddable":true,"href":"https:\/\/www.edder.org\/index.php?rest_route=%2Fwp%2Fv2%2Ftags&post=12752"}],"curies":[{"name":"wp","href":"https:\/\/api.w.org\/{rel}","templated":true}]}}