{"id":12711,"date":"2016-01-31T13:46:58","date_gmt":"2016-01-31T12:46:58","guid":{"rendered":"https:\/\/www.edder.org\/?p=12711"},"modified":"2016-01-31T13:48:12","modified_gmt":"2016-01-31T12:48:12","slug":"inglese-una-lingua-per-tutti-scola-friends","status":"publish","type":"post","link":"https:\/\/www.edder.org\/?p=12711","title":{"rendered":"L&#8217;inglese, una lingua per tutti (Scola &#038; friends)"},"content":{"rendered":"<p>Inglese, una lingua per tutti. Ettore Scola &amp; friends:<\/p>\n<p style=\"text-align: center;\"><div class=\"video-shortcode\"><iframe title=\"Una lingua per tutti\" width=\"1200\" height=\"900\" src=\"https:\/\/www.youtube.com\/embed\/x7X_UKH5Z9Q?feature=oembed\" frameborder=\"0\" allow=\"accelerometer; autoplay; clipboard-write; encrypted-media; gyroscope; picture-in-picture; web-share\" allowfullscreen><\/iframe><\/div><\/p>\n","protected":false},"excerpt":{"rendered":"<p>Inglese, una lingua per tutti. Ettore Scola &amp; friends:<\/p>\n","protected":false},"author":82,"featured_media":12714,"comment_status":"closed","ping_status":"closed","sticky":false,"template":"","format":"standard","meta":{"jetpack_post_was_ever_published":false,"_jetpack_newsletter_access":"","_jetpack_dont_email_post_to_subs":false,"_jetpack_newsletter_tier_id":0,"_jetpack_memberships_contains_paywalled_content":false,"_jetpack_memberships_contains_paid_content":false,"footnotes":"","jetpack_publicize_message":"","jetpack_publicize_feature_enabled":true,"jetpack_social_post_already_shared":true,"jetpack_social_options":{"image_generator_settings":{"template":"highway","default_image_id":0,"font":"","enabled":false},"version":2}},"categories":[79,1],"tags":[504],"class_list":["post-12711","post","type-post","status-publish","format-standard","has-post-thumbnail","hentry","category-cine","category-sin-categorizar","tag-scola"],"jetpack_publicize_connections":[],"jetpack_featured_media_url":"https:\/\/www.edder.org\/upload\/2016\/01\/vlcsnap-2016-01-31-13h39m07s127.png","jetpack_shortlink":"https:\/\/wp.me\/p6kHv-3j1","jetpack_sharing_enabled":true,"jetpack-related-posts":[{"id":12695,"url":"https:\/\/www.edder.org\/?p=12695","url_meta":{"origin":12711,"position":0},"title":"Echar un drink (the Scola-Tati connection)","author":"Eder","date":"lunes, 25 Ene, 2016","format":false,"excerpt":"Echar un drink de scotch en un glass:","rel":"","context":"En \u00abCine\u00bb","block_context":{"text":"Cine","link":"https:\/\/www.edder.org\/?cat=79"},"img":{"alt_text":"","src":"","width":0,"height":0},"classes":[]},{"id":12686,"url":"https:\/\/www.edder.org\/?p=12686","url_meta":{"origin":12711,"position":1},"title":"Au bal avec Ettore Scola","author":"Eder","date":"s\u00e1bado, 23 Ene, 2016","format":false,"excerpt":"T'es O.K., t'es bath, t'es in T'es O.K., t'es bath, t'es in (Lui) J'ai besoin de tendresse, J'ai tellement de probl\u00e8mes, Donne-moi ton adresse, je veux quelqu'un qui m'aime. (Choeurs) T'as besoin de tendresse, t'as tellement de probl\u00e8mes, supporte ta jeunesse, viens boire un caf\u00e9-cr\u00e8me. T'es O.K., t'es bath, t'es\u2026","rel":"","context":"En \u00abCine\u00bb","block_context":{"text":"Cine","link":"https:\/\/www.edder.org\/?cat=79"},"img":{"alt_text":"","src":"https:\/\/i0.wp.com\/www.edder.org\/upload\/2016\/01\/poster.jpg?resize=350%2C200&ssl=1","width":350,"height":200},"classes":[]},{"id":44,"url":"https:\/\/www.edder.org\/?p=44","url_meta":{"origin":12711,"position":2},"title":"Gente de Roma","author":"Eder","date":"viernes, 24 Feb, 2006","format":false,"excerpt":"Me gustar\u00eda hablar de un peque\u00f1o documental de Ettore Scola, sobre gente corriente \u2013esa a la que suele llamarse \u00abinsignificante\u00bb\u2013 titulado Gente de Roma. Pero, bueno, hablar\u00e9 de la fugaz traves\u00eda romana de Miguel Sanz, menos interesante que otros paseos romanos, pero m\u00e1s \u00abnuestra\u00bb. \u00abEstoy con vosotros\u00bb, le dijo el\u2026","rel":"","context":"En \u00abNA\u00bb","block_context":{"text":"NA","link":"https:\/\/www.edder.org\/?cat=3"},"img":{"alt_text":"","src":"","width":0,"height":0},"classes":[]},{"id":3033,"url":"https:\/\/www.edder.org\/?p=3033","url_meta":{"origin":12711,"position":3},"title":"Stile vecchio (come la casa di Tiziano)","author":"Eder","date":"viernes, 5 Abr, 2013","format":false,"excerpt":"","rel":"","context":"En \u00abCine\u00bb","block_context":{"text":"Cine","link":"https:\/\/www.edder.org\/?cat=79"},"img":{"alt_text":"","src":"https:\/\/i0.wp.com\/www.edder.org\/upload\/2013\/04\/vlcsnap-2020-12-10-17h28m37s280-1.png?resize=350%2C200&ssl=1","width":350,"height":200,"srcset":"https:\/\/i0.wp.com\/www.edder.org\/upload\/2013\/04\/vlcsnap-2020-12-10-17h28m37s280-1.png?resize=350%2C200&ssl=1 1x, https:\/\/i0.wp.com\/www.edder.org\/upload\/2013\/04\/vlcsnap-2020-12-10-17h28m37s280-1.png?resize=525%2C300&ssl=1 1.5x, https:\/\/i0.wp.com\/www.edder.org\/upload\/2013\/04\/vlcsnap-2020-12-10-17h28m37s280-1.png?resize=700%2C400&ssl=1 2x"},"classes":[]},{"id":40495,"url":"https:\/\/www.edder.org\/?p=40495","url_meta":{"origin":12711,"position":4},"title":"Stile vecchio (come la casa di Tiziano a Pieve di Cadore)","author":"Eder","date":"mi\u00e9rcoles, 19 May, 2021","format":false,"excerpt":"","rel":"","context":"En \u00abCine\u00bb","block_context":{"text":"Cine","link":"https:\/\/www.edder.org\/?cat=79"},"img":{"alt_text":"","src":"https:\/\/i0.wp.com\/www.edder.org\/upload\/2013\/04\/vlcsnap-2020-12-10-17h28m37s280-1.png?resize=350%2C200&ssl=1","width":350,"height":200,"srcset":"https:\/\/i0.wp.com\/www.edder.org\/upload\/2013\/04\/vlcsnap-2020-12-10-17h28m37s280-1.png?resize=350%2C200&ssl=1 1x, https:\/\/i0.wp.com\/www.edder.org\/upload\/2013\/04\/vlcsnap-2020-12-10-17h28m37s280-1.png?resize=525%2C300&ssl=1 1.5x, https:\/\/i0.wp.com\/www.edder.org\/upload\/2013\/04\/vlcsnap-2020-12-10-17h28m37s280-1.png?resize=700%2C400&ssl=1 2x"},"classes":[]},{"id":38702,"url":"https:\/\/www.edder.org\/?p=38702","url_meta":{"origin":12711,"position":5},"title":"No abras, Wendy (Rachel, Wilma, etc., etc.)","author":"Eder","date":"s\u00e1bado, 25 Abr, 2020","format":false,"excerpt":"No abras la puerta, Wendy (Rachel, Wilma e tutti quantti). O esbozo de una historia abreviada del cine entre 1921 y 1980.O, lo que no es tradici\u00f3n, es plagio.","rel":"","context":"En \u00abCine\u00bb","block_context":{"text":"Cine","link":"https:\/\/www.edder.org\/?cat=79"},"img":{"alt_text":"","src":"https:\/\/i0.wp.com\/www.edder.org\/upload\/2020\/04\/images.jpg?resize=350%2C200&ssl=1","width":350,"height":200,"srcset":"https:\/\/i0.wp.com\/www.edder.org\/upload\/2020\/04\/images.jpg?resize=350%2C200&ssl=1 1x, https:\/\/i0.wp.com\/www.edder.org\/upload\/2020\/04\/images.jpg?resize=525%2C300&ssl=1 1.5x, https:\/\/i0.wp.com\/www.edder.org\/upload\/2020\/04\/images.jpg?resize=700%2C400&ssl=1 2x"},"classes":[]}],"jetpack_likes_enabled":true,"_links":{"self":[{"href":"https:\/\/www.edder.org\/index.php?rest_route=\/wp\/v2\/posts\/12711","targetHints":{"allow":["GET"]}}],"collection":[{"href":"https:\/\/www.edder.org\/index.php?rest_route=\/wp\/v2\/posts"}],"about":[{"href":"https:\/\/www.edder.org\/index.php?rest_route=\/wp\/v2\/types\/post"}],"author":[{"embeddable":true,"href":"https:\/\/www.edder.org\/index.php?rest_route=\/wp\/v2\/users\/82"}],"replies":[{"embeddable":true,"href":"https:\/\/www.edder.org\/index.php?rest_route=%2Fwp%2Fv2%2Fcomments&post=12711"}],"version-history":[{"count":0,"href":"https:\/\/www.edder.org\/index.php?rest_route=\/wp\/v2\/posts\/12711\/revisions"}],"wp:featuredmedia":[{"embeddable":true,"href":"https:\/\/www.edder.org\/index.php?rest_route=\/wp\/v2\/media\/12714"}],"wp:attachment":[{"href":"https:\/\/www.edder.org\/index.php?rest_route=%2Fwp%2Fv2%2Fmedia&parent=12711"}],"wp:term":[{"taxonomy":"category","embeddable":true,"href":"https:\/\/www.edder.org\/index.php?rest_route=%2Fwp%2Fv2%2Fcategories&post=12711"},{"taxonomy":"post_tag","embeddable":true,"href":"https:\/\/www.edder.org\/index.php?rest_route=%2Fwp%2Fv2%2Ftags&post=12711"}],"curies":[{"name":"wp","href":"https:\/\/api.w.org\/{rel}","templated":true}]}}