{"id":12675,"date":"2016-01-02T18:44:55","date_gmt":"2016-01-02T17:44:55","guid":{"rendered":"https:\/\/www.edder.org\/?p=12675"},"modified":"2018-07-27T16:36:46","modified_gmt":"2018-07-27T14:36:46","slug":"panglosiano-y-pamplones-valga-la-redundancia","status":"publish","type":"post","link":"https:\/\/www.edder.org\/?p=12675","title":{"rendered":"Panglosiano y pamplon\u00e9s (valga la redundancia)"},"content":{"rendered":"<p>En el <em>Diario de Noticias <\/em>de hoy (pp. 32-33) se descubre que, as&iacute; como <a href=\"https:\/\/es.wikipedia.org\/wiki\/Teruo_Nakamura\" target=\"_blank\">Teruo Nakamura<\/a> no se rindi&oacute; al ej&eacute;rcito norteamericano hasta 30 a&ntilde;os despu&eacute;s de que hubiese acabado la II Guerra Mundial, en los &uacute;ltimos treinta a&ntilde;os ha habido en el ayuntamiento de Pamplona, oculto en un alg&uacute;n ignoto despacho, un soci&oacute;logo de guardia que acaba jubilarse, es de suponer que con la pensi&oacute;n m&aacute;xima, despu&eacute;s de tan longeva y &eacute;pica resistencia. En el ayuntamiento pamplon&eacute;s hab&iacute;a, qui&eacute;n lo hubiera sospechado, un&nbsp; soci&oacute;logo de oficio desde hace nada menos que treinta a&ntilde;os. El peri&oacute;dico no arroja ninguna luz sobre el curso de los trabajos y los d&iacute;as de tan ins&oacute;lito funcionario de cabecera municipal. Tampoco elucida una cuesti&oacute;n interesante: si deja descendencia o sucesor.<\/p>\n<p>Las dos p&aacute;ginas que el <em>Noticias<\/em> dedica al soci&oacute;logo sirven para poco m&aacute;s que constatar que el feliz jubilado, el soci&oacute;logo conformista y satisfecho &ndash;al que el fot&oacute;grafo ha retratado erguido y de frente, pero que bien podr&iacute;a haber aparecido en el peri&oacute;dico a lo Innerarity, tumbado y con los pies sobre la mesa&ndash;, ve Pamplona panglosianamente. Vamos, que aqu&iacute; se vive tan r&iacute;camente y hasta las penas del paro a la vera del Arga, rodeados de funcionarios panglosianamente satisfechos, son menos. Los sorprendidos e incr&eacute;dulos lectores nos preguntamos si el soci&oacute;logo panglosiano, como el propio Pangloss, seguir&iacute;a sosteniendo sus satisfechas opiniones caso de suspend&eacute;rsele la pensi&oacute;n de jubilaci&oacute;n y conden&aacute;rsele a pasar una temporada en el averno de esos parados a los que &eacute;l ha debido de conocer poco. No habi&eacute;ndolos conocido, nada de raro tiene que opine, como la propia presidenta del Gobierno, que los cambios es mejor tom&aacute;rselos con una calma infinita y sin acritud. Hay otra pregunta sobre el funcionario de alto nivel que ha resistido treinta a&ntilde;os en el anonimato, del que ahora sale para recordarnos a Pangloss: &iquest;por qu&eacute; el peri&oacute;dico no ha puesto directamente en esa p&aacute;ginas desperdiciadas algunos fragmentos del <em>C&aacute;ndido<\/em> de Voltaire, que es mucho m&aacute;s entretenido, como puede comprobarse a continuaci&oacute;n?<\/p>\n<p>&nbsp;<\/p>\n<p><img class=\"lazyload\" decoding=\"async\" alt=\"\" src=\"data:image\/gif;base64,R0lGODlhAQABAAAAACH5BAEKAAEALAAAAAABAAEAAAICTAEAOw==\" data-orig-src=\"http:\/\/edder.org\/images\/pangloss.jpg\" style=\"width: 679px; height: 480px;\" \/><\/p>\n<p>&nbsp;<\/p>\n","protected":false},"excerpt":{"rendered":"<p>En el Diario de Noticias de hoy (pp. 32-33) se descubre que, as&iacute; como Teruo Nakamura no se rindi&oacute; al ej&eacute;rcito norteamericano hasta 30 a&ntilde;os despu&eacute;s de que hubiese acabado la II Guerra Mundial, en los &uacute;ltimos treinta a&ntilde;os ha habido en el ayuntamiento de Pamplona, oculto en un alg&uacute;n ignoto despacho, un soci&oacute;logo de guardia que acaba jubilarse, es de suponer que con la pensi&oacute;n m&aacute;xima, despu&eacute;s de tan longeva y &eacute;pica resistencia. En el ayuntamiento pamplon&eacute;s hab&iacute;a, qui&eacute;n lo hubiera sospechado, un&nbsp; soci&oacute;logo de oficio desde hace nada menos que treinta a&ntilde;os. El peri&oacute;dico no arroja ninguna luz sobre el curso de los trabajos y los d&iacute;as de tan ins&oacute;lito funcionario de cabecera municipal. Tampoco elucida una cuesti&oacute;n interesante: si deja descendencia o sucesor. Las  [&#8230;]<\/p>\n","protected":false},"author":82,"featured_media":12676,"comment_status":"closed","ping_status":"closed","sticky":false,"template":"","format":"standard","meta":{"jetpack_post_was_ever_published":false,"_jetpack_newsletter_access":"","_jetpack_dont_email_post_to_subs":false,"_jetpack_newsletter_tier_id":0,"_jetpack_memberships_contains_paywalled_content":false,"_jetpack_memberships_contains_paid_content":false,"footnotes":"","jetpack_publicize_message":"","jetpack_publicize_feature_enabled":true,"jetpack_social_post_already_shared":true,"jetpack_social_options":{"image_generator_settings":{"template":"highway","default_image_id":0,"font":"","enabled":false},"version":2}},"categories":[3,1],"tags":[25,503],"class_list":["post-12675","post","type-post","status-publish","format-standard","has-post-thumbnail","hentry","category-na","category-sin-categorizar","tag-pangloss","tag-voltaire"],"jetpack_publicize_connections":[],"jetpack_featured_media_url":"https:\/\/www.edder.org\/upload\/2016\/01\/candido.jpg","jetpack_shortlink":"https:\/\/wp.me\/p6kHv-3ir","jetpack_sharing_enabled":true,"jetpack-related-posts":[{"id":1159,"url":"https:\/\/www.edder.org\/?p=1159","url_meta":{"origin":12675,"position":0},"title":"El Ofert\u00f3n Pamplon\u00e9s","author":"Eder","date":"viernes, 22 Oct, 2010","format":false,"excerpt":"Para orfe\u00f3n, el Orfe\u00f3n Donostiarra. Y para ofert\u00f3n, el Ofert\u00f3n Pamplon\u00e9s. Que se lo pregunten si no al consejero de Cultura y Turismo, que no ha podido resistir la insuperable oferta del Ofert\u00f3n Pamplon\u00e9s \u2013por lo dem\u00e1s, regularmente subvencionado por ese mismo consejero\u2013 para viajar a Guasint\u00f3n. Y por all\u00ed\u00a0\u2026","rel":"","context":"En \u00abNA\u00bb","block_context":{"text":"NA","link":"https:\/\/www.edder.org\/?cat=3"},"img":{"alt_text":"","src":"https:\/\/i0.wp.com\/edder.org\/images\/barcina_ole.jpg?resize=350%2C200","width":350,"height":200,"srcset":"https:\/\/i0.wp.com\/edder.org\/images\/barcina_ole.jpg?resize=350%2C200 1x, https:\/\/i0.wp.com\/edder.org\/images\/barcina_ole.jpg?resize=525%2C300 1.5x, https:\/\/i0.wp.com\/edder.org\/images\/barcina_ole.jpg?resize=700%2C400 2x"},"classes":[]},{"id":12352,"url":"https:\/\/www.edder.org\/?p=12352","url_meta":{"origin":12675,"position":1},"title":"De Rodezno a Esparza","author":"Eder","date":"martes, 22 Sep, 2015","format":false,"excerpt":"\u00a0 \u00a0 En contra de lo que dice Woody Allen en Wild Man Blues \u2013\u00abLo peor son los alcaldes\u00bb\u2013, los alcaldes son de lo mejor que \u00abel cambio\u00bb ha tra\u00eddo por el momento. Si bien el acalde de Pamplona no anda \u00faltimamente muy atinado. Particularmente desacertado me ha parecido Asiron\u2026","rel":"","context":"En \u00abSin categorizar\u00bb","block_context":{"text":"Sin categorizar","link":"https:\/\/www.edder.org\/?cat=1"},"img":{"alt_text":"","src":"https:\/\/i0.wp.com\/www.edder.org\/upload\/2015\/09\/caidos.gif?resize=350%2C200&ssl=1","width":350,"height":200,"srcset":"https:\/\/i0.wp.com\/www.edder.org\/upload\/2015\/09\/caidos.gif?resize=350%2C200&ssl=1 1x, https:\/\/i0.wp.com\/www.edder.org\/upload\/2015\/09\/caidos.gif?resize=525%2C300&ssl=1 1.5x"},"classes":[]},{"id":12436,"url":"https:\/\/www.edder.org\/?p=12436","url_meta":{"origin":12675,"position":2},"title":"Sobre los Ca\u00eddos (Anselm Kiefer: otras rehabilitaciones)","author":"Eder","date":"lunes, 12 Oct, 2015","format":false,"excerpt":"Veo que hay quien ha tomado en consideraci\u00f3n alguno de los argumentos que expuse en mi art\u00edculo sobre el cambio de nombre de la plaza Conde de Rodezno y rompe el cerrado silencio pamplon\u00e9s\u00a0sobre ese asunto (\u00abNo perjudiquemos a los nuestros\u00bb, cuando los nuestros deben ser criticados m\u00e1s que los\u2026","rel":"","context":"En \u00abSin categorizar\u00bb","block_context":{"text":"Sin categorizar","link":"https:\/\/www.edder.org\/?cat=1"},"img":{"alt_text":"","src":"https:\/\/i0.wp.com\/edder.org\/images\/kiefer\/kiefer1.jpg?resize=350%2C200","width":350,"height":200,"srcset":"https:\/\/i0.wp.com\/edder.org\/images\/kiefer\/kiefer1.jpg?resize=350%2C200 1x, https:\/\/i0.wp.com\/edder.org\/images\/kiefer\/kiefer1.jpg?resize=525%2C300 1.5x"},"classes":[]},{"id":503,"url":"https:\/\/www.edder.org\/?p=503","url_meta":{"origin":12675,"position":3},"title":"Capitalidad cultural","author":"Eder","date":"viernes, 6 Nov, 2009","format":false,"excerpt":"Francisco Patxi Mangado es el \u00fanico arquitecto del mundo que no ha sabido resolver lo que cualquier dise\u00f1ador, a fastidiosa y tard\u00eda petici\u00f3n del cliente, resolver\u00eda en segundos: c\u00f3mo meter en un espacio dado el doble de texto del inicialmente previsto. A Francisco Mangado se le olvid\u00f3 que se hac\u00eda\u2026","rel":"","context":"En \u00abNA\u00bb","block_context":{"text":"NA","link":"https:\/\/www.edder.org\/?cat=3"},"img":{"alt_text":"","src":"","width":0,"height":0},"classes":[]},{"id":149,"url":"https:\/\/www.edder.org\/?p=149","url_meta":{"origin":12675,"position":4},"title":"Momenticos","author":"Eder","date":"viernes, 9 May, 2008","format":false,"excerpt":"El poeta y cl\u00e9rigo catal\u00e1n Jacint Verdaguer \u2013algo ultramontano, algo integrista\u2013 experimentaba esos inefables arranques de arrobo m\u00edstico a los que por aqu\u00ed damos en llamar \u2018momenticos\u2019 cuando ascend\u00eda a alguna cumbre del Pirineo. \u201cLos catalanes que suben aqu\u00ed \u2013dice el verso de un c\u00e9lebre poema de Verdaguer\u2013 aman todav\u00eda\u2026","rel":"","context":"En \u00abNA\u00bb","block_context":{"text":"NA","link":"https:\/\/www.edder.org\/?cat=3"},"img":{"alt_text":"","src":"","width":0,"height":0},"classes":[]},{"id":4219,"url":"https:\/\/www.edder.org\/?p=4219","url_meta":{"origin":12675,"position":5},"title":"Vidas ejemplares: Escriv\u00e1 y Arrese, o de la  sinceridad y la humildad reunidas","author":"Eder","date":"lunes, 23 Feb, 2015","format":false,"excerpt":"","rel":"","context":"En \u00abNA\u00bb","block_context":{"text":"NA","link":"https:\/\/www.edder.org\/?cat=3"},"img":{"alt_text":"","src":"https:\/\/i0.wp.com\/www.edder.org\/upload\/2015\/02\/arrese.gif?resize=350%2C200&ssl=1","width":350,"height":200},"classes":[]}],"jetpack_likes_enabled":true,"_links":{"self":[{"href":"https:\/\/www.edder.org\/index.php?rest_route=\/wp\/v2\/posts\/12675","targetHints":{"allow":["GET"]}}],"collection":[{"href":"https:\/\/www.edder.org\/index.php?rest_route=\/wp\/v2\/posts"}],"about":[{"href":"https:\/\/www.edder.org\/index.php?rest_route=\/wp\/v2\/types\/post"}],"author":[{"embeddable":true,"href":"https:\/\/www.edder.org\/index.php?rest_route=\/wp\/v2\/users\/82"}],"replies":[{"embeddable":true,"href":"https:\/\/www.edder.org\/index.php?rest_route=%2Fwp%2Fv2%2Fcomments&post=12675"}],"version-history":[{"count":0,"href":"https:\/\/www.edder.org\/index.php?rest_route=\/wp\/v2\/posts\/12675\/revisions"}],"wp:featuredmedia":[{"embeddable":true,"href":"https:\/\/www.edder.org\/index.php?rest_route=\/wp\/v2\/media\/12676"}],"wp:attachment":[{"href":"https:\/\/www.edder.org\/index.php?rest_route=%2Fwp%2Fv2%2Fmedia&parent=12675"}],"wp:term":[{"taxonomy":"category","embeddable":true,"href":"https:\/\/www.edder.org\/index.php?rest_route=%2Fwp%2Fv2%2Fcategories&post=12675"},{"taxonomy":"post_tag","embeddable":true,"href":"https:\/\/www.edder.org\/index.php?rest_route=%2Fwp%2Fv2%2Ftags&post=12675"}],"curies":[{"name":"wp","href":"https:\/\/api.w.org\/{rel}","templated":true}]}}