{"id":12662,"date":"2015-12-31T16:30:55","date_gmt":"2015-12-31T15:30:55","guid":{"rendered":"https:\/\/www.edder.org\/?p=12662"},"modified":"2018-07-27T16:36:46","modified_gmt":"2018-07-27T14:36:46","slug":"tati-aujourdhui","status":"publish","type":"post","link":"https:\/\/www.edder.org\/?p=12662","title":{"rendered":"Tati aujourd&#8217;hui"},"content":{"rendered":"<p>Tati dans les villes. Les villes de Tati. Tati aujourd&#39;hui.<br \/>\n\tBerlin, d&eacute;cembre 2015. L&#39;ancien a&eacute;roport de Tempelhof ouvert aux migrants.<\/p>\n<p><img decoding=\"async\" class=\"lazyload alignnone\" height=\"748\" src=\"data:image\/svg+xml,%3Csvg%20xmlns%3D%27http%3A%2F%2Fwww.w3.org%2F2000%2Fsvg%27%20width%3D%271280%27%20height%3D%27748%27%20viewBox%3D%270%200%201280%20748%27%3E%3Crect%20width%3D%271280%27%20height%3D%27748%27%20fill-opacity%3D%220%22%2F%3E%3C%2Fsvg%3E\" data-orig-src=\"http:\/\/edder.org\/images\/tativille2.jpg\" width=\"1280\" \/><\/p>\n<p>&nbsp;<\/p>\n<p style=\"text-align: center;\"><div class=\"fusion-fullwidth fullwidth-box fusion-builder-row-1 hundred-percent-fullwidth non-hundred-percent-height-scrolling\" style=\"--awb-border-radius-top-left:0px;--awb-border-radius-top-right:0px;--awb-border-radius-bottom-right:0px;--awb-border-radius-bottom-left:0px;--awb-overflow:visible;--awb-flex-wrap:wrap;\" ><div class=\"fusion-builder-row fusion-row\"><div class=\"fusion-layout-column fusion_builder_column fusion-builder-column-0 fusion_builder_column_1_1 1_1 fusion-one-full fusion-column-first fusion-column-last fusion-column-no-min-height\" style=\"--awb-bg-size:cover;--awb-margin-bottom:0px;\"><div class=\"fusion-column-wrapper fusion-flex-column-wrapper-legacy\"><div class=\"video-shortcode\"><iframe width=\"1262\" height=\"710\" src=\"https:\/\/www.youtube.com\/embed\/ycJdo2tAayk?feature=oembed\" frameborder=\"0\" allowfullscreen><\/iframe><\/div>\n<p style=\"text-align: center;\">&nbsp;<\/p>\n<p>Voir aussi <a href=\"https:\/\/www.edder.org\/?p=1016\" target=\"_blank\">Tati par Daney<\/a><\/p>\n<p>&nbsp;<\/p>\n<div class=\"fusion-clearfix\"><\/div><\/div><\/div><\/div><\/div><\/p>\n","protected":false},"excerpt":{"rendered":"<p>Tati dans les villes. Les villes de Tati. Tati aujourd&#39;hui. Berlin, d&eacute;cembre 2015. L&#39;ancien a&eacute;roport de Tempelhof ouvert aux migrants. &nbsp;<\/p>\n","protected":false},"author":82,"featured_media":12665,"comment_status":"closed","ping_status":"closed","sticky":false,"template":"","format":"standard","meta":{"jetpack_post_was_ever_published":false,"_jetpack_newsletter_access":"","_jetpack_dont_email_post_to_subs":false,"_jetpack_newsletter_tier_id":0,"_jetpack_memberships_contains_paywalled_content":false,"_jetpack_memberships_contains_paid_content":false,"footnotes":"","jetpack_publicize_message":"","jetpack_publicize_feature_enabled":true,"jetpack_social_post_already_shared":true,"jetpack_social_options":{"image_generator_settings":{"template":"highway","default_image_id":0,"font":"","enabled":false},"version":2}},"categories":[85,79,90,1],"tags":[83],"class_list":["post-12662","post","type-post","status-publish","format-standard","has-post-thumbnail","hentry","category-artes","category-cine","category-prehistoria-contemporanea","category-sin-categorizar","tag-tati"],"jetpack_publicize_connections":[],"jetpack_featured_media_url":"https:\/\/www.edder.org\/upload\/2015\/12\/tativille-copia.jpg","jetpack_shortlink":"https:\/\/wp.me\/p6kHv-3ie","jetpack_sharing_enabled":true,"jetpack-related-posts":[{"id":761,"url":"https:\/\/www.edder.org\/?p=761","url_meta":{"origin":12662,"position":0},"title":"Tati and the flat TV","author":"Eder","date":"domingo, 4 Jul, 2010","format":false,"excerpt":"Al ver de nuevo Playtime, cuya edici\u00f3n en blu-ray tiene una definici\u00f3n excelente, reparo en algo que antes me hab\u00eda pasado inadvertido: el t\u00edo Tati no s\u00f3lo imagin\u00f3 en 1967 la fisonom\u00eda de todo un barrio parisino que a\u00fan tardar\u00eda unos a\u00f1os en aparecer \u2013la D\u00e9fense\u2013, sino que incluso imagin\u00f3\u2026","rel":"","context":"En \u00abCine\u00bb","block_context":{"text":"Cine","link":"https:\/\/www.edder.org\/?cat=79"},"img":{"alt_text":"","src":"","width":0,"height":0},"classes":[]},{"id":12695,"url":"https:\/\/www.edder.org\/?p=12695","url_meta":{"origin":12662,"position":1},"title":"Echar un drink (the Scola-Tati connection)","author":"Eder","date":"lunes, 25 Ene, 2016","format":false,"excerpt":"Echar un drink de scotch en un glass:","rel":"","context":"En \u00abCine\u00bb","block_context":{"text":"Cine","link":"https:\/\/www.edder.org\/?cat=79"},"img":{"alt_text":"","src":"","width":0,"height":0},"classes":[]},{"id":1016,"url":"https:\/\/www.edder.org\/?p=1016","url_meta":{"origin":12662,"position":2},"title":"Tati, por Serge Daney","author":"Eder","date":"martes, 12 Mar, 2013","format":false,"excerpt":"El m\u00e1s grande. Aquel de quien nunca se dud\u00f3 jam\u00e1s, por otra parte. Cada tanto le rend\u00edan homenaje. Se hablaba de \u00e9l un poco en pasado. Era un error, claro. Testarudo, Tati ten\u00eda sus ideas sobre todo, y hac\u00eda proyectos quim\u00e9ricos. Ideas sobre el cine \u2013estaba listo para batirse en\u2026","rel":"","context":"En \u00abCine\u00bb","block_context":{"text":"Cine","link":"https:\/\/www.edder.org\/?cat=79"},"img":{"alt_text":"","src":"","width":0,"height":0},"classes":[]},{"id":2687,"url":"https:\/\/www.edder.org\/?p=2687","url_meta":{"origin":12662,"position":3},"title":"Filmarlo todo","author":"Eder","date":"s\u00e1bado, 3 Nov, 2012","format":false,"excerpt":"","rel":"","context":"En \u00abCine\u00bb","block_context":{"text":"Cine","link":"https:\/\/www.edder.org\/?cat=79"},"img":{"alt_text":"","src":"","width":0,"height":0},"classes":[]},{"id":53,"url":"https:\/\/www.edder.org\/?p=53","url_meta":{"origin":12662,"position":4},"title":"Con Lacan y en la CAN","author":"Eder","date":"viernes, 21 Abr, 2006","format":false,"excerpt":"Con Lacan. \u00bfSab\u00eda usted que lo navarristas que tan acerbamente tiran contra los catalanistas, est\u00e1n hechos de la madera ideol\u00f3gica de Jes\u00fas Aizp\u00fan Tuero, descendiente del hist\u00f3rico pol\u00edtico navarro Rafael Aizp\u00fan Santaf\u00e9, que curs\u00f3 estudios en Barcelona, donde frecuent\u00f3 a ilustres figuras del catalanismo que informar\u00edan el navarrismo del padre,\u2026","rel":"","context":"En \u00abNA\u00bb","block_context":{"text":"NA","link":"https:\/\/www.edder.org\/?cat=3"},"img":{"alt_text":"","src":"","width":0,"height":0},"classes":[]},{"id":11729,"url":"https:\/\/www.edder.org\/?p=11729","url_meta":{"origin":12662,"position":5},"title":"Remake","author":"Eder","date":"domingo, 31 May, 2015","format":false,"excerpt":"Secuencia de Gimme Shelter (Maysles Bros., 1970): \u00a0 \u00a0 Cartel de Una paloma se pos\u00f3 en una rama (Roy Andersson, 2014): [\/fusion_builder_column][\/fusion_builder_row][\/fusion_builder_container]","rel":"","context":"En \u00abSin categorizar\u00bb","block_context":{"text":"Sin categorizar","link":"https:\/\/www.edder.org\/?cat=1"},"img":{"alt_text":"","src":"https:\/\/i0.wp.com\/www.edder.org\/upload\/2015\/05\/Sin-ti%CC%81tulo-12.gif?resize=350%2C200&ssl=1","width":350,"height":200},"classes":[]}],"jetpack_likes_enabled":true,"_links":{"self":[{"href":"https:\/\/www.edder.org\/index.php?rest_route=\/wp\/v2\/posts\/12662","targetHints":{"allow":["GET"]}}],"collection":[{"href":"https:\/\/www.edder.org\/index.php?rest_route=\/wp\/v2\/posts"}],"about":[{"href":"https:\/\/www.edder.org\/index.php?rest_route=\/wp\/v2\/types\/post"}],"author":[{"embeddable":true,"href":"https:\/\/www.edder.org\/index.php?rest_route=\/wp\/v2\/users\/82"}],"replies":[{"embeddable":true,"href":"https:\/\/www.edder.org\/index.php?rest_route=%2Fwp%2Fv2%2Fcomments&post=12662"}],"version-history":[{"count":0,"href":"https:\/\/www.edder.org\/index.php?rest_route=\/wp\/v2\/posts\/12662\/revisions"}],"wp:featuredmedia":[{"embeddable":true,"href":"https:\/\/www.edder.org\/index.php?rest_route=\/wp\/v2\/media\/12665"}],"wp:attachment":[{"href":"https:\/\/www.edder.org\/index.php?rest_route=%2Fwp%2Fv2%2Fmedia&parent=12662"}],"wp:term":[{"taxonomy":"category","embeddable":true,"href":"https:\/\/www.edder.org\/index.php?rest_route=%2Fwp%2Fv2%2Fcategories&post=12662"},{"taxonomy":"post_tag","embeddable":true,"href":"https:\/\/www.edder.org\/index.php?rest_route=%2Fwp%2Fv2%2Ftags&post=12662"}],"curies":[{"name":"wp","href":"https:\/\/api.w.org\/{rel}","templated":true}]}}