{"id":1261,"date":"2010-12-10T13:26:29","date_gmt":"2010-12-10T12:26:29","guid":{"rendered":"https:\/\/www.edder.org\/?p=1261"},"modified":"2018-07-27T16:37:37","modified_gmt":"2018-07-27T14:37:37","slug":"chillida-leku-y-alrededores","status":"publish","type":"post","link":"https:\/\/www.edder.org\/?p=1261","title":{"rendered":"Chillida-Leku y alrededores"},"content":{"rendered":"<p><style type=\"text\/css\">@font-face {\n  font-family: \"Cambria\";\n}p.MsoNormal, li.MsoNormal, div.MsoNormal { margin: 0cm 0cm 0.0001pt; font-size: 12pt; font-family: \"Times New Roman\"; }div.Section1 { page: Section1;<\/style>\n<p>\t<span style=\"font-size: 12pt; font-family: &quot;Times New Roman&quot;;\">Ya es casualidad que la familia Chillida llame a la providencial intervenci&oacute;n de los poderes p&uacute;blicos en el preciso momento en que San Sebasti&aacute;n aspira a la capitalidad europea de la cultura. Dado lo se&ntilde;alado del momento, es de suponer que la salv&iacute;fica intervenci&oacute;n pol&iacute;tica se dar&aacute;. Se dar&aacute; cuando se consider&eacute; electoralmente oportuno, pero se dar&aacute;. Por descontado que soy partidario de que dicha intervenci&oacute;n se d&eacute;, si es que el hoy por hoy negocio particular de la familia Chillida, a simple vista un negocio incomparablemente m&aacute;s boyante que el m&aacute;s visitado de los semidesiertos museos navarros, en efecto va a la quiebra. De lo que no soy partidario es de que ese tipo de intervenciones sean a la navarra. Es un rasgo distintivo del r&eacute;gimen pol&iacute;tico-administrativo implantado por UPN la promoci&oacute;n de fundaciones que, o bien surgen desde la iniciativa privada para privadamente hacer a su conveniencia con la graciosa e incontrolada concesi&oacute;n de fondos p&uacute;blicos &ndash;la fundaci&oacute;n del arquitecto Francisco Mangado, a la que no se niega en los presupuestos lo que s&iacute; se hurta a los peque&ntilde;os museos, es el caso m&aacute;s evidente&ndash;, o bien se promueven fundaciones desde la propia Administraci&oacute;n para, desde el control de los patronatos de las mismas, hacer y deshacer en lo p&uacute;blico a su capricho &ndash;el Baluarte naci&oacute; con una fundaci&oacute;n as&iacute;; lo primero que se vari&oacute; en la Fundaci&oacute;n Oteiza fue el n&uacute;mero de patronos establecido por el propio Oteiza&ndash;. Es de suponer que el museo que la Universidad de Navarra har&aacute; con la colecci&oacute;n Huarte &ndash;y que seguramente cerrar&aacute; el paso presupuestario a otra dotaci&oacute;n de car&aacute;cter p&uacute;blico&ndash; se beneficiar&aacute; del singular r&eacute;gimen foral que rige con UPN en materia cultural: gesti&oacute;n privada &ndash;trasparencia, concurrencia y publicidad no requeridas&ndash; con caudales p&uacute;blicos, siempre que los magn&iacute;ficos Lorenzos que conceden los fondos cuenten con el derecho reservado a retratarse con cuantos notables pasen por all&aacute;. Lo verdaderamente de temer es que Chillida-Leku sobreviva a la navarra.<\/span><\/p>\n<p>&nbsp;<\/p>\n<p style=\"text-align: right;\">Publicado en <a href=\"http:\/\/www.diariodenoticias.com\/opinion\/columnistas\/postal-expres\" target=\"blank\">Diario de Noticias<\/a><\/p>\n<p><img class=\"lazyload\" decoding=\"async\" align=\"right\" alt=\"dn\" src=\"data:image\/gif;base64,R0lGODlhAQABAAAAACH5BAEKAAEALAAAAAABAAEAAAICTAEAOw==\" data-orig-src=\"..\/images\/dn.gif\" title=\"dn\" \/><\/p>\n","protected":false},"excerpt":{"rendered":"<p>Ya es casualidad que la familia Chillida llame a la providencial intervenci&oacute;n de los poderes p&uacute;blicos en el preciso momento en que San Sebasti&aacute;n aspira a la capitalidad europea de la cultura. Dado lo se&ntilde;alado del momento, es de suponer que la salv&iacute;fica intervenci&oacute;n pol&iacute;tica se dar&aacute;. Se dar&aacute; cuando se consider&eacute; electoralmente oportuno, pero se dar&aacute;. Por descontado que soy partidario de que dicha intervenci&oacute;n se d&eacute;, si es que el hoy por hoy negocio particular de la familia Chillida, a simple vista un negocio incomparablemente m&aacute;s boyante que el m&aacute;s visitado de los semidesiertos museos navarros, en efecto va a la quiebra. De lo que no soy partidario es de que ese tipo de intervenciones sean a la navarra. Es un rasgo distintivo del r&eacute;gimen  [&#8230;]<\/p>\n","protected":false},"author":82,"featured_media":0,"comment_status":"open","ping_status":"open","sticky":false,"template":"","format":"standard","meta":{"jetpack_post_was_ever_published":false,"_jetpack_newsletter_access":"","_jetpack_dont_email_post_to_subs":false,"_jetpack_newsletter_tier_id":0,"_jetpack_memberships_contains_paywalled_content":false,"_jetpack_memberships_contains_paid_content":false,"footnotes":"","jetpack_publicize_message":"","jetpack_publicize_feature_enabled":true,"jetpack_social_post_already_shared":false,"jetpack_social_options":{"image_generator_settings":{"template":"highway","default_image_id":0,"font":"","enabled":false},"version":2}},"categories":[85,3],"tags":[],"class_list":["post-1261","post","type-post","status-publish","format-standard","hentry","category-artes","category-na"],"jetpack_publicize_connections":[],"jetpack_featured_media_url":"","jetpack_shortlink":"https:\/\/wp.me\/p6kHv-kl","jetpack_sharing_enabled":true,"jetpack-related-posts":[{"id":2755,"url":"https:\/\/www.edder.org\/?p=2755","url_meta":{"origin":1261,"position":0},"title":"Piloto de la muerte","author":"Eder","date":"viernes, 21 Dic, 2012","format":false,"excerpt":"\u00a0 Let me ride on the Wall of Death one more time Let me ride on the Wall of Death one more time You can waste your time on the other rides This is the nearest to being alive Oh let me take my chances on the Wall of Death\u2026","rel":"","context":"En \u00abM\u00fasica\u00bb","block_context":{"text":"M\u00fasica","link":"https:\/\/www.edder.org\/?cat=87"},"img":{"alt_text":"","src":"","width":0,"height":0},"classes":[]},{"id":12217,"url":"https:\/\/www.edder.org\/?p=12217","url_meta":{"origin":1261,"position":1},"title":"Alicia y la Avispa: \u00bftort\u00edcolis?","author":"Eder","date":"martes, 1 Sep, 2015","format":false,"excerpt":"","rel":"","context":"En \u00abArtes\u00bb","block_context":{"text":"Artes","link":"https:\/\/www.edder.org\/?cat=85"},"img":{"alt_text":"","src":"https:\/\/i0.wp.com\/www.edder.org\/upload\/2015\/09\/chillida.gif?resize=350%2C200&ssl=1","width":350,"height":200,"srcset":"https:\/\/i0.wp.com\/www.edder.org\/upload\/2015\/09\/chillida.gif?resize=350%2C200&ssl=1 1x, https:\/\/i0.wp.com\/www.edder.org\/upload\/2015\/09\/chillida.gif?resize=525%2C300&ssl=1 1.5x"},"classes":[]},{"id":35,"url":"https:\/\/www.edder.org\/?p=35","url_meta":{"origin":1261,"position":2},"title":"El h\u00e1bito regener\u00f3 al monde","author":"Eder","date":"viernes, 6 Ene, 2006","format":false,"excerpt":"La desfachatez que ha llevado a Sanz \u2013Sanz Sesma\u2013 a interpretar la sentencia judicial por la que se anula la concesi\u00f3n de licencias de radio hecha en su d\u00eda por Sanz \u2013Sanz Barea\u2013 y Palacios como otro \u00e9xito del Gobierno de UPN \u2013otro m\u00e1s de la cascada incesante de \u00e9xitos\u2026","rel":"","context":"En \u00abNA\u00bb","block_context":{"text":"NA","link":"https:\/\/www.edder.org\/?cat=3"},"img":{"alt_text":"","src":"","width":0,"height":0},"classes":[]},{"id":1241,"url":"https:\/\/www.edder.org\/?p=1241","url_meta":{"origin":1261,"position":3},"title":"Teas","author":"Eder","date":"jueves, 4 Nov, 2010","format":false,"excerpt":"Pens\u00e9 que los del Tea Party ser\u00edan los del Partido de las Teas o los de la Fiesta de las Antorchas, pero no: son los del Partido del T\u00e9. En mi descargo dir\u00e9 que por estos cristian\u00edsimos pagos son tradici\u00f3n secular y folclore vivo tantas procesiones y rosarios de las\u2026","rel":"","context":"En \u00abNA\u00bb","block_context":{"text":"NA","link":"https:\/\/www.edder.org\/?cat=3"},"img":{"alt_text":"","src":"","width":0,"height":0},"classes":[]},{"id":34,"url":"https:\/\/www.edder.org\/?p=34","url_meta":{"origin":1261,"position":4},"title":"Nepotismo foral: una instant\u00e1nea","author":"Eder","date":"viernes, 30 Dic, 2005","format":false,"excerpt":"Siete a\u00f1o y medio despu\u00e9s de que el incombustible superconsejero Jos\u00e9 Ignacio Palacios \u2013sus pleitos van bien despacio\u2013\u2026 Siete a\u00f1os y medio despu\u00e9s de que Palacios y Sanz \u2013el otro Sanz\u2013, \u00bfregalasen?, \u00bfadjudicasen graciosamente?, \u00bfentregasen en un acto de nepotismo palaciego \u2013\u201cVoy a Palacio\u201d, que dicen ciertos exponentes de nuestra\u2026","rel":"","context":"En \u00abNA\u00bb","block_context":{"text":"NA","link":"https:\/\/www.edder.org\/?cat=3"},"img":{"alt_text":"","src":"","width":0,"height":0},"classes":[]},{"id":1244,"url":"https:\/\/www.edder.org\/?p=1244","url_meta":{"origin":1261,"position":5},"title":"En la muerte de la i griega","author":"Eder","date":"viernes, 12 Nov, 2010","format":false,"excerpt":"Una vez que el fil\u00f3sofo alem\u00e1n \u2013aunque esencialmente navarro\u2013 Martin Heidegger lleg\u00f3 a la cumbre de su Sein und Zeit \u2013de su Ser y tiempo, que qu\u00e9 navarro no ha le\u00eddo en alem\u00e1n\u2013, no pudo sustraerse a la tentaci\u00f3n filol\u00f3gica de escribir una nota al pie en la que, para\u2026","rel":"","context":"En \u00abNA\u00bb","block_context":{"text":"NA","link":"https:\/\/www.edder.org\/?cat=3"},"img":{"alt_text":"","src":"","width":0,"height":0},"classes":[]}],"jetpack_likes_enabled":true,"_links":{"self":[{"href":"https:\/\/www.edder.org\/index.php?rest_route=\/wp\/v2\/posts\/1261","targetHints":{"allow":["GET"]}}],"collection":[{"href":"https:\/\/www.edder.org\/index.php?rest_route=\/wp\/v2\/posts"}],"about":[{"href":"https:\/\/www.edder.org\/index.php?rest_route=\/wp\/v2\/types\/post"}],"author":[{"embeddable":true,"href":"https:\/\/www.edder.org\/index.php?rest_route=\/wp\/v2\/users\/82"}],"replies":[{"embeddable":true,"href":"https:\/\/www.edder.org\/index.php?rest_route=%2Fwp%2Fv2%2Fcomments&post=1261"}],"version-history":[{"count":0,"href":"https:\/\/www.edder.org\/index.php?rest_route=\/wp\/v2\/posts\/1261\/revisions"}],"wp:attachment":[{"href":"https:\/\/www.edder.org\/index.php?rest_route=%2Fwp%2Fv2%2Fmedia&parent=1261"}],"wp:term":[{"taxonomy":"category","embeddable":true,"href":"https:\/\/www.edder.org\/index.php?rest_route=%2Fwp%2Fv2%2Fcategories&post=1261"},{"taxonomy":"post_tag","embeddable":true,"href":"https:\/\/www.edder.org\/index.php?rest_route=%2Fwp%2Fv2%2Ftags&post=1261"}],"curies":[{"name":"wp","href":"https:\/\/api.w.org\/{rel}","templated":true}]}}