{"id":126,"date":"2007-12-28T08:01:30","date_gmt":"2007-12-28T06:01:30","guid":{"rendered":"https:\/\/www.edder.org\/?p=126"},"modified":"2018-07-27T16:38:26","modified_gmt":"2018-07-27T14:38:26","slug":"sarko-system","status":"publish","type":"post","link":"https:\/\/www.edder.org\/?p=126","title":{"rendered":"Sarko-system"},"content":{"rendered":"<p>Yo no veo qu\u00e9 pueda estar haciendo el sarkozysmo que no inventase ya el sarko-sanzismo. Salvadas las diferencias de escala \u2013Sarkozy interpreta su papel en una escala planetaria y con un eco medi\u00e1tico universal\u2013, Sanz o Barcina hasta podr\u00edan reclamar al franc\u00e9s derechos de autor\u00eda. El inter\u00e9s del presidente galo por algo tan viejo, por no decir que tan gastado \u2013si no tan periclitado\u2013 como la pol\u00edtica es m\u00e1s bien escaso. Ni siquiera parece interesado en eso tan napole\u00f3nico y tan franc\u00e9s a lo que los pol\u00edticos se entregaron en cuerpo y alma tras la desaparici\u00f3n de la pol\u00edtica: la producci\u00f3n de acontecimientos grandiosos, o por lo menos ruidosos \u2013por lo general acompa\u00f1ados de fara\u00f3nicas infraestructuras\u2013. No, el presidente Sarkozy no dirige sus mejores denuedos a la producci\u00f3n de grandes acontecimientos: le basta con saber d\u00f3nde va a producirse un gran ruido de actualidad para correr a firmarlo. Eso es de momento el sarkozysmo. Como a la <em>people<\/em> \u2013m\u00e1s o menos <em>beautiful<\/em>\u2013, a la primera estrella de Francia le basta con saber qu\u00e9 fiesta va a celebrarse para correr a retratarse en ella. Todo vale con tal de retratarse en la fiesta que vaya a ser \u2013la fiesta\u2013. Olvidada la pol\u00edtica, e incluso la producci\u00f3n de acontecimientos ruidosos \u2013con su correspondientes megaestructuras\u2013, no tiene sentido trabajar en favor de la memoria, de lo que pueda o deba perdurar, sino que no hay otro sentido que la producci\u00f3n de desmemoria. El ruido de la fiesta de hoy sepulta los ecos de la ayer y de paso las realidades sociales o pol\u00edticas. Hay quien estar\u00eda en su derecho de exigir al franc\u00e9s derechos de autor\u00eda. \u00bfQu\u00e9 fue de tantos grandes ruidos como produjo el sarko-sanzismo o el sarko-barcinismo? \u00bfQu\u00e9 se hizo del museo de los Sanfermines o del Quinto Centenario? Nada. Fue una colecci\u00f3n de costosas fotos en sucesivas fiestas que nadie ya recuerda. De eso se trataba y a\u00fan se trata: no de la producci\u00f3n pol\u00edtica de acontecimientos, sino de la producci\u00f3n de protagonismo. Un protagonismo estelar.<\/p>\n<div align=\"right\">Publicado en <a target=\"blank\" href=\"http:\/\/www.noticiasdenavarra.com\/ediciones\/2007\/12\/28\/opinion\/contra.php\">Diario de Noticias<\/a><img class=\"lazyload\" decoding=\"async\" align=\"right\" title=\"dn\" alt=\"dn\" src=\"data:image\/gif;base64,R0lGODlhAQABAAAAACH5BAEKAAEALAAAAAABAAEAAAICTAEAOw==\" data-orig-src=\"https:\/\/www.edder.org\/images\/dn.gif\" \/><\/div>\n<p><img class=\"lazyload\" decoding=\"async\" src=\"data:image\/gif;base64,R0lGODlhAQABAAAAACH5BAEKAAEALAAAAAABAAEAAAICTAEAOw==\" data-orig-src=\"https:\/\/www.edder.org\/images\/marcas.gif\" alt=\"marcas\" \/><\/p>\n","protected":false},"excerpt":{"rendered":"<p>Yo no veo qu\u00e9 pueda estar haciendo el sarkozysmo que no inventase ya el sarko-sanzismo. Salvadas las diferencias de escala \u2013Sarkozy interpreta su papel en una escala planetaria y con un eco medi\u00e1tico universal\u2013, Sanz o Barcina hasta podr\u00edan reclamar al franc\u00e9s derechos de autor\u00eda. El inter\u00e9s del presidente galo por algo tan viejo, por no decir que tan gastado \u2013si no tan periclitado\u2013 como la pol\u00edtica es m\u00e1s bien escaso. Ni siquiera parece interesado en eso tan napole\u00f3nico y tan franc\u00e9s a lo que los pol\u00edticos se entregaron en cuerpo y alma tras la desaparici\u00f3n de la pol\u00edtica: la producci\u00f3n de acontecimientos grandiosos, o por lo menos ruidosos \u2013por lo general acompa\u00f1ados de fara\u00f3nicas infraestructuras\u2013. No, el presidente Sarkozy no dirige sus mejores denuedos a la  [&#8230;]<\/p>\n","protected":false},"author":82,"featured_media":0,"comment_status":"open","ping_status":"open","sticky":false,"template":"","format":"standard","meta":{"jetpack_post_was_ever_published":false,"_jetpack_newsletter_access":"","_jetpack_dont_email_post_to_subs":false,"_jetpack_newsletter_tier_id":0,"_jetpack_memberships_contains_paywalled_content":false,"_jetpack_memberships_contains_paid_content":false,"footnotes":"","jetpack_publicize_message":"","jetpack_publicize_feature_enabled":true,"jetpack_social_post_already_shared":false,"jetpack_social_options":{"image_generator_settings":{"template":"highway","default_image_id":0,"font":"","enabled":false},"version":2}},"categories":[3,1],"tags":[],"class_list":["post-126","post","type-post","status-publish","format-standard","hentry","category-na","category-sin-categorizar"],"jetpack_publicize_connections":[],"jetpack_featured_media_url":"","jetpack_shortlink":"https:\/\/wp.me\/p6kHv-22","jetpack_sharing_enabled":true,"jetpack-related-posts":[{"id":180,"url":"https:\/\/www.edder.org\/?p=180","url_meta":{"origin":126,"position":0},"title":"Pangloss del derecho y del rev\u00e9s","author":"Eder","date":"viernes, 26 Sep, 2008","format":false,"excerpt":"Seamos panglossianos: aceptemos con alegr\u00eda que no hay mal que por bien no venga. Lo bueno de las panglossianas declaraciones de ZP en NY \u2013todo va de la mejor manera en la mejor de las Espa\u00f1as posibles\u2013 es que, tras o\u00edrlas, a cualquiera le entran una ganas imparables de leer\u2026","rel":"","context":"En \u00abSin categorizar\u00bb","block_context":{"text":"Sin categorizar","link":"https:\/\/www.edder.org\/?cat=1"},"img":{"alt_text":"","src":"","width":0,"height":0},"classes":[]},{"id":56,"url":"https:\/\/www.edder.org\/?p=56","url_meta":{"origin":126,"position":1},"title":"De vuelta en los EE UU","author":"Eder","date":"viernes, 12 May, 2006","format":false,"excerpt":"","rel":"","context":"En \u00abNA\u00bb","block_context":{"text":"NA","link":"https:\/\/www.edder.org\/?cat=3"},"img":{"alt_text":"","src":"","width":0,"height":0},"classes":[]},{"id":562,"url":"https:\/\/www.edder.org\/?p=562","url_meta":{"origin":126,"position":2},"title":"De Landa al infinito","author":"Eder","date":"viernes, 15 Ene, 2010","format":false,"excerpt":"Pues ten\u00eda raz\u00f3n Mangado, don Francisco, vamos, creo yo, y a cada uno su raz\u00f3n. El r\u00f3tulo \u201cPalacio Baluarte Jauregia\u201d, bien, bien, bien, lo que se dice bien, no es que le caiga al edificio, como el arquitecto ya profetizara que iba a ocurrir. Mal, mal, mal, pues tampoco, la\u2026","rel":"","context":"En \u00abNA\u00bb","block_context":{"text":"NA","link":"https:\/\/www.edder.org\/?cat=3"},"img":{"alt_text":"","src":"","width":0,"height":0},"classes":[]},{"id":139,"url":"https:\/\/www.edder.org\/?p=139","url_meta":{"origin":126,"position":3},"title":"Por preguntar","author":"Eder","date":"viernes, 7 Mar, 2008","format":false,"excerpt":"Hubo carta del Gobierno de Navarra. \u201cEl d\u00eda 19 abrimos las puertas del nuevo centro de urgencias Solchaga\u201d. \u00bfNuevo centro de urgencias Solchaga? \u00bfEs el viejo ambulatorio al que en el sitio web del Ayuntamiento de Pamplona se sigue llamando General Solchaga? \u00bfHay nueva denominaci\u00f3n oficial? Si as\u00ed fuera, \u00bfcu\u00e1ndo\u2026","rel":"","context":"En \u00abNA\u00bb","block_context":{"text":"NA","link":"https:\/\/www.edder.org\/?cat=3"},"img":{"alt_text":"","src":"","width":0,"height":0},"classes":[]},{"id":385,"url":"https:\/\/www.edder.org\/?p=385","url_meta":{"origin":126,"position":4},"title":"Grandeza de un miserable llamado Odiseo","author":"Eder","date":"viernes, 15 May, 2009","format":false,"excerpt":"Cuando oigo a la se\u00f1ora Barcina (que tan favorecida sali\u00f3 ayer en la \u00faltima p\u00e1gina de El Pa\u00eds: \u201ccat\u00f3lica practicante sin exagerar\u201d, se dec\u00eda ella misma \u2013nada que ver con el nacionalcatolicismo de anta\u00f1o: aquel que bautizaba las calles de Pamplona con nombres de nuncios y pont\u00edfices vaticanos, aunque hoy\u2026","rel":"","context":"En \u00abNA\u00bb","block_context":{"text":"NA","link":"https:\/\/www.edder.org\/?cat=3"},"img":{"alt_text":"","src":"","width":0,"height":0},"classes":[]},{"id":71,"url":"https:\/\/www.edder.org\/?p=71","url_meta":{"origin":126,"position":5},"title":"madridismo","author":"Eder","date":"viernes, 17 Nov, 2006","format":false,"excerpt":"Cortos nos quedamos el pasado fin de semana, cuando Navarra en general ???y Pamplona en particular??? abri\u00f3 de par en par las puertas de sus instituciones pol\u00edticas ???las del Ejecutivo, el Legislativo y el Municipal??? a ese hombre de altura m\u00edtica que rige los designios del Real Madrid. La altura\u2026","rel":"","context":"En \u00abNA\u00bb","block_context":{"text":"NA","link":"https:\/\/www.edder.org\/?cat=3"},"img":{"alt_text":"","src":"","width":0,"height":0},"classes":[]}],"jetpack_likes_enabled":true,"_links":{"self":[{"href":"https:\/\/www.edder.org\/index.php?rest_route=\/wp\/v2\/posts\/126","targetHints":{"allow":["GET"]}}],"collection":[{"href":"https:\/\/www.edder.org\/index.php?rest_route=\/wp\/v2\/posts"}],"about":[{"href":"https:\/\/www.edder.org\/index.php?rest_route=\/wp\/v2\/types\/post"}],"author":[{"embeddable":true,"href":"https:\/\/www.edder.org\/index.php?rest_route=\/wp\/v2\/users\/82"}],"replies":[{"embeddable":true,"href":"https:\/\/www.edder.org\/index.php?rest_route=%2Fwp%2Fv2%2Fcomments&post=126"}],"version-history":[{"count":0,"href":"https:\/\/www.edder.org\/index.php?rest_route=\/wp\/v2\/posts\/126\/revisions"}],"wp:attachment":[{"href":"https:\/\/www.edder.org\/index.php?rest_route=%2Fwp%2Fv2%2Fmedia&parent=126"}],"wp:term":[{"taxonomy":"category","embeddable":true,"href":"https:\/\/www.edder.org\/index.php?rest_route=%2Fwp%2Fv2%2Fcategories&post=126"},{"taxonomy":"post_tag","embeddable":true,"href":"https:\/\/www.edder.org\/index.php?rest_route=%2Fwp%2Fv2%2Ftags&post=126"}],"curies":[{"name":"wp","href":"https:\/\/api.w.org\/{rel}","templated":true}]}}