{"id":12590,"date":"2015-11-15T17:06:24","date_gmt":"2015-11-15T16:06:24","guid":{"rendered":"https:\/\/www.edder.org\/?p=12590"},"modified":"2026-01-19T10:23:52","modified_gmt":"2026-01-19T09:23:52","slug":"la-pescadilla-de-darwin-y-el-pez-gordo-briones","status":"publish","type":"post","link":"https:\/\/www.edder.org\/?p=12590","title":{"rendered":"La pescadilla de Darwin y el pez gordo Briones"},"content":{"rendered":"<p><div class=\"fusion-fullwidth fullwidth-box fusion-builder-row-1 fusion-flex-container nonhundred-percent-fullwidth non-hundred-percent-height-scrolling\" style=\"--awb-border-radius-top-left:0px;--awb-border-radius-top-right:0px;--awb-border-radius-bottom-right:0px;--awb-border-radius-bottom-left:0px;--awb-flex-wrap:wrap;\" ><div class=\"fusion-builder-row fusion-row fusion-flex-align-items-flex-start fusion-flex-content-wrap\" style=\"max-width:1248px;margin-left: calc(-4% \/ 2 );margin-right: calc(-4% \/ 2 );\"><div class=\"fusion-layout-column fusion_builder_column fusion-builder-column-0 fusion_builder_column_1_1 1_1 fusion-flex-column\" style=\"--awb-bg-size:cover;--awb-width-large:100%;--awb-margin-top-large:0px;--awb-spacing-right-large:1.92%;--awb-margin-bottom-large:20px;--awb-spacing-left-large:1.92%;--awb-width-medium:100%;--awb-order-medium:0;--awb-spacing-right-medium:1.92%;--awb-spacing-left-medium:1.92%;--awb-width-small:100%;--awb-order-small:0;--awb-spacing-right-small:1.92%;--awb-spacing-left-small:1.92%;\"><div class=\"fusion-column-wrapper fusion-column-has-shadow fusion-flex-justify-content-flex-start fusion-content-layout-column\"><div class=\"fusion-text fusion-text-1\"><div style=\"width: 1200px;\" class=\"wp-video\"><video class=\"wp-video-shortcode\" id=\"video-12590-1\" width=\"1200\" height=\"675\" preload=\"metadata\" controls=\"controls\"><source type=\"video\/mp4\" src=\"http:\/\/edder.org\/movies\/briones.mp4?_=1\" \/><a href=\"http:\/\/edder.org\/movies\/briones.mp4\">http:\/\/edder.org\/movies\/briones.mp4<\/a><\/video><\/div>\n<\/div><div class=\"fusion-text fusion-text-2\" style=\"--awb-font-size:12px;\"><p style=\"text-align: center;\">(Emitdo por Antena 3 TV, dentro del programa \u00abAdictos al lujo\u00bb)<\/p>\n<\/div><\/div><\/div><\/div><\/div><div class=\"fusion-fullwidth fullwidth-box fusion-builder-row-2 fusion-flex-container nonhundred-percent-fullwidth non-hundred-percent-height-scrolling\" style=\"--awb-border-radius-top-left:0px;--awb-border-radius-top-right:0px;--awb-border-radius-bottom-right:0px;--awb-border-radius-bottom-left:0px;--awb-flex-wrap:wrap;\" ><div class=\"fusion-builder-row fusion-row fusion-flex-align-items-flex-start fusion-flex-content-wrap\" style=\"max-width:1248px;margin-left: calc(-4% \/ 2 );margin-right: calc(-4% \/ 2 );\"><div class=\"fusion-layout-column fusion_builder_column fusion-builder-column-1 fusion_builder_column_1_6 1_6 fusion-flex-column\" style=\"--awb-bg-size:cover;--awb-width-large:16.666666666667%;--awb-margin-top-large:0px;--awb-spacing-right-large:11.52%;--awb-margin-bottom-large:20px;--awb-spacing-left-large:11.52%;--awb-width-medium:100%;--awb-order-medium:0;--awb-spacing-right-medium:1.92%;--awb-spacing-left-medium:1.92%;--awb-width-small:100%;--awb-order-small:0;--awb-spacing-right-small:1.92%;--awb-spacing-left-small:1.92%;\"><div class=\"fusion-column-wrapper fusion-column-has-shadow fusion-flex-justify-content-flex-start fusion-content-layout-column\"><\/div><\/div><div class=\"fusion-layout-column fusion_builder_column fusion-builder-column-2 fusion_builder_column_3_4 3_4 fusion-flex-column\" style=\"--awb-bg-size:cover;--awb-width-large:75%;--awb-margin-top-large:0px;--awb-spacing-right-large:2.56%;--awb-margin-bottom-large:20px;--awb-spacing-left-large:2.56%;--awb-width-medium:100%;--awb-order-medium:0;--awb-spacing-right-medium:1.92%;--awb-spacing-left-medium:1.92%;--awb-width-small:100%;--awb-order-small:0;--awb-spacing-right-small:1.92%;--awb-spacing-left-small:1.92%;\"><div class=\"fusion-column-wrapper fusion-column-has-shadow fusion-flex-justify-content-flex-start fusion-content-layout-column\"><div class=\"fusion-text fusion-text-3\" style=\"--awb-font-size:17px;--awb-line-height:1.6;\"><p>Hace unos dos a\u00f1os alud\u00ed en alguna columna de prensa a <a href=\"https:\/\/www.youtube.com\/watch?v=Z9KiiE5ULQk\" target=\"_blank\" rel=\"noopener noreferrer\">Briones<\/a>, no al loco Briones, sino al satisfecho y obsceno depredador social Florentino Briones, por entonces gerente de la Orquesta Sinf\u00f3nica de Navarra y ahora recolocado como asesor del PP, seg\u00fan leo hoy en <a href=\"https:\/\/www.noticiasdenavarra.com\/cultura\/2014\/09\/18\/exgerente-osn-florentino-briones-nuevo\/441116.html\" target=\"_blank\" rel=\"noopener noreferrer\"><em>Diario de Noticias<\/em><\/a><em>.<\/em> Por lo dem\u00e1s, es de suponer que a <em>Diario de Noticas<\/em> le han sido filtradas unas informaciones sobre los sobresueldos y enjuagues contables de Briones que desde hace mucho conoc\u00edan, en todo o en parte, los funcionarios de Cultura \u2013departamento por cuyo escalaf\u00f3n no pasa el llamado \u00abcambio\u00bb y al que pertenece la propia consejera\u2013 y los miembros del Consejo tambi\u00e9n de Cultura, alguno de ellos salpicado por su papel de tonto \u00fatil. \u00bfTiene alguien \u2013qu\u00e9 s\u00e9 yo, Cervera, alguien\u2013 idea de c\u00f3mo coloc\u00f3, de c\u00f3mo nos coloc\u00f3 el PP a Briones en la gerencia bic\u00e9fala y a doble sueldo de la Orquesta Sinf\u00f3nica de Navarra?<\/p>\n<p>Recupero aqu\u00ed algo de lo que publiqu\u00e9 entonces, referido a lo \u00fanico que p\u00fablicamente conoc\u00edamos los incautos y desinformados: la ostentaci\u00f3n televisa que Briones hac\u00eda de sus muchos caudales y su poca verg\u00fcenza:<\/p>\n<\/div><\/div><\/div><\/div><\/div><div class=\"fusion-fullwidth fullwidth-box fusion-builder-row-3 fusion-flex-container nonhundred-percent-fullwidth non-hundred-percent-height-scrolling\" style=\"--awb-border-radius-top-left:0px;--awb-border-radius-top-right:0px;--awb-border-radius-bottom-right:0px;--awb-border-radius-bottom-left:0px;--awb-flex-wrap:wrap;\" ><div class=\"fusion-builder-row fusion-row fusion-flex-align-items-flex-start fusion-flex-content-wrap\" style=\"max-width:1248px;margin-left: calc(-4% \/ 2 );margin-right: calc(-4% \/ 2 );\"><div class=\"fusion-layout-column fusion_builder_column fusion-builder-column-3 fusion_builder_column_1_1 1_1 fusion-flex-column\" style=\"--awb-bg-size:cover;--awb-width-large:100%;--awb-margin-top-large:0px;--awb-spacing-right-large:1.92%;--awb-margin-bottom-large:20px;--awb-spacing-left-large:1.92%;--awb-width-medium:100%;--awb-order-medium:0;--awb-spacing-right-medium:1.92%;--awb-spacing-left-medium:1.92%;--awb-width-small:100%;--awb-order-small:0;--awb-spacing-right-small:1.92%;--awb-spacing-left-small:1.92%;\"><div class=\"fusion-column-wrapper fusion-column-has-shadow fusion-flex-justify-content-flex-start fusion-content-layout-column\"><div class=\"fusion-separator fusion-full-width-sep\" style=\"align-self: center;margin-left: auto;margin-right: auto;margin-top:90px;width:100%;\"><\/div><div class=\"fusion-text fusion-text-4\" style=\"--awb-font-size:26px;--awb-line-height:2;\"><p style=\"text-align: center;\">La pescadilla de Darwin<\/p>\n<\/div><\/div><\/div><\/div><\/div><div class=\"fusion-fullwidth fullwidth-box fusion-builder-row-4 fusion-flex-container nonhundred-percent-fullwidth non-hundred-percent-height-scrolling\" style=\"--awb-border-radius-top-left:0px;--awb-border-radius-top-right:0px;--awb-border-radius-bottom-right:0px;--awb-border-radius-bottom-left:0px;--awb-flex-wrap:wrap;\" ><div class=\"fusion-builder-row fusion-row fusion-flex-align-items-flex-start fusion-flex-content-wrap\" style=\"max-width:1248px;margin-left: calc(-4% \/ 2 );margin-right: calc(-4% \/ 2 );\"><div class=\"fusion-layout-column fusion_builder_column fusion-builder-column-4 fusion_builder_column_1_5 1_5 fusion-flex-column\" style=\"--awb-bg-size:cover;--awb-width-large:20%;--awb-margin-top-large:0px;--awb-spacing-right-large:9.6%;--awb-margin-bottom-large:20px;--awb-spacing-left-large:9.6%;--awb-width-medium:100%;--awb-order-medium:0;--awb-spacing-right-medium:1.92%;--awb-spacing-left-medium:1.92%;--awb-width-small:100%;--awb-order-small:0;--awb-spacing-right-small:1.92%;--awb-spacing-left-small:1.92%;\"><div class=\"fusion-column-wrapper fusion-column-has-shadow fusion-flex-justify-content-flex-start fusion-content-layout-column\"><\/div><\/div><div class=\"fusion-layout-column fusion_builder_column fusion-builder-column-5 fusion_builder_column_3_5 3_5 fusion-flex-column\" style=\"--awb-bg-size:cover;--awb-width-large:60%;--awb-margin-top-large:0px;--awb-spacing-right-large:3.2%;--awb-margin-bottom-large:20px;--awb-spacing-left-large:3.2%;--awb-width-medium:100%;--awb-order-medium:0;--awb-spacing-right-medium:1.92%;--awb-spacing-left-medium:1.92%;--awb-width-small:100%;--awb-order-small:0;--awb-spacing-right-small:1.92%;--awb-spacing-left-small:1.92%;\"><div class=\"fusion-column-wrapper fusion-column-has-shadow fusion-flex-justify-content-flex-start fusion-content-layout-column\"><div class=\"fusion-text fusion-text-5\" style=\"--awb-font-size:22px;--awb-line-height:2;\"><p style=\"text-align: left;\">Vacaciones en la miseria de los dem\u00e1s, que dec\u00eda la Internacional Letrista en los 50 y repet\u00eda la canci\u00f3n de los Sex Pistols en los 70. Muertos los Sex Pistols, cuya canci\u00f3n tambi\u00e9n hablaba de la ca\u00edda del muro de Berl\u00edn, todo el monte fue or\u00e9gano para el darwinismo social, la feroz depredaci\u00f3n especulativa finalmente imperante. Otro d\u00eda hablamos del darwiniano caso del se\u00f1or Briones. No me refiero al falangista esperp\u00e9ntico de aquella pel\u00edcula de Javier Maqua titulada <em>Tu est\u00e1s loco, Briones<\/em>. No me refiero a aquel Briones, pese a que, seg\u00fan noticia de \u00faltima hora, por Ourense anda suelto un alcalde parecido a \u00e9l que lleva el <em>Cara al sol<\/em> como sinton\u00eda del m\u00f3vil. Me refiero al director gerente de la Orquesta Sinf\u00f3nica de Navarra, Florentino Briones, que hace un tiempo, en un programa de televisi\u00f3n en el que se exhib\u00edan \u2013decir \u00abpornogr\u00e1ficamente\u00bb ser\u00eda redundante\u2013 \u00abadictos al lujo\u00bb, declar\u00f3: \u00abA veces parece que la gente que no est\u00e1 teniendo problemas por la crisis se tenga que sentir culpable por no tener problemas\u00bb. Interesante cuesti\u00f3n, la de si el pez gordo que triunfa en un panorama de abierta depredaci\u00f3n social ha de sentirse o no culpable por la ca\u00edda en combate de tantos peces chicos. Caen como moscas. Seg\u00fan declaraba ayer la Asociaci\u00f3n de Directores y Gerentes de Servicios Sociales, una persona necesitada de asistencia social deja de ser atendida en Espa\u00f1a cada diez minutos y cada media hora alguien pierde su empleo. Lo peor: la amplia gama de subterfugios y tergiversaciones en que se sostiene la imposici\u00f3n de tan descarada depredaci\u00f3n social, sin el menor sonrojo ni sentido de culpa. A principios del verano lleg\u00f3 el nuevo director gerente de Osasunbidea y dem\u00e1s equipo directo con sus aires de selecta \u00e9lite tecnocr\u00e1tica. Dejaron meridianamente claro que al hospital \u2013en el que desde entonces se sirven comistrajos tras la privatizaci\u00f3n de las cocinas\u2013 no se va comer. All\u00ed se seguir\u00e1 sirviendo la triste pescadilla darwiniana de Mediterr\u00e1nea de Catering. Dicho lo cual, cobraron del dinero p\u00fablico y se fueron de vacaciones. Vacaciones sin culpa con los recortes, penurias y miserias de los dem\u00e1s al fondo.<\/p>\n<\/div><div class=\"fusion-text fusion-text-6\"><p style=\"text-align: right;\">Publicado en <a href=\"https:\/\/www.noticiasdenavarra.com\/opinion\/columnistas\/2013\/09\/13\/pescadilla-darwin\/357758.html\"><em>Diario de Noticias<\/em>, el 13 de septiembre de 2013<\/a><\/p>\n<\/div><\/div><\/div><div class=\"fusion-layout-column fusion_builder_column fusion-builder-column-6 fusion_builder_column_1_5 1_5 fusion-flex-column\" style=\"--awb-bg-size:cover;--awb-width-large:20%;--awb-margin-top-large:0px;--awb-spacing-right-large:9.6%;--awb-margin-bottom-large:20px;--awb-spacing-left-large:9.6%;--awb-width-medium:100%;--awb-order-medium:0;--awb-spacing-right-medium:1.92%;--awb-spacing-left-medium:1.92%;--awb-width-small:100%;--awb-order-small:0;--awb-spacing-right-small:1.92%;--awb-spacing-left-small:1.92%;\"><div class=\"fusion-column-wrapper fusion-column-has-shadow fusion-flex-justify-content-flex-start fusion-content-layout-column\"><\/div><\/div><\/div><\/div><\/p>\n","protected":false},"excerpt":{"rendered":"","protected":false},"author":82,"featured_media":12606,"comment_status":"open","ping_status":"closed","sticky":false,"template":"","format":"standard","meta":{"jetpack_post_was_ever_published":false,"_jetpack_newsletter_access":"","_jetpack_dont_email_post_to_subs":false,"_jetpack_newsletter_tier_id":0,"_jetpack_memberships_contains_paywalled_content":false,"_jetpack_memberships_contains_paid_content":false,"footnotes":"","jetpack_publicize_message":"","jetpack_publicize_feature_enabled":true,"jetpack_social_post_already_shared":true,"jetpack_social_options":{"image_generator_settings":{"template":"highway","default_image_id":0,"font":"","enabled":false},"version":2}},"categories":[485],"tags":[501],"class_list":["post-12590","post","type-post","status-publish","format-standard","has-post-thumbnail","hentry","category-postal-expres","tag-briones"],"jetpack_publicize_connections":[],"jetpack_featured_media_url":"https:\/\/www.edder.org\/upload\/2015\/11\/postal.jpg","jetpack_shortlink":"https:\/\/wp.me\/p6kHv-3h4","jetpack_sharing_enabled":true,"jetpack-related-posts":[{"id":42997,"url":"https:\/\/www.edder.org\/?p=42997","url_meta":{"origin":12590,"position":0},"title":"Futbolmarianismo y regionalcatolicismo de los siglos XX y XXI","author":"Eder","date":"mi\u00e9rcoles, 21 Ago, 2024","format":false,"excerpt":"","rel":"","context":"En \u00abPrehistoria contempor\u00e1nea\u00bb","block_context":{"text":"Prehistoria contempor\u00e1nea","link":"https:\/\/www.edder.org\/?cat=90"},"img":{"alt_text":"","src":"https:\/\/i0.wp.com\/www.edder.org\/upload\/2024\/08\/athletic_begogna.png?resize=350%2C200&ssl=1","width":350,"height":200,"srcset":"https:\/\/i0.wp.com\/www.edder.org\/upload\/2024\/08\/athletic_begogna.png?resize=350%2C200&ssl=1 1x, https:\/\/i0.wp.com\/www.edder.org\/upload\/2024\/08\/athletic_begogna.png?resize=525%2C300&ssl=1 1.5x, https:\/\/i0.wp.com\/www.edder.org\/upload\/2024\/08\/athletic_begogna.png?resize=700%2C400&ssl=1 2x, https:\/\/i0.wp.com\/www.edder.org\/upload\/2024\/08\/athletic_begogna.png?resize=1050%2C600&ssl=1 3x"},"classes":[]},{"id":39232,"url":"https:\/\/www.edder.org\/?p=39232","url_meta":{"origin":12590,"position":1},"title":"Mi t\u00edo Toby silbaba el lilliburlero","author":"Eder","date":"martes, 24 Nov, 2020","format":false,"excerpt":"","rel":"","context":"En \u00abCine\u00bb","block_context":{"text":"Cine","link":"https:\/\/www.edder.org\/?cat=79"},"img":{"alt_text":"","src":"https:\/\/i0.wp.com\/www.edder.org\/upload\/2020\/11\/lilliburlero2.jpg?resize=350%2C200&ssl=1","width":350,"height":200},"classes":[]},{"id":40290,"url":"https:\/\/www.edder.org\/?p=40290","url_meta":{"origin":12590,"position":2},"title":"La politesse","author":"Eder","date":"martes, 2 Mar, 2021","format":false,"excerpt":"","rel":"","context":"En \u00abCine\u00bb","block_context":{"text":"Cine","link":"https:\/\/www.edder.org\/?cat=79"},"img":{"alt_text":"","src":"https:\/\/i0.wp.com\/www.edder.org\/upload\/2021\/03\/politesse.png?resize=350%2C200&ssl=1","width":350,"height":200,"srcset":"https:\/\/i0.wp.com\/www.edder.org\/upload\/2021\/03\/politesse.png?resize=350%2C200&ssl=1 1x, https:\/\/i0.wp.com\/www.edder.org\/upload\/2021\/03\/politesse.png?resize=525%2C300&ssl=1 1.5x, https:\/\/i0.wp.com\/www.edder.org\/upload\/2021\/03\/politesse.png?resize=700%2C400&ssl=1 2x"},"classes":[]},{"id":40255,"url":"https:\/\/www.edder.org\/?p=40255","url_meta":{"origin":12590,"position":3},"title":"Tucumcari (Nuevo M\u00e9xico, EE. UU), 1970. Me &#038; Bobby McGee","author":"Eder","date":"domingo, 28 Feb, 2021","format":false,"excerpt":"","rel":"","context":"En \u00abCine\u00bb","block_context":{"text":"Cine","link":"https:\/\/www.edder.org\/?cat=79"},"img":{"alt_text":"","src":"https:\/\/i0.wp.com\/www.edder.org\/upload\/2021\/02\/Screenshot-2021-03-07-at-21.59.21.png?resize=350%2C200&ssl=1","width":350,"height":200},"classes":[]},{"id":42588,"url":"https:\/\/www.edder.org\/?p=42588","url_meta":{"origin":12590,"position":4},"title":"Resignifica y mira qu\u00e9 te queda","author":"Eder","date":"viernes, 12 Abr, 2024","format":false,"excerpt":"","rel":"","context":"En \u00abActualidades\u00bb","block_context":{"text":"Actualidades","link":"https:\/\/www.edder.org\/?cat=802"},"img":{"alt_text":"","src":"https:\/\/i0.wp.com\/www.edder.org\/upload\/2018\/04\/sachsenhausen_head.jpg?resize=350%2C200&ssl=1","width":350,"height":200,"srcset":"https:\/\/i0.wp.com\/www.edder.org\/upload\/2018\/04\/sachsenhausen_head.jpg?resize=350%2C200&ssl=1 1x, https:\/\/i0.wp.com\/www.edder.org\/upload\/2018\/04\/sachsenhausen_head.jpg?resize=525%2C300&ssl=1 1.5x, https:\/\/i0.wp.com\/www.edder.org\/upload\/2018\/04\/sachsenhausen_head.jpg?resize=700%2C400&ssl=1 2x"},"classes":[]},{"id":43103,"url":"https:\/\/www.edder.org\/?p=43103","url_meta":{"origin":12590,"position":5},"title":"Kris Kristofferson: todos los caminos equivocados de vuelta a casa","author":"Eder","date":"martes, 1 Oct, 2024","format":false,"excerpt":"","rel":"","context":"En \u00abCine\u00bb","block_context":{"text":"Cine","link":"https:\/\/www.edder.org\/?cat=79"},"img":{"alt_text":"","src":"https:\/\/i0.wp.com\/www.edder.org\/upload\/2016\/12\/Captura-de-pantalla-2017-03-14-a-las-21.03.12.png?resize=350%2C200&ssl=1","width":350,"height":200,"srcset":"https:\/\/i0.wp.com\/www.edder.org\/upload\/2016\/12\/Captura-de-pantalla-2017-03-14-a-las-21.03.12.png?resize=350%2C200&ssl=1 1x, https:\/\/i0.wp.com\/www.edder.org\/upload\/2016\/12\/Captura-de-pantalla-2017-03-14-a-las-21.03.12.png?resize=525%2C300&ssl=1 1.5x"},"classes":[]}],"jetpack_likes_enabled":true,"_links":{"self":[{"href":"https:\/\/www.edder.org\/index.php?rest_route=\/wp\/v2\/posts\/12590","targetHints":{"allow":["GET"]}}],"collection":[{"href":"https:\/\/www.edder.org\/index.php?rest_route=\/wp\/v2\/posts"}],"about":[{"href":"https:\/\/www.edder.org\/index.php?rest_route=\/wp\/v2\/types\/post"}],"author":[{"embeddable":true,"href":"https:\/\/www.edder.org\/index.php?rest_route=\/wp\/v2\/users\/82"}],"replies":[{"embeddable":true,"href":"https:\/\/www.edder.org\/index.php?rest_route=%2Fwp%2Fv2%2Fcomments&post=12590"}],"version-history":[{"count":3,"href":"https:\/\/www.edder.org\/index.php?rest_route=\/wp\/v2\/posts\/12590\/revisions"}],"predecessor-version":[{"id":47599,"href":"https:\/\/www.edder.org\/index.php?rest_route=\/wp\/v2\/posts\/12590\/revisions\/47599"}],"wp:featuredmedia":[{"embeddable":true,"href":"https:\/\/www.edder.org\/index.php?rest_route=\/wp\/v2\/media\/12606"}],"wp:attachment":[{"href":"https:\/\/www.edder.org\/index.php?rest_route=%2Fwp%2Fv2%2Fmedia&parent=12590"}],"wp:term":[{"taxonomy":"category","embeddable":true,"href":"https:\/\/www.edder.org\/index.php?rest_route=%2Fwp%2Fv2%2Fcategories&post=12590"},{"taxonomy":"post_tag","embeddable":true,"href":"https:\/\/www.edder.org\/index.php?rest_route=%2Fwp%2Fv2%2Ftags&post=12590"}],"curies":[{"name":"wp","href":"https:\/\/api.w.org\/{rel}","templated":true}]}}