{"id":1259,"date":"2010-12-03T13:24:28","date_gmt":"2010-12-03T12:24:28","guid":{"rendered":"https:\/\/www.edder.org\/?p=1259"},"modified":"2018-07-27T16:37:37","modified_gmt":"2018-07-27T14:37:37","slug":"dietas-y-regimen-foral","status":"publish","type":"post","link":"https:\/\/www.edder.org\/?p=1259","title":{"rendered":"Dietas y r\u00e9gimen (foral)"},"content":{"rendered":"<p><style type=\"text\/css\">p.MsoNormal, li.MsoNormal, div.MsoNormal { margin: 0cm 0cm 0.0001pt; text-align: justify; text-indent: 8.5pt; font-size: 12pt; font-family: \"Times New Roman\"; }div.Section1 { page: Section1; }<\/style>\n<p>\t<span style=\"font-size: 12pt; font-family: &quot;Times New Roman&quot;;\">Se va como vino el subsidio de paro de 426 euros que, seg&uacute;n declaraciones hechas a la prensa por Miguel Sanz &ndash;el que guarda sus &ldquo;cuatro perras&rdquo; en la CAN&ndash;, daban para una cena, si es que daban para eso. Cuando el presidente foral dijo aquello, la prensa no hab&iacute;a dado a conocer todav&iacute;a que, aparte del sueldo cobrado por el presidente en su condici&oacute;n de tal &ndash;alrededor de 80.000 euros&ndash;, en 2009 Sanz ingresar&iacute;a 60.000 euros en concepto de dietas relacionadas con la CAN: 43.700 por asistir a unos consejos de administraci&oacute;n en los que nunca se enter&oacute; de nada relacionado con la profunda crisis que en la banca se coc&iacute;a, 17.000 m&aacute;s como miembro de la Confederaci&oacute;n Espa&ntilde;ola de Cajas de Ahorros, organismo donde tampoco percibi&oacute; el menor olor a chamusquina. Percibi&oacute; dietas nada m&aacute;s, a todas luces bien distintas a la dieta de los 1.200 parados navarros que, por cosas como las que Sanz ni oli&oacute;, ya no percibir&aacute;n el a&ntilde;o que viene un subsidio de 426 euros. Son dietas distintas y tambi&eacute;n reg&iacute;menes de vida diferentes. Es de suponer que el cubierto de tan majestuosas cenas como la que el otro d&iacute;a tuvieron nuestros m&aacute;s destacados <i style=\"\">dietistas<\/i> &ndash;enti&eacute;ndase los altos cargos pol&iacute;ticos con derecho en algunos casos a casi duplicar el sueldo a base de sustanciosas dietas&ndash; con los herederos de la Corona andar&iacute;a por encima de los 426 euros. Lo peor no es que los <i style=\"\">dietistas<\/i> salgan de tan regias cenas con aires, humos y ademanes mayest&aacute;ticos, adem&aacute;s de cada vez m&aacute;s inquebrantable e incondicionalmente mon&aacute;rquicos; lo peor es que su posibilidad de comprender la dieta y el r&eacute;gimen de vida de quien con 426 euros hasta pasar&iacute;a el mes es cada vez m&aacute;s remota, por no decir que es nula. As&iacute; que en estos d&iacute;as de exaltaci&oacute;n foral los <i style=\"\">dietistas<\/i> no nos hablar&aacute;n ni del vil metal &ndash;los 426 euros que no dan ni para malcomer&ndash; ni de sus grandes cenas, sino otra vez y tan enf&aacute;ticamente como de costumbre, de nuestro r&eacute;gimen (foral), de las esencias (patrias). El patriotismo es el &uacute;ltimo refugio de los <i style=\"\">dietistas<\/i>. <\/span><\/p>\n<p style=\"text-align: right;\">Publicado en <a href=\"http:\/\/www.diariodenoticias.com\/opinion\/columnistas\/postal-expres\" target=\"blank\">Diario de Noticias<\/a><\/p>\n<p><img class=\"lazyload\" decoding=\"async\" align=\"right\" alt=\"dn\" src=\"data:image\/gif;base64,R0lGODlhAQABAAAAACH5BAEKAAEALAAAAAABAAEAAAICTAEAOw==\" data-orig-src=\"..\/images\/dn.gif\" title=\"dn\" \/><\/p>\n","protected":false},"excerpt":{"rendered":"<p>Se va como vino el subsidio de paro de 426 euros que, seg&uacute;n declaraciones hechas a la prensa por Miguel Sanz &ndash;el que guarda sus &ldquo;cuatro perras&rdquo; en la CAN&ndash;, daban para una cena, si es que daban para eso. Cuando el presidente foral dijo aquello, la prensa no hab&iacute;a dado a conocer todav&iacute;a que, aparte del sueldo cobrado por el presidente en su condici&oacute;n de tal &ndash;alrededor de 80.000 euros&ndash;, en 2009 Sanz ingresar&iacute;a 60.000 euros en concepto de dietas relacionadas con la CAN: 43.700 por asistir a unos consejos de administraci&oacute;n en los que nunca se enter&oacute; de nada relacionado con la profunda crisis que en la banca se coc&iacute;a, 17.000 m&aacute;s como miembro de la Confederaci&oacute;n Espa&ntilde;ola de Cajas de Ahorros, organismo donde tampoco  [&#8230;]<\/p>\n","protected":false},"author":82,"featured_media":0,"comment_status":"open","ping_status":"open","sticky":false,"template":"","format":"standard","meta":{"jetpack_post_was_ever_published":false,"_jetpack_newsletter_access":"","_jetpack_dont_email_post_to_subs":false,"_jetpack_newsletter_tier_id":0,"_jetpack_memberships_contains_paywalled_content":false,"_jetpack_memberships_contains_paid_content":false,"footnotes":"","jetpack_publicize_message":"","jetpack_publicize_feature_enabled":true,"jetpack_social_post_already_shared":false,"jetpack_social_options":{"image_generator_settings":{"template":"highway","default_image_id":0,"font":"","enabled":false},"version":2}},"categories":[3],"tags":[],"class_list":["post-1259","post","type-post","status-publish","format-standard","hentry","category-na"],"jetpack_publicize_connections":[],"jetpack_featured_media_url":"","jetpack_shortlink":"https:\/\/wp.me\/p6kHv-kj","jetpack_sharing_enabled":true,"jetpack-related-posts":[{"id":34,"url":"https:\/\/www.edder.org\/?p=34","url_meta":{"origin":1259,"position":0},"title":"Nepotismo foral: una instant\u00e1nea","author":"Eder","date":"viernes, 30 Dic, 2005","format":false,"excerpt":"Siete a\u00f1o y medio despu\u00e9s de que el incombustible superconsejero Jos\u00e9 Ignacio Palacios \u2013sus pleitos van bien despacio\u2013\u2026 Siete a\u00f1os y medio despu\u00e9s de que Palacios y Sanz \u2013el otro Sanz\u2013, \u00bfregalasen?, \u00bfadjudicasen graciosamente?, \u00bfentregasen en un acto de nepotismo palaciego \u2013\u201cVoy a Palacio\u201d, que dicen ciertos exponentes de nuestra\u2026","rel":"","context":"En \u00abNA\u00bb","block_context":{"text":"NA","link":"https:\/\/www.edder.org\/?cat=3"},"img":{"alt_text":"","src":"","width":0,"height":0},"classes":[]},{"id":35,"url":"https:\/\/www.edder.org\/?p=35","url_meta":{"origin":1259,"position":1},"title":"El h\u00e1bito regener\u00f3 al monde","author":"Eder","date":"viernes, 6 Ene, 2006","format":false,"excerpt":"La desfachatez que ha llevado a Sanz \u2013Sanz Sesma\u2013 a interpretar la sentencia judicial por la que se anula la concesi\u00f3n de licencias de radio hecha en su d\u00eda por Sanz \u2013Sanz Barea\u2013 y Palacios como otro \u00e9xito del Gobierno de UPN \u2013otro m\u00e1s de la cascada incesante de \u00e9xitos\u2026","rel":"","context":"En \u00abNA\u00bb","block_context":{"text":"NA","link":"https:\/\/www.edder.org\/?cat=3"},"img":{"alt_text":"","src":"","width":0,"height":0},"classes":[]},{"id":1241,"url":"https:\/\/www.edder.org\/?p=1241","url_meta":{"origin":1259,"position":2},"title":"Teas","author":"Eder","date":"jueves, 4 Nov, 2010","format":false,"excerpt":"Pens\u00e9 que los del Tea Party ser\u00edan los del Partido de las Teas o los de la Fiesta de las Antorchas, pero no: son los del Partido del T\u00e9. En mi descargo dir\u00e9 que por estos cristian\u00edsimos pagos son tradici\u00f3n secular y folclore vivo tantas procesiones y rosarios de las\u2026","rel":"","context":"En \u00abNA\u00bb","block_context":{"text":"NA","link":"https:\/\/www.edder.org\/?cat=3"},"img":{"alt_text":"","src":"","width":0,"height":0},"classes":[]},{"id":1244,"url":"https:\/\/www.edder.org\/?p=1244","url_meta":{"origin":1259,"position":3},"title":"En la muerte de la i griega","author":"Eder","date":"viernes, 12 Nov, 2010","format":false,"excerpt":"Una vez que el fil\u00f3sofo alem\u00e1n \u2013aunque esencialmente navarro\u2013 Martin Heidegger lleg\u00f3 a la cumbre de su Sein und Zeit \u2013de su Ser y tiempo, que qu\u00e9 navarro no ha le\u00eddo en alem\u00e1n\u2013, no pudo sustraerse a la tentaci\u00f3n filol\u00f3gica de escribir una nota al pie en la que, para\u2026","rel":"","context":"En \u00abNA\u00bb","block_context":{"text":"NA","link":"https:\/\/www.edder.org\/?cat=3"},"img":{"alt_text":"","src":"","width":0,"height":0},"classes":[]},{"id":147,"url":"https:\/\/www.edder.org\/?p=147","url_meta":{"origin":1259,"position":4},"title":"Desventuras ret\u00f3ricas de un cacocel\u00edaco hiperb\u00f3lico","author":"Eder","date":"viernes, 25 Abr, 2008","format":false,"excerpt":"La hip\u00e9rbole, figura ret\u00f3rica que aquel maestro de Salamanca defin\u00eda como una enunciaci\u00f3n que juega arriesgadamente con la verdad, tiene un peligro que para qu\u00e9. Tal peligro tiene que Cicer\u00f3n prescribe no servirse jam\u00e1s de ella en el foro p\u00fablico. Quintiliano es m\u00e1s contundente al desaconsejarla: nec alia via magis\u2026","rel":"","context":"En \u00abNA\u00bb","block_context":{"text":"NA","link":"https:\/\/www.edder.org\/?cat=3"},"img":{"alt_text":"","src":"","width":0,"height":0},"classes":[]},{"id":174,"url":"https:\/\/www.edder.org\/?p=174","url_meta":{"origin":1259,"position":5},"title":"Foralit\u00e9","author":"Eder","date":"viernes, 12 Sep, 2008","format":false,"excerpt":"Aprovechen que se acaban. Que se acaban los vodeviles y sainetes de ese Alfredo Landa hiperforal que es nuestro gran Miguel Sanz. Aunque previsible, la \u00faltima actuaci\u00f3n de nuestro hiperforal histri\u00f3n \u2013Sanz, no Landa, que Landa es hiperforal en el Reyno, superdonostiarra en San Sebasti\u00e1n y el padre fundador de\u2026","rel":"","context":"En \u00abNA\u00bb","block_context":{"text":"NA","link":"https:\/\/www.edder.org\/?cat=3"},"img":{"alt_text":"","src":"","width":0,"height":0},"classes":[]}],"jetpack_likes_enabled":true,"_links":{"self":[{"href":"https:\/\/www.edder.org\/index.php?rest_route=\/wp\/v2\/posts\/1259","targetHints":{"allow":["GET"]}}],"collection":[{"href":"https:\/\/www.edder.org\/index.php?rest_route=\/wp\/v2\/posts"}],"about":[{"href":"https:\/\/www.edder.org\/index.php?rest_route=\/wp\/v2\/types\/post"}],"author":[{"embeddable":true,"href":"https:\/\/www.edder.org\/index.php?rest_route=\/wp\/v2\/users\/82"}],"replies":[{"embeddable":true,"href":"https:\/\/www.edder.org\/index.php?rest_route=%2Fwp%2Fv2%2Fcomments&post=1259"}],"version-history":[{"count":0,"href":"https:\/\/www.edder.org\/index.php?rest_route=\/wp\/v2\/posts\/1259\/revisions"}],"wp:attachment":[{"href":"https:\/\/www.edder.org\/index.php?rest_route=%2Fwp%2Fv2%2Fmedia&parent=1259"}],"wp:term":[{"taxonomy":"category","embeddable":true,"href":"https:\/\/www.edder.org\/index.php?rest_route=%2Fwp%2Fv2%2Fcategories&post=1259"},{"taxonomy":"post_tag","embeddable":true,"href":"https:\/\/www.edder.org\/index.php?rest_route=%2Fwp%2Fv2%2Ftags&post=1259"}],"curies":[{"name":"wp","href":"https:\/\/api.w.org\/{rel}","templated":true}]}}