{"id":12544,"date":"2015-10-24T20:41:40","date_gmt":"2015-10-24T19:41:40","guid":{"rendered":"https:\/\/www.edder.org\/?p=12544"},"modified":"2015-10-24T20:55:03","modified_gmt":"2015-10-24T19:55:03","slug":"del-bidasoa-a-luisiana","status":"publish","type":"post","link":"https:\/\/www.edder.org\/?p=12544","title":{"rendered":"Del Bidasoa a Luisiana"},"content":{"rendered":"<p>Del Bidasoa&#8230;<\/p>\n<div class=\"video-shortcode\"><iframe title=\"P\u00edo Baroja: elogio rom\u00e1ntico del acorde\u00f3n\" width=\"1200\" height=\"675\" src=\"https:\/\/www.youtube.com\/embed\/9X1pqGCX7_s?feature=oembed\" frameborder=\"0\" allow=\"accelerometer; autoplay; clipboard-write; encrypted-media; gyroscope; picture-in-picture; web-share\" allowfullscreen><\/iframe><\/div>\n<p>&nbsp;<\/p>\n<p>&#8230;a los pantanos de Luisiana:<\/p>\n<div class=\"video-shortcode\"><iframe title=\"Chenier on the road\" width=\"1200\" height=\"675\" src=\"https:\/\/www.youtube.com\/embed\/e4wXoBKXQNQ?feature=oembed\" frameborder=\"0\" allow=\"accelerometer; autoplay; clipboard-write; encrypted-media; gyroscope; picture-in-picture; web-share\" allowfullscreen><\/iframe><\/div>\n","protected":false},"excerpt":{"rendered":"<p>Del Bidasoa&#8230; &nbsp; &#8230;a los pantanos de Luisiana:<\/p>\n","protected":false},"author":82,"featured_media":12546,"comment_status":"open","ping_status":"closed","sticky":false,"template":"","format":"standard","meta":{"jetpack_post_was_ever_published":false,"_jetpack_newsletter_access":"","_jetpack_dont_email_post_to_subs":false,"_jetpack_newsletter_tier_id":0,"_jetpack_memberships_contains_paywalled_content":false,"_jetpack_memberships_contains_paid_content":false,"footnotes":"","jetpack_publicize_message":"","jetpack_publicize_feature_enabled":true,"jetpack_social_post_already_shared":true,"jetpack_social_options":{"image_generator_settings":{"template":"highway","default_image_id":0,"font":"","enabled":false},"version":2}},"categories":[1],"tags":[495,267,494],"class_list":["post-12544","post","type-post","status-publish","format-standard","has-post-thumbnail","hentry","category-sin-categorizar","tag-baroja","tag-blank","tag-chenier"],"jetpack_publicize_connections":[],"jetpack_featured_media_url":"https:\/\/www.edder.org\/upload\/2015\/10\/acordeon.jpg","jetpack_shortlink":"https:\/\/wp.me\/p6kHv-3gk","jetpack_sharing_enabled":true,"jetpack-related-posts":[{"id":12928,"url":"https:\/\/www.edder.org\/?p=12928","url_meta":{"origin":12544,"position":0},"title":"Del Bidasoa al  Jord\u00e1n","author":"Eder","date":"jueves, 19 May, 2016","format":false,"excerpt":"Del norte del Bidasoa\u2026 \u2026al oeste del Jord\u00e1n: \u00a0 \u00a0","rel":"","context":"En \u00abM\u00fasica\u00bb","block_context":{"text":"M\u00fasica","link":"https:\/\/www.edder.org\/?cat=87"},"img":{"alt_text":"","src":"https:\/\/i0.wp.com\/www.edder.org\/upload\/2016\/05\/H5465-L75742454.jpg?resize=350%2C200&ssl=1","width":350,"height":200},"classes":[]},{"id":11739,"url":"https:\/\/www.edder.org\/?p=11739","url_meta":{"origin":12544,"position":1},"title":"Bajo el puente \/ sobre el puente","author":"Eder","date":"lunes, 8 Jun, 2015","format":false,"excerpt":"Ha pasado mucha agua bajo el puente: cargando pel\u00edcula\u2026 Federico S\u00e1nchez pasa el puente sobre el Bidasoa, una vez m\u00e1s:","rel":"","context":"En \u00abSin categorizar\u00bb","block_context":{"text":"Sin categorizar","link":"https:\/\/www.edder.org\/?cat=1"},"img":{"alt_text":"","src":"https:\/\/i0.wp.com\/www.edder.org\/upload\/2015\/06\/pont.gif?resize=350%2C200&ssl=1","width":350,"height":200,"srcset":"https:\/\/i0.wp.com\/www.edder.org\/upload\/2015\/06\/pont.gif?resize=350%2C200&ssl=1 1x, https:\/\/i0.wp.com\/www.edder.org\/upload\/2015\/06\/pont.gif?resize=525%2C300&ssl=1 1.5x"},"classes":[]},{"id":3726,"url":"https:\/\/www.edder.org\/?p=3726","url_meta":{"origin":12544,"position":2},"title":"YouTube is fantastic","author":"Eder","date":"domingo, 27 Jul, 2014","format":false,"excerpt":"I love YouTube:","rel":"","context":"En \u00abCine\u00bb","block_context":{"text":"Cine","link":"https:\/\/www.edder.org\/?cat=79"},"img":{"alt_text":"","src":"https:\/\/i0.wp.com\/www.edder.org\/upload\/2014\/07\/vlcsnap-2015-08-16-11h14m52s47.png?resize=350%2C200&ssl=1","width":350,"height":200},"classes":[]},{"id":129,"url":"https:\/\/www.edder.org\/?p=129","url_meta":{"origin":12544,"position":3},"title":"Rob\u00f3tica y rebotica","author":"Eder","date":"viernes, 11 Ene, 2008","format":false,"excerpt":"Hoy, como suele decirse en la radio, quisiera dar un testimonio humano. Humano en el sentido amplio, ampl\u00edsimo del t\u00e9rmino. Yo no oigo mucho la radio y, escucharla, la escucho algo menos. A menudo la oigo, como creo que es habitual entre mis cong\u00e9neres, como quien oye llover. En esas\u2026","rel":"","context":"En \u00abSin categorizar\u00bb","block_context":{"text":"Sin categorizar","link":"https:\/\/www.edder.org\/?cat=1"},"img":{"alt_text":"","src":"","width":0,"height":0},"classes":[]},{"id":15100,"url":"https:\/\/www.edder.org\/?p=15100","url_meta":{"origin":12544,"position":4},"title":"Las armas, Vox, Zabriskie Point, la ley, la trampa","author":"Eder","date":"viernes, 26 Abr, 2019","format":false,"excerpt":"Fragmento de la pel\u00edcula de Michelangelo Antonioni Zabriskie Point. Fragmento de una intervenci\u00f3n de la voz cantante, o ser\u00e1 mejor decir tonante, de Vox (YouTube). Hecha la ley, hecha la trampa: \u00a0","rel":"","context":"En \u00abCine\u00bb","block_context":{"text":"Cine","link":"https:\/\/www.edder.org\/?cat=79"},"img":{"alt_text":"","src":"https:\/\/i0.wp.com\/www.edder.org\/upload\/2019\/04\/zabriskie1.jpg?resize=350%2C200&ssl=1","width":350,"height":200},"classes":[]},{"id":13718,"url":"https:\/\/www.edder.org\/?p=13718","url_meta":{"origin":12544,"position":5},"title":"Variaciones sobre un tema rococ\u00f3","author":"Eder","date":"domingo, 20 Ago, 2017","format":false,"excerpt":"Variaciones sobre un tema de la pintura rococ\u00f3. \u00a0 Otras variaciones sobre el mismo tema en edder.org: \u00a0 \u00a0 \u00a0 \u00a0","rel":"","context":"En \u00abArtes\u00bb","block_context":{"text":"Artes","link":"https:\/\/www.edder.org\/?cat=85"},"img":{"alt_text":"","src":"https:\/\/i0.wp.com\/www.edder.org\/upload\/2017\/08\/El-columpio-Lancret.jpg?resize=350%2C200&ssl=1","width":350,"height":200,"srcset":"https:\/\/i0.wp.com\/www.edder.org\/upload\/2017\/08\/El-columpio-Lancret.jpg?resize=350%2C200&ssl=1 1x, https:\/\/i0.wp.com\/www.edder.org\/upload\/2017\/08\/El-columpio-Lancret.jpg?resize=525%2C300&ssl=1 1.5x, https:\/\/i0.wp.com\/www.edder.org\/upload\/2017\/08\/El-columpio-Lancret.jpg?resize=700%2C400&ssl=1 2x"},"classes":[]}],"jetpack_likes_enabled":true,"_links":{"self":[{"href":"https:\/\/www.edder.org\/index.php?rest_route=\/wp\/v2\/posts\/12544","targetHints":{"allow":["GET"]}}],"collection":[{"href":"https:\/\/www.edder.org\/index.php?rest_route=\/wp\/v2\/posts"}],"about":[{"href":"https:\/\/www.edder.org\/index.php?rest_route=\/wp\/v2\/types\/post"}],"author":[{"embeddable":true,"href":"https:\/\/www.edder.org\/index.php?rest_route=\/wp\/v2\/users\/82"}],"replies":[{"embeddable":true,"href":"https:\/\/www.edder.org\/index.php?rest_route=%2Fwp%2Fv2%2Fcomments&post=12544"}],"version-history":[{"count":0,"href":"https:\/\/www.edder.org\/index.php?rest_route=\/wp\/v2\/posts\/12544\/revisions"}],"wp:featuredmedia":[{"embeddable":true,"href":"https:\/\/www.edder.org\/index.php?rest_route=\/wp\/v2\/media\/12546"}],"wp:attachment":[{"href":"https:\/\/www.edder.org\/index.php?rest_route=%2Fwp%2Fv2%2Fmedia&parent=12544"}],"wp:term":[{"taxonomy":"category","embeddable":true,"href":"https:\/\/www.edder.org\/index.php?rest_route=%2Fwp%2Fv2%2Fcategories&post=12544"},{"taxonomy":"post_tag","embeddable":true,"href":"https:\/\/www.edder.org\/index.php?rest_route=%2Fwp%2Fv2%2Ftags&post=12544"}],"curies":[{"name":"wp","href":"https:\/\/api.w.org\/{rel}","templated":true}]}}