{"id":12475,"date":"2015-10-14T14:51:09","date_gmt":"2015-10-14T13:51:09","guid":{"rendered":"https:\/\/www.edder.org\/?p=12475"},"modified":"2018-07-27T16:36:48","modified_gmt":"2018-07-27T14:36:48","slug":"barcina-y-ole","status":"publish","type":"post","link":"https:\/\/www.edder.org\/?p=12475","title":{"rendered":"Barcina y ol\u00e9 (el Yoli Style)"},"content":{"rendered":"<p>Probablemente, la persona con menos verg&uuml;enza de la historia navarra del siglo XXI y parte del XX (desde que se apropi&oacute; de los desvanes de su edificio para hacer un &aacute;tico de lujo al desembarco en Moviestar +, pasando por las dietas de la CAN luego trasmutadas en complemento gubernamental). Minti&oacute; hasta el &uacute;ltimo segundo, cuando declaro que sal&iacute;a limpiamente (sin puerta giratoria) de la pol&iacute;tica, camino de su trabajo de hace un cuarto de siglo. Y c&oacute;mo le aplaudieron durante todos esos a&ntilde;os. Qu&eacute; verg&uuml;enza de aplaudidores. Dan tanta verg&uuml;enza como la que nunca la conoci&oacute;.<\/p>\n<p>&nbsp;<\/p>\n<p><img decoding=\"async\" class=\"lazyload alignnone\" height=\"317\" src=\"data:image\/svg+xml,%3Csvg%20xmlns%3D%27http%3A%2F%2Fwww.w3.org%2F2000%2Fsvg%27%20width%3D%27765%27%20height%3D%27317%27%20viewBox%3D%270%200%20765%20317%27%3E%3Crect%20width%3D%27765%27%20height%3D%27317%27%20fill-opacity%3D%220%22%2F%3E%3C%2Fsvg%3E\" data-orig-src=\"http:\/\/edder.org\/images\/Barcina\/barcina_shameless2.jpg\" width=\"765\" \/><\/p>\n<p><img decoding=\"async\" class=\"lazyload alignnone\" height=\"501\" src=\"data:image\/svg+xml,%3Csvg%20xmlns%3D%27http%3A%2F%2Fwww.w3.org%2F2000%2Fsvg%27%20width%3D%27765%27%20height%3D%27501%27%20viewBox%3D%270%200%20765%20501%27%3E%3Crect%20width%3D%27765%27%20height%3D%27501%27%20fill-opacity%3D%220%22%2F%3E%3C%2Fsvg%3E\" data-orig-src=\"http:\/\/edder.org\/images\/Barcina\/barcina_shameless1.jpg\" width=\"765\" \/><\/p>\n<p>&nbsp;<\/p>\n<p>Si bien es cierto que a finales del siglo XX y principios del XXI tuvo mucha y muy dura competencia:<\/p>\n<p style=\"text-align: center;\"><img decoding=\"async\" class=\"lazyload alignnone\" height=\"533\" src=\"data:image\/svg+xml,%3Csvg%20xmlns%3D%27http%3A%2F%2Fwww.w3.org%2F2000%2Fsvg%27%20width%3D%27765%27%20height%3D%27533%27%20viewBox%3D%270%200%20765%20533%27%3E%3Crect%20width%3D%27765%27%20height%3D%27533%27%20fill-opacity%3D%220%22%2F%3E%3C%2Fsvg%3E\" data-orig-src=\"http:\/\/edder.org\/images\/Barcina\/bodeguero.jpg\" width=\"765\" \/> Miguel Sanz (sus consejos giratorios de administraci&oacute;n, tras su paso por la presidencia de Navarra y por la CAN), en el acto de nombrar a Vargas Llosa Bodeguero Mayor del Reino.<\/p>\n<p style=\"text-align: center;\">&nbsp;<\/p>\n<p style=\"text-align: center;\">&nbsp;<\/p>\n<p style=\"text-align: center;\"><img decoding=\"async\" class=\"lazyload aligncenter\" height=\"704\" src=\"data:image\/svg+xml,%3Csvg%20xmlns%3D%27http%3A%2F%2Fwww.w3.org%2F2000%2Fsvg%27%20width%3D%27469%27%20height%3D%27704%27%20viewBox%3D%270%200%20469%20704%27%3E%3Crect%20width%3D%27469%27%20height%3D%27704%27%20fill-opacity%3D%220%22%2F%3E%3C%2Fsvg%3E\" data-orig-src=\"http:\/\/edder.org\/images\/sanz_vdr1.jpg\" width=\"469\" \/><\/p>\n<p style=\"text-align: center;\">Sanz: (gran) vida despu&eacute;s del mutis pol&iacute;tico.<\/p>\n<p style=\"text-align: center;\">&nbsp;<\/p>\n<p style=\"text-align: center;\"><div class=\"fusion-fullwidth fullwidth-box fusion-builder-row-1 hundred-percent-fullwidth non-hundred-percent-height-scrolling\" style=\"--awb-border-radius-top-left:0px;--awb-border-radius-top-right:0px;--awb-border-radius-bottom-right:0px;--awb-border-radius-bottom-left:0px;--awb-overflow:visible;--awb-flex-wrap:wrap;\" ><div class=\"fusion-builder-row fusion-row\"><div class=\"fusion-layout-column fusion_builder_column fusion-builder-column-0 fusion_builder_column_1_1 1_1 fusion-one-full fusion-column-first fusion-column-last fusion-column-no-min-height\" style=\"--awb-bg-size:cover;--awb-margin-bottom:0px;\"><div class=\"fusion-column-wrapper fusion-flex-column-wrapper-legacy\"><div class=\"video-shortcode\"><iframe title=\"Yolanda Barcina: el Yoli Style\" width=\"1200\" height=\"900\" src=\"https:\/\/www.youtube.com\/embed\/ZFpES39lEZQ?feature=oembed\" frameborder=\"0\" allow=\"accelerometer; autoplay; clipboard-write; encrypted-media; gyroscope; picture-in-picture; web-share\" allowfullscreen><\/iframe><\/div>\n<p style=\"text-align: center;\">Un fervoroso palmero del reino.<\/p>\n<p style=\"text-align: center;\">&nbsp;<\/p>\n<p>Ah, inolvidable el d&iacute;a en que, Jos&eacute; Luis Barber&iacute;a, en <em>El Pa&iacute;s<\/em>, la convirti&oacute; en una <a href=\"http:\/\/elpais.com\/diario\/2009\/05\/14\/ultima\/1242252002_850215.html\" target=\"_blank\">hablante desenvuelta de la lengua de Shakespeare<\/a>, pese a las rotundas evidencias en sentido contrario:<\/p>\n<p style=\"margin-left: 40px;\"><img decoding=\"async\" class=\"lazyload alignnone\" height=\"72\" src=\"data:image\/svg+xml,%3Csvg%20xmlns%3D%27http%3A%2F%2Fwww.w3.org%2F2000%2Fsvg%27%20width%3D%27541%27%20height%3D%2772%27%20viewBox%3D%270%200%20541%2072%27%3E%3Crect%20width%3D%27541%27%20height%3D%2772%27%20fill-opacity%3D%220%22%2F%3E%3C%2Fsvg%3E\" data-orig-src=\"http:\/\/edder.org\/images\/Barcina\/poliglota.jpg\" width=\"541\" \/><\/p>\n<p style=\"text-align: center;\"><div class=\"fusion-clearfix\"><\/div><\/div><\/div><div class=\"fusion-layout-column fusion_builder_column fusion-builder-column-1 fusion_builder_column_1_1 1_1 fusion-one-full fusion-column-first fusion-column-last fusion-column-no-min-height\" style=\"--awb-bg-size:cover;--awb-margin-bottom:0px;\"><div class=\"fusion-column-wrapper fusion-flex-column-wrapper-legacy\"><div class=\"video-shortcode\"><iframe title=\"Yolanda Barcina (movistar+) habla en \u00abingl\u00e9s\u00bb de Hemingway\" width=\"1200\" height=\"900\" src=\"https:\/\/www.youtube.com\/embed\/3CC7bHve7I0?feature=oembed\" frameborder=\"0\" allow=\"accelerometer; autoplay; clipboard-write; encrypted-media; gyroscope; picture-in-picture; web-share\" allowfullscreen><\/iframe><\/div>\n<p style=\"text-align: center;\">&nbsp;<\/p>\n<p>Formar parte de la <em>famiglia<\/em> Movistar:<\/p>\n<p style=\"text-align: center;\"><img decoding=\"async\" class=\"lazyload alignnone\" height=\"286\" src=\"data:image\/svg+xml,%3Csvg%20xmlns%3D%27http%3A%2F%2Fwww.w3.org%2F2000%2Fsvg%27%20width%3D%27350%27%20height%3D%27286%27%20viewBox%3D%270%200%20350%20286%27%3E%3Crect%20width%3D%27350%27%20height%3D%27286%27%20fill-opacity%3D%220%22%2F%3E%3C%2Fsvg%3E\" data-orig-src=\"http:\/\/edder.org\/images\/famiglia.png\" width=\"350\" \/><\/p>\n<p style=\"text-align: center;\"><div class=\"fusion-clearfix\"><\/div><\/div><\/div><div class=\"fusion-layout-column fusion_builder_column fusion-builder-column-2 fusion_builder_column_1_1 1_1 fusion-one-full fusion-column-first fusion-column-last fusion-column-no-min-height\" style=\"--awb-bg-size:cover;--awb-margin-bottom:0px;\"><div class=\"fusion-column-wrapper fusion-flex-column-wrapper-legacy\"><div class=\"video-shortcode\"><iframe title=\"Llamada para pasarse a Movistar. Oferta de portabilidad\" width=\"1200\" height=\"900\" src=\"https:\/\/www.youtube.com\/embed\/x2LTcvMFBNg?feature=oembed\" frameborder=\"0\" allow=\"accelerometer; autoplay; clipboard-write; encrypted-media; gyroscope; picture-in-picture; web-share\" allowfullscreen><\/iframe><\/div>\n<div class=\"fusion-clearfix\"><\/div><\/div><\/div><\/div><\/div><\/p>\n","protected":false},"excerpt":{"rendered":"<p>Probablemente, la persona con menos verg&uuml;enza de la historia navarra del siglo XXI y parte del XX (desde que se apropi&oacute; de los desvanes de su edificio para hacer un &aacute;tico de lujo al desembarco en Moviestar +, pasando por las dietas de la CAN luego trasmutadas en complemento gubernamental). Minti&oacute; hasta el &uacute;ltimo segundo, cuando declaro que sal&iacute;a limpiamente (sin puerta giratoria) de la pol&iacute;tica, camino de su trabajo de hace un cuarto de siglo. Y c&oacute;mo le aplaudieron durante todos esos a&ntilde;os. Qu&eacute; verg&uuml;enza de aplaudidores. Dan tanta verg&uuml;enza como la que nunca la conoci&oacute;. &nbsp; &nbsp; Si bien es cierto que a finales del siglo XX y principios del XXI tuvo mucha y muy dura competencia: Miguel Sanz (sus consejos giratorios de administraci&oacute;n, tras  [&#8230;]<\/p>\n","protected":false},"author":82,"featured_media":12478,"comment_status":"open","ping_status":"closed","sticky":false,"template":"","format":"standard","meta":{"jetpack_post_was_ever_published":false,"_jetpack_newsletter_access":"","_jetpack_dont_email_post_to_subs":false,"_jetpack_newsletter_tier_id":0,"_jetpack_memberships_contains_paywalled_content":false,"_jetpack_memberships_contains_paid_content":false,"footnotes":"","jetpack_publicize_message":"","jetpack_publicize_feature_enabled":true,"jetpack_social_post_already_shared":true,"jetpack_social_options":{"image_generator_settings":{"template":"highway","default_image_id":0,"font":"","enabled":false},"version":2}},"categories":[1],"tags":[],"class_list":["post-12475","post","type-post","status-publish","format-standard","has-post-thumbnail","hentry","category-sin-categorizar"],"jetpack_publicize_connections":[],"jetpack_featured_media_url":"https:\/\/www.edder.org\/upload\/2015\/10\/barcina_gogni.jpg","jetpack_shortlink":"https:\/\/wp.me\/p6kHv-3fd","jetpack_sharing_enabled":true,"jetpack-related-posts":[{"id":1848,"url":"https:\/\/www.edder.org\/?p=1848","url_meta":{"origin":12475,"position":0},"title":"Cascajo","author":"Eder","date":"s\u00e1bado, 14 May, 2011","format":false,"excerpt":"Cascajeras, o de la inexcusable presencia del guijo en las \u00abcasas ic\u00f3nicas\u00bb de finales del siglo XX y comienzo del XXI. Rem Koolhaas, Casa de las afueras de Burdeos, 1998.","rel":"","context":"En \u00abArtes\u00bb","block_context":{"text":"Artes","link":"https:\/\/www.edder.org\/?cat=85"},"img":{"alt_text":"","src":"","width":0,"height":0},"classes":[]},{"id":2416,"url":"https:\/\/www.edder.org\/?p=2416","url_meta":{"origin":12475,"position":1},"title":"Jaungoikoa eta lege zaharrak reloaded","author":"Eder","date":"mi\u00e9rcoles, 18 Abr, 2012","format":false,"excerpt":"Bendici\u00f3n anual del Parlamento Navarro, 18 de abril de 2012. \u00a0 Parlamentario socialista en la adoraci\u00f3n a San Miguel Arc\u00e1ngel. Navarra, siglo XXI. \u00a0 M\u00e1s de esto mismo: ver m\u00e1s.","rel":"","context":"En \u00abNA\u00bb","block_context":{"text":"NA","link":"https:\/\/www.edder.org\/?cat=3"},"img":{"alt_text":"","src":"https:\/\/i0.wp.com\/www.edder.org\/upload\/2012\/04\/leiza.jpg?resize=350%2C200&ssl=1","width":350,"height":200},"classes":[]},{"id":11650,"url":"https:\/\/www.edder.org\/?p=11650","url_meta":{"origin":12475,"position":2},"title":"Navarr\u00edsmo y muy cat\u00f3lico","author":"Eder","date":"domingo, 10 May, 2015","format":false,"excerpt":"En pleno siglo XXI conjugamos con toda naturalidad la\u00a0 insurgencia guerrera del catolicimo que llevaba al General\u00edsimo bajo palio con la moderna y din\u00e1mica tecnocracia opusde\u00edsta, sin hacerle ascos a los dineros que allanan los infinitos e inexcrutables caminos del Se\u00f1or. \u00a0","rel":"","context":"En \u00abNA\u00bb","block_context":{"text":"NA","link":"https:\/\/www.edder.org\/?cat=3"},"img":{"alt_text":"","src":"https:\/\/i0.wp.com\/www.edder.org\/upload\/2015\/05\/image.jpg?resize=350%2C200&ssl=1","width":350,"height":200},"classes":[]},{"id":204,"url":"https:\/\/www.edder.org\/?p=204","url_meta":{"origin":12475,"position":3},"title":"El conflicto","author":"Eder","date":"viernes, 21 Nov, 2008","format":false,"excerpt":"En 1984, el cineasta Robert Kramer rod\u00f3 una pel\u00edcula titulada Nuestro nazi. Con el nazismo como fondo, Kramer se preguntaba por los enga\u00f1os \u2013por las mentiras y mitos\u2013 que llevan a olvidar, diferir o negar las responsabilidades personales en los \u201cconflictos hist\u00f3ricos\u201d. El siglo XX fue el siglo donde las\u2026","rel":"","context":"En \u00abNA\u00bb","block_context":{"text":"NA","link":"https:\/\/www.edder.org\/?cat=3"},"img":{"alt_text":"","src":"","width":0,"height":0},"classes":[]},{"id":39397,"url":"https:\/\/www.edder.org\/?p=39397","url_meta":{"origin":12475,"position":4},"title":"La dictadura chilena y la democracia \u2013\u00bforg\u00e1nica?\u2013 espa\u00f1ola","author":"Eder","date":"lunes, 30 Nov, 2020","format":false,"excerpt":"","rel":"","context":"En \u00abCine\u00bb","block_context":{"text":"Cine","link":"https:\/\/www.edder.org\/?cat=79"},"img":{"alt_text":"","src":"https:\/\/i0.wp.com\/www.edder.org\/upload\/2020\/11\/militares_sanchez1.png?resize=350%2C200&ssl=1","width":350,"height":200,"srcset":"https:\/\/i0.wp.com\/www.edder.org\/upload\/2020\/11\/militares_sanchez1.png?resize=350%2C200&ssl=1 1x, https:\/\/i0.wp.com\/www.edder.org\/upload\/2020\/11\/militares_sanchez1.png?resize=525%2C300&ssl=1 1.5x"},"classes":[]},{"id":46,"url":"https:\/\/www.edder.org\/?p=46","url_meta":{"origin":12475,"position":5},"title":"En un viejo pa\u00eds ineficiente\u2026","author":"Eder","date":"viernes, 10 Mar, 2006","format":false,"excerpt":"No veo diferencias abismales entre las mentiras hist\u00e9ricas de un Aceves y la demagogia dial\u00e9ctica del senador norteamericano Joseph R. McCarthy, durante la \u00e9poca de la \u00abcaza de brujas\u00bb, acusador, juez y verdugo de todo traidor a la patria que no entendiese el patriotismo a su hist\u00e9rica manera. De modo\u2026","rel":"","context":"En \u00abSin categorizar\u00bb","block_context":{"text":"Sin categorizar","link":"https:\/\/www.edder.org\/?cat=1"},"img":{"alt_text":"","src":"","width":0,"height":0},"classes":[]}],"jetpack_likes_enabled":true,"_links":{"self":[{"href":"https:\/\/www.edder.org\/index.php?rest_route=\/wp\/v2\/posts\/12475","targetHints":{"allow":["GET"]}}],"collection":[{"href":"https:\/\/www.edder.org\/index.php?rest_route=\/wp\/v2\/posts"}],"about":[{"href":"https:\/\/www.edder.org\/index.php?rest_route=\/wp\/v2\/types\/post"}],"author":[{"embeddable":true,"href":"https:\/\/www.edder.org\/index.php?rest_route=\/wp\/v2\/users\/82"}],"replies":[{"embeddable":true,"href":"https:\/\/www.edder.org\/index.php?rest_route=%2Fwp%2Fv2%2Fcomments&post=12475"}],"version-history":[{"count":0,"href":"https:\/\/www.edder.org\/index.php?rest_route=\/wp\/v2\/posts\/12475\/revisions"}],"wp:featuredmedia":[{"embeddable":true,"href":"https:\/\/www.edder.org\/index.php?rest_route=\/wp\/v2\/media\/12478"}],"wp:attachment":[{"href":"https:\/\/www.edder.org\/index.php?rest_route=%2Fwp%2Fv2%2Fmedia&parent=12475"}],"wp:term":[{"taxonomy":"category","embeddable":true,"href":"https:\/\/www.edder.org\/index.php?rest_route=%2Fwp%2Fv2%2Fcategories&post=12475"},{"taxonomy":"post_tag","embeddable":true,"href":"https:\/\/www.edder.org\/index.php?rest_route=%2Fwp%2Fv2%2Ftags&post=12475"}],"curies":[{"name":"wp","href":"https:\/\/api.w.org\/{rel}","templated":true}]}}