{"id":12436,"date":"2015-10-12T16:56:19","date_gmt":"2015-10-12T15:56:19","guid":{"rendered":"https:\/\/www.edder.org\/?p=12436"},"modified":"2018-07-27T16:36:48","modified_gmt":"2018-07-27T14:36:48","slug":"anselm-kiefer-otras-rehabilitaciones-sobre-los-caidos","status":"publish","type":"post","link":"https:\/\/www.edder.org\/?p=12436","title":{"rendered":"Sobre los Ca\u00eddos (Anselm Kiefer: otras rehabilitaciones)"},"content":{"rendered":"<p>Veo que hay quien <a href=\"http:\/\/www.diariodenavarra.es\/noticias\/navarra\/pamplona_comarca\/pamplona\/2015\/10\/12\/podemos_pone_duda_cambio_nombre_conde_rodezno_278768_1702.html\" target=\"_blank\">ha tomado en consideraci&oacute;n<\/a> alguno de los argumentos que expuse en mi <a href=\"https:\/\/www.edder.org\/?p=12352\" target=\"_blank\">art&iacute;culo sobre el cambio de nombre de la plaza Conde de Rodezno<\/a> y rompe el cerrado silencio pamplon&eacute;s&nbsp;sobre ese asunto (&laquo;No perjudiquemos a los nuestros&raquo;, cuando los nuestros deben ser criticados m&aacute;s que los contrarios, si queremos que no terminen pareci&eacute;ndose a ellos). Si es por dar ideas, he aqu&iacute; otro art&iacute;culo de los que he escrito sobre eso mismo, hace ya 13 a&ntilde;os.<\/p>\n<p>&nbsp;<\/p>\n<p style=\"text-align: center;\"><span style=\"font-size:18px;\">Anselm Kiefer: otras rehabilitaciones<\/span><\/p>\n<p>Presentaci&oacute;n del concejal pamplon&eacute;s del ramo cultural de una exposici&oacute;n de neoexpresionistas alemanes. Entre ellos, Anselm Kiefer, que de tanto respeto es digno. A diferencia del concejal del ramo, Kiefer ha dedicado dos tercios de su vida a pensar qu&eacute; se debe hacer con&nbsp; un monumento a los ca&iacute;dos, y de paso, con el arte. En los a&ntilde;os 60, cuando la socialdemocracia alemana decret&oacute; que &laquo;de esas cosas del pasado ya no se habla&raquo;, Kiefer expuso fotograf&iacute;as suyas saludando a la romana &ndash;<em>heil!<\/em>&ndash;. Esas fotograf&iacute;as dec&iacute;an: &laquo;De esas cosas es de lo que hay que hablar&raquo;. En los 70 Kiefer llev&oacute; a sus enormes pinturas las perspectivas de Albert Speer, el arquitecto de Hitler: esas perspectivas que quer&iacute;an imponer a Berl&iacute;n el mismo tipo de horizonte oper&iacute;stico impuesto al Ensanche pamplon&eacute;s por los Ca&iacute;dos. El mensaje de las edificaciones de Speer &ndash;hecho suyo por E&uacute;sa en sus edificios nacionalcat&oacute;licos&ndash; no es otro que &laquo;&iexcl;Presente!&raquo;. En palabras del &ndash;dig&aacute;moslo as&iacute;&ndash; concejal de est&eacute;tica de Mussolini, los ca&iacute;dos homenajeados por un arte monumental, viven y trasmite un deber de sucesi&oacute;n. &Eacute;se es tambi&eacute;n el sentido de los enf&aacute;ticos monumentos f&uacute;nebres franquistas &ndash;y antes de los carlistas&ndash;. &iquest;Qu&eacute; hacer con ellos? En 1983 Kiefer pint&oacute; <em>Sulamita<\/em>. La pintura &ndash;homenaje al poeta Paul Celan y respuesta a la pregunta de Adorno, qu&eacute; arte es posible despu&eacute;s de Auschwitz&ndash; representa el monumento a los ca&iacute;dos est&aacute;ndar del nazismo, pero su interior ofrece el aspecto de un horno crematorio arrasado, en el que arden velas por las v&iacute;ctimas de los nazis. Ah&iacute; ten&iacute;a el concejal pamplon&eacute;s del ramo una idea de qu&eacute; significa rehabilitar de verdad un monumento a los ca&iacute;dos, si es que tal cosa es posible. No s&eacute; qu&eacute; arte querr&aacute;n exponer los concejales pamploneses en unos Ca&iacute;dos limpiado, pero dif&iacute;cilmente rehabilitable. No el de Anselm Kiefer, que reclama las rehabilitaciones de la memoria y la verdad de todas las v&iacute;ctimas.<\/p>\n<p>Publicado en <em>Diario de Noticias<\/em>, el 18 de octubre de 2002.<\/p>\n<p>&nbsp;<\/p>\n<p><span style=\"font-size:16px;\">Anexo documental:<\/span><\/p>\n<p><span style=\"font-size:16px;\"><strong>1.<\/strong> <strong>Anselm Kiefer<\/strong> en los 60 denunciado la pervivencia del fascismo.<br \/>\n\t<strong>2.<\/strong> La c&uacute;pula de <strong>Alfred Speer<\/strong> para el Berl&iacute;n hitleriano, ubicada al fondo de la gran avenida central, como punto de fuga omnipresente de la ciudad.<br \/>\n\t3. <em>&iexcl;Presentes!<\/em> Monumento de la <strong>Italia mussoliniana<\/strong> a las ca&iacute;dos.<br \/>\n\t<strong>4.<\/strong> <em>Sulamita<\/em>, obra de <strong>Anselm Kiefer<\/strong> en los 70 (monumento nacional-socialista a los ca&iacute;dos convertido en horno crematorio).<br \/>\n\t<strong>5.<\/strong> <strong>Ram&oacute;n Stolz<\/strong>, fragmento de los frescos de la b&oacute;veda de los Ca&iacute;dos (hasta ahora y no s&eacute; si todav&iacute;a sala de exposiciones Conde de Rodezno). En primer t&eacute;rmino, tras la cruz y la bandera rojigualda (exigida por los carlistas a Mola como bandera de la insurrecci&oacute;n), las tres familias del golpe faccioso del 36 y de la posterior dictadura del General&iacute;simo (carlistas, falangistas y militares sediciosos). En segundo t&eacute;rmino, tras &laquo;la General&iacute;sima&raquo; (la bandera de la Virgen), tres generaciones de carlistas. Como en los fascismos, en el tradicionalismo carlista, los ca&iacute;dos en anteriores carlistadas trasmiten a las nuevas generaciones un deber de continuidad.<\/span><\/p>\n<p>&nbsp;<\/p>\n<p><img decoding=\"async\" class=\"lazyload alignnone\" height=\"959\" src=\"data:image\/svg+xml,%3Csvg%20xmlns%3D%27http%3A%2F%2Fwww.w3.org%2F2000%2Fsvg%27%20width%3D%27652%27%20height%3D%27959%27%20viewBox%3D%270%200%20652%20959%27%3E%3Crect%20width%3D%27652%27%20height%3D%27959%27%20fill-opacity%3D%220%22%2F%3E%3C%2Fsvg%3E\" data-orig-src=\"http:\/\/edder.org\/images\/kiefer\/kiefer1.jpg\" width=\"652\" \/><\/p>\n<p><img decoding=\"async\" class=\"lazyload alignnone\" height=\"828\" src=\"data:image\/svg+xml,%3Csvg%20xmlns%3D%27http%3A%2F%2Fwww.w3.org%2F2000%2Fsvg%27%20width%3D%27659%27%20height%3D%27828%27%20viewBox%3D%270%200%20659%20828%27%3E%3Crect%20width%3D%27659%27%20height%3D%27828%27%20fill-opacity%3D%220%22%2F%3E%3C%2Fsvg%3E\" data-orig-src=\"http:\/\/edder.org\/images\/kiefer\/speer.jpeg\" width=\"659\" \/><\/p>\n<p><img decoding=\"async\" class=\"lazyload alignnone\" height=\"493\" src=\"data:image\/svg+xml,%3Csvg%20xmlns%3D%27http%3A%2F%2Fwww.w3.org%2F2000%2Fsvg%27%20width%3D%27643%27%20height%3D%27493%27%20viewBox%3D%270%200%20643%20493%27%3E%3Crect%20width%3D%27643%27%20height%3D%27493%27%20fill-opacity%3D%220%22%2F%3E%3C%2Fsvg%3E\" data-orig-src=\"http:\/\/edder.org\/images\/kiefer\/kiefer3.jpg\" width=\"643\" \/><\/p>\n<p><img decoding=\"async\" class=\"lazyload alignnone\" height=\"499\" src=\"data:image\/svg+xml,%3Csvg%20xmlns%3D%27http%3A%2F%2Fwww.w3.org%2F2000%2Fsvg%27%20width%3D%27652%27%20height%3D%27499%27%20viewBox%3D%270%200%20652%20499%27%3E%3Crect%20width%3D%27652%27%20height%3D%27499%27%20fill-opacity%3D%220%22%2F%3E%3C%2Fsvg%3E\" data-orig-src=\"http:\/\/edder.org\/images\/kiefer\/kiefer2.jpg\" width=\"652\" \/><\/p>\n<p><img decoding=\"async\" class=\"lazyload alignnone\" height=\"489\" src=\"data:image\/svg+xml,%3Csvg%20xmlns%3D%27http%3A%2F%2Fwww.w3.org%2F2000%2Fsvg%27%20width%3D%27652%27%20height%3D%27489%27%20viewBox%3D%270%200%20652%20489%27%3E%3Crect%20width%3D%27652%27%20height%3D%27489%27%20fill-opacity%3D%220%22%2F%3E%3C%2Fsvg%3E\" data-orig-src=\"http:\/\/i2.wp.com\/edder.org\/images\/muertos_stolz.jpg\" width=\"652\" \/><\/p>\n","protected":false},"excerpt":{"rendered":"<p>Veo que hay quien ha tomado en consideraci&oacute;n alguno de los argumentos que expuse en mi art&iacute;culo sobre el cambio de nombre de la plaza Conde de Rodezno y rompe el cerrado silencio pamplon&eacute;s&nbsp;sobre ese asunto (&laquo;No perjudiquemos a los nuestros&raquo;, cuando los nuestros deben ser criticados m&aacute;s que los contrarios, si queremos que no terminen pareci&eacute;ndose a ellos). Si es por dar ideas, he aqu&iacute; otro art&iacute;culo de los que he escrito sobre eso mismo, hace ya 13 a&ntilde;os. &nbsp; Anselm Kiefer: otras rehabilitaciones Presentaci&oacute;n del concejal pamplon&eacute;s del ramo cultural de una exposici&oacute;n de neoexpresionistas alemanes. Entre ellos, Anselm Kiefer, que de tanto respeto es digno. A diferencia del concejal del ramo, Kiefer ha dedicado dos tercios de su vida a pensar qu&eacute; se debe  [&#8230;]<\/p>\n","protected":false},"author":82,"featured_media":12459,"comment_status":"open","ping_status":"closed","sticky":false,"template":"","format":"standard","meta":{"jetpack_post_was_ever_published":false,"_jetpack_newsletter_access":"","_jetpack_dont_email_post_to_subs":false,"_jetpack_newsletter_tier_id":0,"_jetpack_memberships_contains_paywalled_content":false,"_jetpack_memberships_contains_paid_content":false,"footnotes":"","jetpack_publicize_message":"","jetpack_publicize_feature_enabled":true,"jetpack_social_post_already_shared":true,"jetpack_social_options":{"image_generator_settings":{"template":"highway","default_image_id":0,"font":"","enabled":false},"version":2}},"categories":[1],"tags":[492],"class_list":["post-12436","post","type-post","status-publish","format-standard","has-post-thumbnail","hentry","category-sin-categorizar","tag-kiefer"],"jetpack_publicize_connections":[],"jetpack_featured_media_url":"https:\/\/www.edder.org\/upload\/2015\/10\/Sin-ti\u0301tulo-1.png","jetpack_shortlink":"https:\/\/wp.me\/p6kHv-3eA","jetpack_sharing_enabled":true,"jetpack-related-posts":[{"id":13251,"url":"https:\/\/www.edder.org\/?p=13251","url_meta":{"origin":12436,"position":0},"title":"Los Ca\u00eddos: \u00ab\u00a1Presente!\u00bb","author":"Eder","date":"viernes, 2 Sep, 2016","format":false,"excerpt":"","rel":"","context":"En \u00abSin categorizar\u00bb","block_context":{"text":"Sin categorizar","link":"https:\/\/www.edder.org\/?cat=1"},"img":{"alt_text":"","src":"https:\/\/i0.wp.com\/www.edder.org\/upload\/2016\/09\/caidos.jpg?resize=350%2C200&ssl=1","width":350,"height":200},"classes":[]},{"id":12352,"url":"https:\/\/www.edder.org\/?p=12352","url_meta":{"origin":12436,"position":1},"title":"De Rodezno a Esparza","author":"Eder","date":"martes, 22 Sep, 2015","format":false,"excerpt":"\u00a0 \u00a0 En contra de lo que dice Woody Allen en Wild Man Blues \u2013\u00abLo peor son los alcaldes\u00bb\u2013, los alcaldes son de lo mejor que \u00abel cambio\u00bb ha tra\u00eddo por el momento. Si bien el acalde de Pamplona no anda \u00faltimamente muy atinado. Particularmente desacertado me ha parecido Asiron\u2026","rel":"","context":"En \u00abSin categorizar\u00bb","block_context":{"text":"Sin categorizar","link":"https:\/\/www.edder.org\/?cat=1"},"img":{"alt_text":"","src":"https:\/\/i0.wp.com\/www.edder.org\/upload\/2015\/09\/caidos.gif?resize=350%2C200&ssl=1","width":350,"height":200,"srcset":"https:\/\/i0.wp.com\/www.edder.org\/upload\/2015\/09\/caidos.gif?resize=350%2C200&ssl=1 1x, https:\/\/i0.wp.com\/www.edder.org\/upload\/2015\/09\/caidos.gif?resize=525%2C300&ssl=1 1.5x"},"classes":[]},{"id":710,"url":"https:\/\/www.edder.org\/?p=710","url_meta":{"origin":12436,"position":2},"title":"Las maletas del arquitecto","author":"Eder","date":"viernes, 7 May, 2010","format":false,"excerpt":"","rel":"","context":"En \u00abNA\u00bb","block_context":{"text":"NA","link":"https:\/\/www.edder.org\/?cat=3"},"img":{"alt_text":"","src":"https:\/\/i0.wp.com\/www.edder.org\/upload\/2010\/05\/huder_yarnoz.jpg?resize=350%2C200&ssl=1","width":350,"height":200,"srcset":"https:\/\/i0.wp.com\/www.edder.org\/upload\/2010\/05\/huder_yarnoz.jpg?resize=350%2C200&ssl=1 1x, https:\/\/i0.wp.com\/www.edder.org\/upload\/2010\/05\/huder_yarnoz.jpg?resize=525%2C300&ssl=1 1.5x"},"classes":[]},{"id":1159,"url":"https:\/\/www.edder.org\/?p=1159","url_meta":{"origin":12436,"position":3},"title":"El Ofert\u00f3n Pamplon\u00e9s","author":"Eder","date":"viernes, 22 Oct, 2010","format":false,"excerpt":"Para orfe\u00f3n, el Orfe\u00f3n Donostiarra. Y para ofert\u00f3n, el Ofert\u00f3n Pamplon\u00e9s. Que se lo pregunten si no al consejero de Cultura y Turismo, que no ha podido resistir la insuperable oferta del Ofert\u00f3n Pamplon\u00e9s \u2013por lo dem\u00e1s, regularmente subvencionado por ese mismo consejero\u2013 para viajar a Guasint\u00f3n. Y por all\u00ed\u00a0\u2026","rel":"","context":"En \u00abNA\u00bb","block_context":{"text":"NA","link":"https:\/\/www.edder.org\/?cat=3"},"img":{"alt_text":"","src":"https:\/\/i0.wp.com\/edder.org\/images\/barcina_ole.jpg?resize=350%2C200","width":350,"height":200,"srcset":"https:\/\/i0.wp.com\/edder.org\/images\/barcina_ole.jpg?resize=350%2C200 1x, https:\/\/i0.wp.com\/edder.org\/images\/barcina_ole.jpg?resize=525%2C300 1.5x, https:\/\/i0.wp.com\/edder.org\/images\/barcina_ole.jpg?resize=700%2C400 2x"},"classes":[]},{"id":1766,"url":"https:\/\/www.edder.org\/?p=1766","url_meta":{"origin":12436,"position":4},"title":"Pamplona 1937. Tarde de cine","author":"Eder","date":"martes, 26 Abr, 2011","format":false,"excerpt":"Cin\u00e9filos: \u00a0 Cin\u00e9filos, porque sabido es que ni Riefenstahl ni Hitler, al planear El triunfo de la voluntad \u2014la parte m\u00e1s importante del programa cinematogr\u00e1fico pamplon\u00e9s\u2014, quer\u00edan hacer una pel\u00edcula pol\u00edtica: solo les interesaba el arte, como seguramente a los que acudieron a verla ese 31 de marzo de 1937.\u2026","rel":"","context":"En \u00abNA\u00bb","block_context":{"text":"NA","link":"https:\/\/www.edder.org\/?cat=3"},"img":{"alt_text":"","src":"https:\/\/i0.wp.com\/edder.org\/images\/programa.jpg?resize=350%2C200","width":350,"height":200,"srcset":"https:\/\/i0.wp.com\/edder.org\/images\/programa.jpg?resize=350%2C200 1x, https:\/\/i0.wp.com\/edder.org\/images\/programa.jpg?resize=525%2C300 1.5x"},"classes":[]},{"id":149,"url":"https:\/\/www.edder.org\/?p=149","url_meta":{"origin":12436,"position":5},"title":"Momenticos","author":"Eder","date":"viernes, 9 May, 2008","format":false,"excerpt":"El poeta y cl\u00e9rigo catal\u00e1n Jacint Verdaguer \u2013algo ultramontano, algo integrista\u2013 experimentaba esos inefables arranques de arrobo m\u00edstico a los que por aqu\u00ed damos en llamar \u2018momenticos\u2019 cuando ascend\u00eda a alguna cumbre del Pirineo. \u201cLos catalanes que suben aqu\u00ed \u2013dice el verso de un c\u00e9lebre poema de Verdaguer\u2013 aman todav\u00eda\u2026","rel":"","context":"En \u00abNA\u00bb","block_context":{"text":"NA","link":"https:\/\/www.edder.org\/?cat=3"},"img":{"alt_text":"","src":"","width":0,"height":0},"classes":[]}],"jetpack_likes_enabled":true,"_links":{"self":[{"href":"https:\/\/www.edder.org\/index.php?rest_route=\/wp\/v2\/posts\/12436","targetHints":{"allow":["GET"]}}],"collection":[{"href":"https:\/\/www.edder.org\/index.php?rest_route=\/wp\/v2\/posts"}],"about":[{"href":"https:\/\/www.edder.org\/index.php?rest_route=\/wp\/v2\/types\/post"}],"author":[{"embeddable":true,"href":"https:\/\/www.edder.org\/index.php?rest_route=\/wp\/v2\/users\/82"}],"replies":[{"embeddable":true,"href":"https:\/\/www.edder.org\/index.php?rest_route=%2Fwp%2Fv2%2Fcomments&post=12436"}],"version-history":[{"count":0,"href":"https:\/\/www.edder.org\/index.php?rest_route=\/wp\/v2\/posts\/12436\/revisions"}],"wp:featuredmedia":[{"embeddable":true,"href":"https:\/\/www.edder.org\/index.php?rest_route=\/wp\/v2\/media\/12459"}],"wp:attachment":[{"href":"https:\/\/www.edder.org\/index.php?rest_route=%2Fwp%2Fv2%2Fmedia&parent=12436"}],"wp:term":[{"taxonomy":"category","embeddable":true,"href":"https:\/\/www.edder.org\/index.php?rest_route=%2Fwp%2Fv2%2Fcategories&post=12436"},{"taxonomy":"post_tag","embeddable":true,"href":"https:\/\/www.edder.org\/index.php?rest_route=%2Fwp%2Fv2%2Ftags&post=12436"}],"curies":[{"name":"wp","href":"https:\/\/api.w.org\/{rel}","templated":true}]}}