{"id":1241,"date":"2010-11-04T12:55:35","date_gmt":"2010-11-04T11:55:35","guid":{"rendered":"https:\/\/www.edder.org\/?p=1241"},"modified":"2018-07-27T16:37:38","modified_gmt":"2018-07-27T14:37:38","slug":"teas","status":"publish","type":"post","link":"https:\/\/www.edder.org\/?p=1241","title":{"rendered":"Teas"},"content":{"rendered":"<p><style type=\"text\/css\">p.MsoNormal, li.MsoNormal, div.MsoNormal { margin: 0cm 0cm 0.0001pt; text-align: justify; text-indent: 8.5pt; font-size: 12pt; font-family: \"Times New Roman\"; }div.Section1 { page: Section1; }<\/style>\n<\/p>\n<p><span style=\"font-size: 12pt; font-family: &quot;Times New Roman&quot;;\">Pens&eacute; que los del Tea Party ser&iacute;an los del Partido de las Teas o los de la Fiesta de las Antorchas, pero no: son los del Partido del T&eacute;. En mi descargo dir&eacute; que por estos cristian&iacute;simos pagos son tradici&oacute;n secular y folclore vivo tantas procesiones y rosarios de las antorchas que c&oacute;mo no pensar en eso cuando se habla de teas. Vamos, que cre&iacute;a y a&uacute;n creo que los del Tea Party son como los del Ku Klux Klan, pero puestos al d&iacute;a y a cara descubierta, sin capirotes ni t&uacute;nicas, aunque enciendan de vez en cuando cirios. Supongo que entre los del Tea Party habr&aacute; m&aacute;s de dos con carn&eacute; de la Asociaci&oacute;n Nacional del Rifle y m&aacute;s de tres que pertenezcan a esas furibundas asociaciones provida estadounidenses que rodean de cirios las casas del personal sanitario proabortista y, en un asedio tenaz, durante semanas dan vueltas alrededor de la casa en procesi&oacute;n, repitiendo las letan&iacute;as de un rosario infinito. Algo de esto hubo por aqu&iacute; hace a&ntilde;os, si bien el que hoy es partido de la muy te&iacute;sta y vaticanista Barcina refin&oacute; el procedimiento para pasar de asediar al personal sanitario a enviar a las ciudadanas moralmente reprobables &ndash;desde la &oacute;ptica te&iacute;sta-vaticanista de unos gobernantes amigos de procesiones, misas oficiales y dem&aacute;s humos de las teas&ndash; a cl&iacute;nicas extramuros del territorio foral. Queda por ver c&oacute;mo se resuelve, si es que finalmente se resuelve, la burla gubernamental y la excepci&oacute;n foral a la ley general en materia de interrupci&oacute;n del embarazo. De momento ah&iacute; siguen enhiestas sus muy te&iacute;stas y vaticanistas antorchas. Por lo dem&aacute;s, no hay s&iacute;ntomas de que la sensibilidad social del Tea Party, ese partido tal vez af&iacute;n al navarrismo te&iacute;sta, sea mayor que el cristian&iacute;simo humanismo de Barcina, a quien los 13.000 parados forales de larga duraci&oacute;n o las cerca de 8.000 familias con el agua al cuello mes tras mes no apean de su obstinada, terca, impenitente, irrevocable decisi&oacute;n de fundir parte del presupuesto en un museo del jolgorio, caiga quien caiga y caiga la que caiga.<\/span><\/p>\n<p>&nbsp;<\/p>\n<p style=\"text-align: right;\">Publicado en <a href=\"http:\/\/www.diariodenoticias.com\/opinion\/columnistas\/postal-expres\" target=\"blank\">Diario de Noticias<\/a><\/p>\n<p><img class=\"lazyload\" decoding=\"async\" align=\"right\" alt=\"dn\" src=\"data:image\/gif;base64,R0lGODlhAQABAAAAACH5BAEKAAEALAAAAAABAAEAAAICTAEAOw==\" data-orig-src=\"..\/images\/dn.gif\" title=\"dn\" \/><\/p>\n","protected":false},"excerpt":{"rendered":"<p>Pens&eacute; que los del Tea Party ser&iacute;an los del Partido de las Teas o los de la Fiesta de las Antorchas, pero no: son los del Partido del T&eacute;. En mi descargo dir&eacute; que por estos cristian&iacute;simos pagos son tradici&oacute;n secular y folclore vivo tantas procesiones y rosarios de las antorchas que c&oacute;mo no pensar en eso cuando se habla de teas. Vamos, que cre&iacute;a y a&uacute;n creo que los del Tea Party son como los del Ku Klux Klan, pero puestos al d&iacute;a y a cara descubierta, sin capirotes ni t&uacute;nicas, aunque enciendan de vez en cuando cirios. Supongo que entre los del Tea Party habr&aacute; m&aacute;s de dos con carn&eacute; de la Asociaci&oacute;n Nacional del Rifle y m&aacute;s de tres que pertenezcan a esas furibundas  [&#8230;]<\/p>\n","protected":false},"author":82,"featured_media":0,"comment_status":"open","ping_status":"open","sticky":false,"template":"","format":"standard","meta":{"jetpack_post_was_ever_published":false,"_jetpack_newsletter_access":"","_jetpack_dont_email_post_to_subs":false,"_jetpack_newsletter_tier_id":0,"_jetpack_memberships_contains_paywalled_content":false,"_jetpack_memberships_contains_paid_content":false,"footnotes":"","jetpack_publicize_message":"","jetpack_publicize_feature_enabled":true,"jetpack_social_post_already_shared":false,"jetpack_social_options":{"image_generator_settings":{"template":"highway","default_image_id":0,"font":"","enabled":false},"version":2}},"categories":[3,1],"tags":[],"class_list":["post-1241","post","type-post","status-publish","format-standard","hentry","category-na","category-sin-categorizar"],"jetpack_publicize_connections":[],"jetpack_featured_media_url":"","jetpack_shortlink":"https:\/\/wp.me\/s6kHv-teas","jetpack_sharing_enabled":true,"jetpack-related-posts":[{"id":2755,"url":"https:\/\/www.edder.org\/?p=2755","url_meta":{"origin":1241,"position":0},"title":"Piloto de la muerte","author":"Eder","date":"viernes, 21 Dic, 2012","format":false,"excerpt":"\u00a0 Let me ride on the Wall of Death one more time Let me ride on the Wall of Death one more time You can waste your time on the other rides This is the nearest to being alive Oh let me take my chances on the Wall of Death\u2026","rel":"","context":"En \u00abM\u00fasica\u00bb","block_context":{"text":"M\u00fasica","link":"https:\/\/www.edder.org\/?cat=87"},"img":{"alt_text":"","src":"","width":0,"height":0},"classes":[]},{"id":35,"url":"https:\/\/www.edder.org\/?p=35","url_meta":{"origin":1241,"position":1},"title":"El h\u00e1bito regener\u00f3 al monde","author":"Eder","date":"viernes, 6 Ene, 2006","format":false,"excerpt":"La desfachatez que ha llevado a Sanz \u2013Sanz Sesma\u2013 a interpretar la sentencia judicial por la que se anula la concesi\u00f3n de licencias de radio hecha en su d\u00eda por Sanz \u2013Sanz Barea\u2013 y Palacios como otro \u00e9xito del Gobierno de UPN \u2013otro m\u00e1s de la cascada incesante de \u00e9xitos\u2026","rel":"","context":"En \u00abNA\u00bb","block_context":{"text":"NA","link":"https:\/\/www.edder.org\/?cat=3"},"img":{"alt_text":"","src":"","width":0,"height":0},"classes":[]},{"id":34,"url":"https:\/\/www.edder.org\/?p=34","url_meta":{"origin":1241,"position":2},"title":"Nepotismo foral: una instant\u00e1nea","author":"Eder","date":"viernes, 30 Dic, 2005","format":false,"excerpt":"Siete a\u00f1o y medio despu\u00e9s de que el incombustible superconsejero Jos\u00e9 Ignacio Palacios \u2013sus pleitos van bien despacio\u2013\u2026 Siete a\u00f1os y medio despu\u00e9s de que Palacios y Sanz \u2013el otro Sanz\u2013, \u00bfregalasen?, \u00bfadjudicasen graciosamente?, \u00bfentregasen en un acto de nepotismo palaciego \u2013\u201cVoy a Palacio\u201d, que dicen ciertos exponentes de nuestra\u2026","rel":"","context":"En \u00abNA\u00bb","block_context":{"text":"NA","link":"https:\/\/www.edder.org\/?cat=3"},"img":{"alt_text":"","src":"","width":0,"height":0},"classes":[]},{"id":1267,"url":"https:\/\/www.edder.org\/?p=1267","url_meta":{"origin":1241,"position":3},"title":"Videla","author":"Eder","date":"viernes, 24 Dic, 2010","format":false,"excerpt":"Videla vuelve a las noticias y la casualidad ha querido que hace unos d\u00edas viera H\u00f4tel Terminus, la pel\u00edcula de Marcel Ophuls. H\u00f4tel Terminus: la vida y la \u00e9poca de Klaus Barbie es una pel\u00edcula documental de cuatro horas largas \u2013TVE la puso hace unos a\u00f1os, pasadas las cuatro de\u2026","rel":"","context":"En \u00abCine\u00bb","block_context":{"text":"Cine","link":"https:\/\/www.edder.org\/?cat=79"},"img":{"alt_text":"","src":"","width":0,"height":0},"classes":[]},{"id":1951,"url":"https:\/\/www.edder.org\/?p=1951","url_meta":{"origin":1241,"position":4},"title":"Minutos de gloria","author":"Eder","date":"viernes, 10 Jun, 2011","format":false,"excerpt":"Su Alteza Real \u2013todo con may\u00fasculas de las llamadas genuflexas\u2013 lo plante\u00f3 bien: \u201cYa tienes tu minuto de gloria\u201d. O si no bien, s\u00ed donde el problema se plantea. En La toma del poder por Luis XIV, Rossellini ve\u00eda al Rey Sol como un Soberano \u2013may\u00fascula y genuflexi\u00f3n\u2013 entre Maquiavelo\u2026","rel":"","context":"En \u00abNA\u00bb","block_context":{"text":"NA","link":"https:\/\/www.edder.org\/?cat=3"},"img":{"alt_text":"","src":"","width":0,"height":0},"classes":[]},{"id":1703,"url":"https:\/\/www.edder.org\/?p=1703","url_meta":{"origin":1241,"position":5},"title":"Rap","author":"Eder","date":"viernes, 22 Abr, 2011","format":false,"excerpt":"","rel":"","context":"En \u00abM\u00fasica\u00bb","block_context":{"text":"M\u00fasica","link":"https:\/\/www.edder.org\/?cat=87"},"img":{"alt_text":"","src":"","width":0,"height":0},"classes":[]}],"jetpack_likes_enabled":true,"_links":{"self":[{"href":"https:\/\/www.edder.org\/index.php?rest_route=\/wp\/v2\/posts\/1241","targetHints":{"allow":["GET"]}}],"collection":[{"href":"https:\/\/www.edder.org\/index.php?rest_route=\/wp\/v2\/posts"}],"about":[{"href":"https:\/\/www.edder.org\/index.php?rest_route=\/wp\/v2\/types\/post"}],"author":[{"embeddable":true,"href":"https:\/\/www.edder.org\/index.php?rest_route=\/wp\/v2\/users\/82"}],"replies":[{"embeddable":true,"href":"https:\/\/www.edder.org\/index.php?rest_route=%2Fwp%2Fv2%2Fcomments&post=1241"}],"version-history":[{"count":0,"href":"https:\/\/www.edder.org\/index.php?rest_route=\/wp\/v2\/posts\/1241\/revisions"}],"wp:attachment":[{"href":"https:\/\/www.edder.org\/index.php?rest_route=%2Fwp%2Fv2%2Fmedia&parent=1241"}],"wp:term":[{"taxonomy":"category","embeddable":true,"href":"https:\/\/www.edder.org\/index.php?rest_route=%2Fwp%2Fv2%2Fcategories&post=1241"},{"taxonomy":"post_tag","embeddable":true,"href":"https:\/\/www.edder.org\/index.php?rest_route=%2Fwp%2Fv2%2Ftags&post=1241"}],"curies":[{"name":"wp","href":"https:\/\/api.w.org\/{rel}","templated":true}]}}