{"id":12352,"date":"2015-09-22T21:20:40","date_gmt":"2015-09-22T20:20:40","guid":{"rendered":"https:\/\/www.edder.org\/?p=12352"},"modified":"2020-06-24T13:02:01","modified_gmt":"2020-06-24T11:02:01","slug":"de-rodezno-a-esparza","status":"publish","type":"post","link":"https:\/\/www.edder.org\/?p=12352","title":{"rendered":"De Rodezno a Esparza"},"content":{"rendered":"<p><img class=\"lazyload\" decoding=\"async\" alt=\"\" src=\"data:image\/gif;base64,R0lGODlhAQABAAAAACH5BAEKAAEALAAAAAABAAEAAAICTAEAOw==\" data-orig-src=\"http:\/\/edder.org\/images\/muertos_cabecera.jpg\" style=\"width: 652px; height: 241px;\" \/><\/p>\n<p>&nbsp;<\/p>\n<p>&nbsp;<\/p>\n<p>En contra de lo que dice Woody Allen en <em>Wild Man Blues<\/em> &ndash;&laquo;Lo peor son los alcaldes&raquo;&ndash;, los alcaldes son de lo mejor que &laquo;el cambio&raquo; ha tra&iacute;do por el momento. Si bien el acalde de Pamplona no anda &uacute;ltimamente muy atinado. Particularmente desacertado me ha parecido Asiron en su decisi&oacute;n de adjudicar la plaza Conde de Rodezno&nbsp; al arquitecto Serapio Esparza.<\/p>\n<p>&nbsp;&nbsp; Particularmente desacertado, en primer lugar, porque los partidos del &laquo;cambio&raquo; no deben desperdiciar la ocasi&oacute;n &ndash;seguramente &uacute;nica&ndash; que tienen de ir m&aacute;s all&aacute; de los cambios cosm&eacute;ticos y producir un cambio verdadero. Cumplir la ley de Memoria Hist&oacute;rica y renombrar la plaza Conde de Rodezno es muy necesario, pero ser&aacute; un cambio meramente cosm&eacute;tico si de paso no se aprovecha la ocasi&oacute;n para plantear de una vez qu&eacute; tiene que hacer Pamplona con el cicl&oacute;peo monumento a los ca&iacute;dos del bando victorioso que pervive en esa plaza &ndash;uno de los contados monumentos fascistas sobrevivido en Europa&ndash;, y por cu&aacute;nto tiempo Pamplona va a seguir conviviendo con los cad&aacute;veres de dos de los golpistas mayores de la historia peninsular, Mola y Sanjurjo, en la cripta del monumento enterrados. Es hora y pasada de discutir el destino del monumento &laquo;a los muertos de la Crvzada&raquo;. No se puede seguir otro siglo m&aacute;s haciendo como que no lo vemos, mientras las v&iacute;ctimas de quienes lo erigieron siguen a la espera de justicia y reparaci&oacute;n. Lo mismo que no se puede aguardar a que uno de estos siglos la Iglesia cat&oacute;lica se aburra de seguir manteniendo y protegiendo, en tan principal lugar de la ciudad, la cripta de los generales sediciosos.<\/p>\n<p>&nbsp;&nbsp; Particularmente desacertado ha estado Asiron, en segundo lugar, al optar por Serapio Esparza como el nombre con que reemplazar al conde de Rodezno y hacer cumplir la ley de Memoria Hist&oacute;rica. A juzgar por la informaci&oacute;n de que disponemos, Serapio Esparza no parece ser <a href=\"https:\/\/www.edder.org\/?p=710\" target=\"_blank\" rel=\"noopener noreferrer\">Javier Y&aacute;rnoz, el arquitecto pamplon&eacute;s que sali&oacute; para el exilio tras la matanza de Valcardera &ndash;donde cay&oacute; asesinado su cu&ntilde;ado, el m&eacute;dico Marino H&uacute;der&ndash;<\/a> y nunca m&aacute;s pudo volver. Por las informaciones del propio Ayuntamiento de Pamplona y las de Colegio de Arquitectos, Serapio Esparza no solo no tuvo que salir corriendo de Pamplona en agosto de 1936, sino que en esas fechas, al haberse quedado en zona republicana Javier Fern&aacute;ndez Golf&iacute;n, arquitecto del edificio en construcci&oacute;n del Gobierno Civil, a Esparza se le adjudic&oacute; la direcci&oacute;n de dicha obra, como arquitecto municipal en ejercicio. Desconozco si se la adjudic&oacute; V&iacute;ctor Eusa &ndash;compa&ntilde;ero de fervores marianos en la Hermandad de la Pasi&oacute;n&ndash;, la Junta de Guerra Carlista &ndash;los mandamases de la Junta codirig&iacute;an con Esparza una caritativa sociedad diocesana&ndash;, Rodezno o qui&eacute;n. Entrado 1937, Eusa, que a partir de entonces fue director de casi todo lo construido en Pamplona, se hizo cargo de la obra del Gobierno Civil. Esparza, lejos de ser represaliado por su anterior militancia peneuvista, sigui&oacute; en Pamplona con lo que el malicioso Jaime Ignacio del Burgo no ha perdido la ocasi&oacute;n de llamar &laquo;su brillante carrera profesional&raquo;, debida &ndash;seg&uacute;n el mismo Del Burgo&ndash; a que &laquo;se adhiri&oacute; al alzamiento&raquo;.<\/p>\n<p>&nbsp; Ciertamente Serapio Esparza, cuya carrera brillaba desde los a&ntilde;os 20, empez&oacute; a construir en el a&ntilde;o 39 el edificio del cruce de la calle San Ferm&iacute;n con Bergam&iacute;n y sigui&oacute; edificando en Pamplona hasta su vejez y hasta donde Eusa dejaba construir a otros. A mediados de los 50 levant&oacute; un edificio en la plaza a la que pr&oacute;ximamente dar&aacute; nombre. No dudo de que Esparza, como adaptador del Plan Cerd&aacute; o como pamplon&eacute;s insigne, merezca una plaza en su ciudad. Como no hay duda de que, para reemplazar en el callejero al ministro de Justicia de los golpistas sublevados, Rodezno, con la dignidad y el respeto que merecen las v&iacute;ctimas del golpe militar y la larga dictadura, hab&iacute;a candidatos mejores.<\/p>\n<p style=\"text-align: right;\">Pamplona, 22 de septiembre de 2015<\/p>\n<p>&nbsp;<\/p>\n<p>ADENDA:<br \/>\n\tCon fecha 31 de agosto de 2016, casi un a&ntilde;o despu&eacute;s de haberse escrito este art&iacute;culo, el alcalde de Pamplona ha anunciado en rueda de prensa el prop&oacute;sito municipal de sacar a los muertos &ndash;generales Mola, Sanjurjo y requet&eacute;s all&iacute; enterrados&ndash; del Monumento a los Muertos de la Crvzada &ndash;el gran &laquo;muerto&raquo; del urbanismo pamplon&eacute;s&ndash; y abrir un debate p&uacute;blico sobre su futuro. Me alegro mucho de ello y, lo mismo que lament&eacute; antes el desacierto del alcalde, celebro ahora lo acertado de la decisi&oacute;n anunciada.<\/p>\n<p>&nbsp;<\/p>\n<p>&nbsp;<\/p>\n<p><span style=\"font-size:16px;\"><strong>Algunos de mis (viejos) art&iacute;culos relacionados:<\/strong><\/span><\/p>\n<p><a href=\"https:\/\/www.edder.org\/?p=12373\" target=\"_blank\" rel=\"noopener noreferrer\">Derruir Los Ca&iacute;dos<\/a> (Navarra Hoy, septiembre 1999)<\/p>\n<p><a href=\"https:\/\/www.edder.org\/?p=12436\" target=\"_blank\" rel=\"noopener noreferrer\">Anselm Kiefer: otras rehabilitaciones<\/a> (Diario de Noticias, octubre 2002)<\/p>\n<p><a href=\"https:\/\/www.edder.org\/?p=12365\" target=\"_blank\" rel=\"noopener noreferrer\">En en el mausoleo de Mola<\/a>&nbsp;(Diario de Noticias, marzo 2003)<\/p>\n<p><a href=\"https:\/\/www.edder.org\/?p=137\" target=\"_blank\" rel=\"noopener noreferrer\">Covadonga reinsurgente<\/a> (Diario de Noticias, febrero 2008)<\/p>\n<p><a href=\"https:\/\/www.edder.org\/?p=481\" target=\"_blank\" rel=\"noopener noreferrer\">Los intocables<\/a> (Diario de Noticias, septiembre 2009)<\/p>\n<p><a href=\"https:\/\/www.edder.org\/?tag=rodezno\" target=\"_blank\" rel=\"noopener noreferrer\">Rodezno<\/a><\/p>\n<p><a href=\"https:\/\/www.edder.org\/?p=617\" target=\"_blank\" rel=\"noopener noreferrer\">Cad&aacute;veres en el s&oacute;tano<\/a> (Diario de Noticias, marzo 2010)<\/p>\n<p><a href=\"https:\/\/www.edder.org\/?p=44\" target=\"_blank\" rel=\"noopener noreferrer\">Gente de Roma<\/a> (Diario de Noticias, mayo 2013)<\/p>\n<p><a href=\"https:\/\/www.edder.org\/?p=710\" target=\"_blank\" rel=\"noopener noreferrer\">Las maletas del arquitecto<\/a> (Diario de Noticias, 7 mayo 2010)<\/p>\n<p><a href=\"https:\/\/www.edder.org\/?p=12369\" target=\"_blank\" rel=\"noopener noreferrer\">Peligro: &iexcl;sonrisa!<\/a> (Diario de Noticias, mayo 2005)<\/p>\n<p><a href=\"https:\/\/www.edder.org\/?p=1180\" target=\"_blank\" rel=\"noopener noreferrer\">Pensadores urbanos<\/a> (Diario de Noticias, noviembre 2010)<\/p>\n<p>&nbsp;<\/p>\n<p><span style=\"font-size:16px;\"><strong>Anexo documental:<\/strong><\/span><\/p>\n<p>Colegio de Arquitectos, <em>Gu&iacute;a de Arquitectura de Pamplona y su comarca<\/em>:<\/p>\n<p><img class=\"lazyload\" decoding=\"async\" alt=\"\" src=\"data:image\/gif;base64,R0lGODlhAQABAAAAACH5BAEKAAEALAAAAAABAAEAAAICTAEAOw==\" data-orig-src=\"http:\/\/edder.org\/images\/gobiernocivil1.jpg\" style=\"width: 624px; height: 1055px;\" \/><\/p>\n<p>&nbsp;<\/p>\n<p>Ayuntamiento de Pamplona:<\/p>\n<p><img class=\"lazyload\" decoding=\"async\" alt=\"\" src=\"data:image\/gif;base64,R0lGODlhAQABAAAAACH5BAEKAAEALAAAAAABAAEAAAICTAEAOw==\" data-orig-src=\"http:\/\/edder.org\/images\/gobiernocivil2.jpg\" style=\"width: 652px; height: 669px;\" \/><\/p>\n<p><img class=\"lazyload\" decoding=\"async\" alt=\"\" src=\"data:image\/gif;base64,R0lGODlhAQABAAAAACH5BAEKAAEALAAAAAABAAEAAAICTAEAOw==\" data-orig-src=\"http:\/\/edder.org\/images\/muertos1.jpg\" style=\"width: 652px; height: 927px;\" \/><\/p>\n<p><img class=\"lazyload\" decoding=\"async\" alt=\"\" src=\"data:image\/gif;base64,R0lGODlhAQABAAAAACH5BAEKAAEALAAAAAABAAEAAAICTAEAOw==\" data-orig-src=\"http:\/\/edder.org\/images\/muertosfranco.jpg\" style=\"width: 652px; height: 326px;\" \/><\/p>\n<p><img class=\"lazyload\" decoding=\"async\" alt=\"\" src=\"data:image\/gif;base64,R0lGODlhAQABAAAAACH5BAEKAAEALAAAAAABAAEAAAICTAEAOw==\" data-orig-src=\"http:\/\/edder.org\/images\/muertos_stolz.jpg\" style=\"width: 652px; height: 489px;\" \/><\/p>\n","protected":false},"excerpt":{"rendered":"<p>&nbsp; &nbsp; En contra de lo que dice Woody Allen en Wild Man Blues &ndash;&laquo;Lo peor son los alcaldes&raquo;&ndash;, los alcaldes son de lo mejor que &laquo;el cambio&raquo; ha tra&iacute;do por el momento. Si bien el acalde de Pamplona no anda &uacute;ltimamente muy atinado. Particularmente desacertado me ha parecido Asiron en su decisi&oacute;n de adjudicar la plaza Conde de Rodezno&nbsp; al arquitecto Serapio Esparza. &nbsp;&nbsp; Particularmente desacertado, en primer lugar, porque los partidos del &laquo;cambio&raquo; no deben desperdiciar la ocasi&oacute;n &ndash;seguramente &uacute;nica&ndash; que tienen de ir m&aacute;s all&aacute; de los cambios cosm&eacute;ticos y producir un cambio verdadero. Cumplir la ley de Memoria Hist&oacute;rica y renombrar la plaza Conde de Rodezno es muy necesario, pero ser&aacute; un cambio meramente cosm&eacute;tico si de paso no se aprovecha la ocasi&oacute;n  [&#8230;]<\/p>\n","protected":false},"author":82,"featured_media":12357,"comment_status":"open","ping_status":"closed","sticky":false,"template":"","format":"standard","meta":{"jetpack_post_was_ever_published":false,"_jetpack_newsletter_access":"","_jetpack_dont_email_post_to_subs":false,"_jetpack_newsletter_tier_id":0,"_jetpack_memberships_contains_paywalled_content":false,"_jetpack_memberships_contains_paid_content":false,"footnotes":"","jetpack_publicize_message":"","jetpack_publicize_feature_enabled":true,"jetpack_social_post_already_shared":true,"jetpack_social_options":{"image_generator_settings":{"template":"highway","default_image_id":0,"font":"","enabled":false},"version":2}},"categories":[1],"tags":[489,41],"class_list":["post-12352","post","type-post","status-publish","format-standard","has-post-thumbnail","hentry","category-sin-categorizar","tag-caidos","tag-rodezno"],"jetpack_publicize_connections":[],"jetpack_featured_media_url":"https:\/\/www.edder.org\/upload\/2015\/09\/caidos.gif","jetpack_shortlink":"https:\/\/wp.me\/p6kHv-3de","jetpack_sharing_enabled":true,"jetpack-related-posts":[{"id":485,"url":"https:\/\/www.edder.org\/?p=485","url_meta":{"origin":12352,"position":0},"title":"Los Rodezno y su esp\u00edritu","author":"Eder","date":"viernes, 9 Oct, 2009","format":false,"excerpt":"Me hab\u00eda prometido no hablar en este curso m\u00e1s que de condados como el de Faulkner. Tambi\u00e9n pensaba hablar \u2013otro a\u00f1o ser\u00e1\u2013 de aquella pel\u00edcula en la que Burt Lancaster va de piscina en piscina: \u201c\u00a1Hoy es el d\u00eda en que Ned Merril atraviesa a nado el condado!\u201d. Pero pese\u2026","rel":"","context":"En \u00abNA\u00bb","block_context":{"text":"NA","link":"https:\/\/www.edder.org\/?cat=3"},"img":{"alt_text":"","src":"","width":0,"height":0},"classes":[]},{"id":1989,"url":"https:\/\/www.edder.org\/?p=1989","url_meta":{"origin":12352,"position":1},"title":"Navarra 1936","author":"Eder","date":"martes, 19 Jul, 2011","format":false,"excerpt":"Esquema aut\u00f3grafo del conde de Rodezno sobre la estructura del poder en Navarra tras el golpe faccioso de 1936. \u00a0 \u2022 \u00a0 El conde de Rodezno, en 1939, desfilando por Pamplona con los insurrectos victoriosos.","rel":"","context":"En \u00abNA\u00bb","block_context":{"text":"NA","link":"https:\/\/www.edder.org\/?cat=3"},"img":{"alt_text":"","src":"https:\/\/i0.wp.com\/www.edder.org\/upload\/2011\/07\/rodezno2.jpg?resize=350%2C200&ssl=1","width":350,"height":200,"srcset":"https:\/\/i0.wp.com\/www.edder.org\/upload\/2011\/07\/rodezno2.jpg?resize=350%2C200&ssl=1 1x, https:\/\/i0.wp.com\/www.edder.org\/upload\/2011\/07\/rodezno2.jpg?resize=525%2C300&ssl=1 1.5x, https:\/\/i0.wp.com\/www.edder.org\/upload\/2011\/07\/rodezno2.jpg?resize=700%2C400&ssl=1 2x, https:\/\/i0.wp.com\/www.edder.org\/upload\/2011\/07\/rodezno2.jpg?resize=1050%2C600&ssl=1 3x"},"classes":[]},{"id":1741,"url":"https:\/\/www.edder.org\/?p=1741","url_meta":{"origin":12352,"position":2},"title":"Burgos hacia 1938","author":"Eder","date":"s\u00e1bado, 23 Abr, 2011","format":false,"excerpt":"","rel":"","context":"En \u00abSin categorizar\u00bb","block_context":{"text":"Sin categorizar","link":"https:\/\/www.edder.org\/?cat=1"},"img":{"alt_text":"","src":"","width":0,"height":0},"classes":[]},{"id":316,"url":"https:\/\/www.edder.org\/?p=316","url_meta":{"origin":12352,"position":3},"title":"Rodezno","author":"Eder","date":"martes, 8 Feb, 2011","format":false,"excerpt":"","rel":"","context":"En \u00abNA\u00bb","block_context":{"text":"NA","link":"https:\/\/www.edder.org\/?cat=3"},"img":{"alt_text":"","src":"","width":0,"height":0},"classes":[]},{"id":1925,"url":"https:\/\/www.edder.org\/?p=1925","url_meta":{"origin":12352,"position":4},"title":"Reggionalismo","author":"Eder","date":"viernes, 3 Jun, 2011","format":false,"excerpt":"","rel":"","context":"En \u00abNA\u00bb","block_context":{"text":"NA","link":"https:\/\/www.edder.org\/?cat=3"},"img":{"alt_text":"","src":"https:\/\/i0.wp.com\/edder.org\/images\/rodezno2.jpg?resize=350%2C200","width":350,"height":200},"classes":[]},{"id":710,"url":"https:\/\/www.edder.org\/?p=710","url_meta":{"origin":12352,"position":5},"title":"Las maletas del arquitecto","author":"Eder","date":"viernes, 7 May, 2010","format":false,"excerpt":"","rel":"","context":"En \u00abNA\u00bb","block_context":{"text":"NA","link":"https:\/\/www.edder.org\/?cat=3"},"img":{"alt_text":"","src":"https:\/\/i0.wp.com\/www.edder.org\/upload\/2010\/05\/huder_yarnoz.jpg?resize=350%2C200&ssl=1","width":350,"height":200,"srcset":"https:\/\/i0.wp.com\/www.edder.org\/upload\/2010\/05\/huder_yarnoz.jpg?resize=350%2C200&ssl=1 1x, https:\/\/i0.wp.com\/www.edder.org\/upload\/2010\/05\/huder_yarnoz.jpg?resize=525%2C300&ssl=1 1.5x"},"classes":[]}],"jetpack_likes_enabled":true,"_links":{"self":[{"href":"https:\/\/www.edder.org\/index.php?rest_route=\/wp\/v2\/posts\/12352","targetHints":{"allow":["GET"]}}],"collection":[{"href":"https:\/\/www.edder.org\/index.php?rest_route=\/wp\/v2\/posts"}],"about":[{"href":"https:\/\/www.edder.org\/index.php?rest_route=\/wp\/v2\/types\/post"}],"author":[{"embeddable":true,"href":"https:\/\/www.edder.org\/index.php?rest_route=\/wp\/v2\/users\/82"}],"replies":[{"embeddable":true,"href":"https:\/\/www.edder.org\/index.php?rest_route=%2Fwp%2Fv2%2Fcomments&post=12352"}],"version-history":[{"count":0,"href":"https:\/\/www.edder.org\/index.php?rest_route=\/wp\/v2\/posts\/12352\/revisions"}],"wp:featuredmedia":[{"embeddable":true,"href":"https:\/\/www.edder.org\/index.php?rest_route=\/wp\/v2\/media\/12357"}],"wp:attachment":[{"href":"https:\/\/www.edder.org\/index.php?rest_route=%2Fwp%2Fv2%2Fmedia&parent=12352"}],"wp:term":[{"taxonomy":"category","embeddable":true,"href":"https:\/\/www.edder.org\/index.php?rest_route=%2Fwp%2Fv2%2Fcategories&post=12352"},{"taxonomy":"post_tag","embeddable":true,"href":"https:\/\/www.edder.org\/index.php?rest_route=%2Fwp%2Fv2%2Ftags&post=12352"}],"curies":[{"name":"wp","href":"https:\/\/api.w.org\/{rel}","templated":true}]}}