{"id":123,"date":"2007-12-21T08:00:36","date_gmt":"2007-12-21T06:00:36","guid":{"rendered":"https:\/\/www.edder.org\/?p=123"},"modified":"2018-07-27T16:38:26","modified_gmt":"2018-07-27T14:38:26","slug":"asi-es-la-vida","status":"publish","type":"post","link":"https:\/\/www.edder.org\/?p=123","title":{"rendered":"As\u00ed es la vida"},"content":{"rendered":"<p>La vida es as\u00ed, o lo que es mismo, as\u00ed es la vida. Tan f\u00fanebre frase, adecuada para cuando ya no hay vida, la pronunci\u00f3 en el Congreso el presidente Zapatero: los socialistas sostienen en Navarra el gobierno de UPN \u2013que acaba de renovar su pacto con el PP, por aquello de estar rezando y con el mazo dando\u2013 y eso es lo que hay, \u201cas\u00ed es la vida\u201d, dijo lapidariamente Zapatero. Despu\u00e9s de los sucesos de agosto que conmocionaron a Navarra, ya supon\u00edamos que, en lo que nos toca por aqu\u00ed, Zapatero quedaba m\u00e1s cerca de Julio Iglesias \u2013la vida sigue igual\u2013 que de Mayo del 68 \u2013cambiar la vida, trasformar la sociedad\u2013. De modo que el marxismo \u2013facci\u00f3n Groucho\u2013 del presidente del Gobierno va incluido en su resignada costataci\u00f3n de que as\u00ed es la vida: no es que la pol\u00edtica haga extra\u00f1os compa\u00f1eros de cama, como se dice, sino que como dijera Groucho, es el matrimonio \u2013enti\u00e9ndase de conveniencia, en este caso pol\u00edtica\u2013 el que hace tan extra\u00f1as y f\u00fanebres parejas como la formada por PSN y UPN. El matrimonio de conveniencia \u2013v\u00e9ase lo dicho por Marx y Engels al respecto\u2013 no excluye sino que lleva impl\u00edcito el adulterio, por lo que la renovaci\u00f3n del pacto de UPN y PP ni inquieta a Zapatero, ni mucho menos rompe su boda de conveniencia en Navarra. Simplemente, la vida, el matrimonio, Espa\u00f1a y yo somos as\u00ed \u2013de tristes\u2013, se\u00f1ora. De ser un poco m\u00e1s marxista \u2013facci\u00f3n Groucho, claro est\u00e1: \u201cEs mejor estar callado y parecer tonto que hablar y despejar todas las dudas\u201d\u2013, Chivite podr\u00eda haberse ahorrado el rid\u00edculo de declarar que del Burgo \u2013UPN\u2013, al renovar pacto con el PP, regala a Rajoy la estatua de los Fueros. Como si la resignad\u00edsima gente de Ferraz no hubiera regalado el gobierno foral al socio del PP, al ver conveniente casarse con \u00e9l. Un Chivite m\u00e1s de los hermanos Marx se hubiera limitado a decir lo que dijo Zapatero y lo que suele decirse, a falta de mejor cosa que decir, cuando ya no hay vida o ninguna esperanza de ella: as\u00ed es la vida. Perdone, se\u00f1ora, que no me levante \u2013por falta de vida propia, obviamente\u2013.<\/p>\n<div align=\"right\">Publicado en <a target=\"blank\" href=\"http:\/\/www.noticiasdenavarra.com\/ediciones\/2007\/12\/21\/opinion\/contra.php\">Diario de Noticias<\/a><img class=\"lazyload\" decoding=\"async\" align=\"right\" title=\"dn\" alt=\"dn\" src=\"data:image\/gif;base64,R0lGODlhAQABAAAAACH5BAEKAAEALAAAAAABAAEAAAICTAEAOw==\" data-orig-src=\"https:\/\/www.edder.org\/images\/dn.gif\" \/><\/div>\n<p><img class=\"lazyload\" decoding=\"async\" src=\"data:image\/gif;base64,R0lGODlhAQABAAAAACH5BAEKAAEALAAAAAABAAEAAAICTAEAOw==\" data-orig-src=\"https:\/\/www.edder.org\/images\/marcas.gif\" alt=\"marcas\" \/><\/p>\n","protected":false},"excerpt":{"rendered":"<p>La vida es as\u00ed, o lo que es mismo, as\u00ed es la vida. Tan f\u00fanebre frase, adecuada para cuando ya no hay vida, la pronunci\u00f3 en el Congreso el presidente Zapatero: los socialistas sostienen en Navarra el gobierno de UPN \u2013que acaba de renovar su pacto con el PP, por aquello de estar rezando y con el mazo dando\u2013 y eso es lo que hay, \u201cas\u00ed es la vida\u201d, dijo lapidariamente Zapatero. Despu\u00e9s de los sucesos de agosto que conmocionaron a Navarra, ya supon\u00edamos que, en lo que nos toca por aqu\u00ed, Zapatero quedaba m\u00e1s cerca de Julio Iglesias \u2013la vida sigue igual\u2013 que de Mayo del 68 \u2013cambiar la vida, trasformar la sociedad\u2013. De modo que el marxismo \u2013facci\u00f3n Groucho\u2013 del presidente del Gobierno va incluido  [&#8230;]<\/p>\n","protected":false},"author":82,"featured_media":0,"comment_status":"open","ping_status":"open","sticky":false,"template":"","format":"standard","meta":{"jetpack_post_was_ever_published":false,"_jetpack_newsletter_access":"","_jetpack_dont_email_post_to_subs":false,"_jetpack_newsletter_tier_id":0,"_jetpack_memberships_contains_paywalled_content":false,"_jetpack_memberships_contains_paid_content":false,"footnotes":"","jetpack_publicize_message":"","jetpack_publicize_feature_enabled":true,"jetpack_social_post_already_shared":false,"jetpack_social_options":{"image_generator_settings":{"template":"highway","default_image_id":0,"font":"","enabled":false},"version":2}},"categories":[3,1],"tags":[],"class_list":["post-123","post","type-post","status-publish","format-standard","hentry","category-na","category-sin-categorizar"],"jetpack_publicize_connections":[],"jetpack_featured_media_url":"","jetpack_shortlink":"https:\/\/wp.me\/p6kHv-1Z","jetpack_sharing_enabled":true,"jetpack-related-posts":[{"id":228,"url":"https:\/\/www.edder.org\/?p=228","url_meta":{"origin":123,"position":0},"title":"Maneras de vivir","author":"Eder","date":"viernes, 30 Ene, 2009","format":false,"excerpt":"","rel":"","context":"En \u00abNA\u00bb","block_context":{"text":"NA","link":"https:\/\/www.edder.org\/?cat=3"},"img":{"alt_text":"","src":"","width":0,"height":0},"classes":[]},{"id":81,"url":"https:\/\/www.edder.org\/?p=81","url_meta":{"origin":123,"position":1},"title":"Camino del Oeste","author":"Eder","date":"viernes, 26 Ene, 2007","format":false,"excerpt":"Todo indica que la conferencia sobre energ\u00edas renovables que el presidente Sanz anunci\u00f3 y nunca dio en Villafranca de los Barros (Extremadura, Espa\u00f1a), tendr\u00e1n ocasi\u00f3n de disfrutarla en pr\u00f3ximas fechas los naturales de la ciudad californiana de San Francisco, que a fin de cuentas es la Badajoz de los Estados\u2026","rel":"","context":"En \u00abNA\u00bb","block_context":{"text":"NA","link":"https:\/\/www.edder.org\/?cat=3"},"img":{"alt_text":"","src":"","width":0,"height":0},"classes":[]},{"id":139,"url":"https:\/\/www.edder.org\/?p=139","url_meta":{"origin":123,"position":2},"title":"Por preguntar","author":"Eder","date":"viernes, 7 Mar, 2008","format":false,"excerpt":"Hubo carta del Gobierno de Navarra. \u201cEl d\u00eda 19 abrimos las puertas del nuevo centro de urgencias Solchaga\u201d. \u00bfNuevo centro de urgencias Solchaga? \u00bfEs el viejo ambulatorio al que en el sitio web del Ayuntamiento de Pamplona se sigue llamando General Solchaga? \u00bfHay nueva denominaci\u00f3n oficial? Si as\u00ed fuera, \u00bfcu\u00e1ndo\u2026","rel":"","context":"En \u00abNA\u00bb","block_context":{"text":"NA","link":"https:\/\/www.edder.org\/?cat=3"},"img":{"alt_text":"","src":"","width":0,"height":0},"classes":[]},{"id":153,"url":"https:\/\/www.edder.org\/?p=153","url_meta":{"origin":123,"position":3},"title":"Mois\u00e9s","author":"Eder","date":"s\u00e1bado, 7 Jun, 2008","format":false,"excerpt":"Dice, \u00bfsab\u00eda que cualificados miembros de la direcci\u00f3n regionalista comentaban el domingo que \u201cDios tiene que ser de UPN\u201d, pues mientras diluviaba en todas partes, en Senda Viva, ese arca de No\u00e9 con dos animales de cada especie donde se celebraba la fiesta del navarrismo, la lluvia ni se insinu\u00f3?\u2026","rel":"","context":"En \u00abNA\u00bb","block_context":{"text":"NA","link":"https:\/\/www.edder.org\/?cat=3"},"img":{"alt_text":"","src":"","width":0,"height":0},"classes":[]},{"id":884,"url":"https:\/\/www.edder.org\/?p=884","url_meta":{"origin":123,"position":4},"title":"\u00abVirt\u00fa\u00bb (por F. Nietzsche)","author":"Eder","date":"mi\u00e9rcoles, 4 Ago, 2010","format":false,"excerpt":"Un h\u00e1bil artesano o sabio parece bien cuando siente el orgullo de su arte y contempla satisfecho y contento la vida. Por el contrario, no hay espect\u00e1culo m\u00e1s lamentable que el de un zapatero o maestro de escuela que da a entender con su aspecto de tristeza que ha nacido\u2026","rel":"","context":"En \u00abLetras\u00bb","block_context":{"text":"Letras","link":"https:\/\/www.edder.org\/?cat=93"},"img":{"alt_text":"","src":"","width":0,"height":0},"classes":[]},{"id":93,"url":"https:\/\/www.edder.org\/?p=93","url_meta":{"origin":123,"position":5},"title":"La pertinaz sequ\u00eda","author":"Eder","date":"viernes, 30 Mar, 2007","format":false,"excerpt":"Ha habido en el \u00faltimo minuto una aut\u00e9ntica riada informativa sobre lo que cuesta un caf\u00e9. Por contra, cabe suponer que para compensar la riada, en esta tierra de secano seguimos con la pertinaz sequ\u00eda de noticias oficiales sobre el precio de la demostraci\u00f3n p\u00fablica de navarr\u00edsimo navarrismo organizada hace\u2026","rel":"","context":"En \u00abNA\u00bb","block_context":{"text":"NA","link":"https:\/\/www.edder.org\/?cat=3"},"img":{"alt_text":"","src":"","width":0,"height":0},"classes":[]}],"jetpack_likes_enabled":true,"_links":{"self":[{"href":"https:\/\/www.edder.org\/index.php?rest_route=\/wp\/v2\/posts\/123","targetHints":{"allow":["GET"]}}],"collection":[{"href":"https:\/\/www.edder.org\/index.php?rest_route=\/wp\/v2\/posts"}],"about":[{"href":"https:\/\/www.edder.org\/index.php?rest_route=\/wp\/v2\/types\/post"}],"author":[{"embeddable":true,"href":"https:\/\/www.edder.org\/index.php?rest_route=\/wp\/v2\/users\/82"}],"replies":[{"embeddable":true,"href":"https:\/\/www.edder.org\/index.php?rest_route=%2Fwp%2Fv2%2Fcomments&post=123"}],"version-history":[{"count":0,"href":"https:\/\/www.edder.org\/index.php?rest_route=\/wp\/v2\/posts\/123\/revisions"}],"wp:attachment":[{"href":"https:\/\/www.edder.org\/index.php?rest_route=%2Fwp%2Fv2%2Fmedia&parent=123"}],"wp:term":[{"taxonomy":"category","embeddable":true,"href":"https:\/\/www.edder.org\/index.php?rest_route=%2Fwp%2Fv2%2Fcategories&post=123"},{"taxonomy":"post_tag","embeddable":true,"href":"https:\/\/www.edder.org\/index.php?rest_route=%2Fwp%2Fv2%2Ftags&post=123"}],"curies":[{"name":"wp","href":"https:\/\/api.w.org\/{rel}","templated":true}]}}