{"id":12261,"date":"2015-09-07T21:12:53","date_gmt":"2015-09-07T20:12:53","guid":{"rendered":"https:\/\/www.edder.org\/?p=12261"},"modified":"2018-07-27T16:36:49","modified_gmt":"2018-07-27T14:36:49","slug":"national-gallery-excedencia-permanente","status":"publish","type":"post","link":"https:\/\/www.edder.org\/?p=12261","title":{"rendered":"National Gallery: excedencia permanente"},"content":{"rendered":"<p>La depredaci&oacute;n neoliberal ronda ahora por los museos p&uacute;blicos, como la National Gallery de Londres, donde los empleados, entre los que se cuentra la protagonista del siguiente v&iacute;deo &ndash;debido a Frederick Wiseman&ndash;, est&aacute;n en serio peligro de encontrarse pronto en lo que aquel personaje de Jean Renoir llamaba eufem&iacute;sticamente una s&uacute;bita &laquo;excedencia ilimitada sin remuneraci&oacute;n&raquo;.<\/p>\n<p style=\"text-align: center;\"><div class=\"fusion-fullwidth fullwidth-box fusion-builder-row-1 hundred-percent-fullwidth non-hundred-percent-height-scrolling\" style=\"--awb-border-radius-top-left:0px;--awb-border-radius-top-right:0px;--awb-border-radius-bottom-right:0px;--awb-border-radius-bottom-left:0px;--awb-overflow:visible;--awb-flex-wrap:wrap;\" ><div class=\"fusion-builder-row fusion-row\"><div class=\"fusion-layout-column fusion_builder_column fusion-builder-column-0 fusion_builder_column_1_1 1_1 fusion-one-full fusion-column-first fusion-column-last fusion-column-no-min-height\" style=\"--awb-bg-size:cover;--awb-margin-bottom:0px;\"><div class=\"fusion-column-wrapper fusion-flex-column-wrapper-legacy\"><div class=\"video-shortcode\"><iframe width=\"1280\" height=\"720\" src=\"https:\/\/www.youtube.com\/embed\/Y2UsUSZLOug?feature=oembed\" frameborder=\"0\" allowfullscreen><\/iframe><\/div>\n<p>&nbsp;<\/p>\n<div class=\"fusion-clearfix\"><\/div><\/div><\/div><\/div><\/div><\/p>\n","protected":false},"excerpt":{"rendered":"<p>La depredaci&oacute;n neoliberal ronda ahora por los museos p&uacute;blicos, como la National Gallery de Londres, donde los empleados, entre los que se cuentra la protagonista del siguiente v&iacute;deo &ndash;debido a Frederick Wiseman&ndash;, est&aacute;n en serio peligro de encontrarse pronto en lo que aquel personaje de Jean Renoir llamaba eufem&iacute;sticamente una s&uacute;bita &laquo;excedencia ilimitada sin remuneraci&oacute;n&raquo;.<\/p>\n","protected":false},"author":82,"featured_media":12264,"comment_status":"open","ping_status":"closed","sticky":false,"template":"","format":"standard","meta":{"jetpack_post_was_ever_published":false,"_jetpack_newsletter_access":"","_jetpack_dont_email_post_to_subs":false,"_jetpack_newsletter_tier_id":0,"_jetpack_memberships_contains_paywalled_content":false,"_jetpack_memberships_contains_paid_content":false,"footnotes":"","jetpack_publicize_message":"","jetpack_publicize_feature_enabled":true,"jetpack_social_post_already_shared":true,"jetpack_social_options":{"image_generator_settings":{"template":"highway","default_image_id":0,"font":"","enabled":false},"version":2}},"categories":[1],"tags":[188,319],"class_list":["post-12261","post","type-post","status-publish","format-standard","has-post-thumbnail","hentry","category-sin-categorizar","tag-renoir","tag-wiseman"],"jetpack_publicize_connections":[],"jetpack_featured_media_url":"https:\/\/www.edder.org\/upload\/2015\/09\/guia.gif","jetpack_shortlink":"https:\/\/wp.me\/p6kHv-3bL","jetpack_sharing_enabled":true,"jetpack-related-posts":[{"id":11656,"url":"https:\/\/www.edder.org\/?p=11656","url_meta":{"origin":12261,"position":0},"title":"Diferencias entre la polic\u00eda espa\u00f1ola y la brit\u00e1nica","author":"Eder","date":"martes, 12 May, 2015","format":false,"excerpt":"Paseo del Prado (Madrid): la polic\u00eda espa\u00f1ola esposa a un peligroso anciano que exhib\u00eda una pancarta en contra de la subida de precios en el trasporte p\u00fablico: Foto: Olga Rodr\u00edguez. \u00a0 Trafalgar Square: agentes de la Polic\u00eda Metropolitana de Londres facilita la protesta de un grupo de ecologistas que asaltan\u2026","rel":"","context":"En \u00abSin categorizar\u00bb","block_context":{"text":"Sin categorizar","link":"https:\/\/www.edder.org\/?cat=1"},"img":{"alt_text":"","src":"https:\/\/i0.wp.com\/www.edder.org\/upload\/2015\/05\/mini.jpg?resize=350%2C200&ssl=1","width":350,"height":200,"srcset":"https:\/\/i0.wp.com\/www.edder.org\/upload\/2015\/05\/mini.jpg?resize=350%2C200&ssl=1 1x, https:\/\/i0.wp.com\/www.edder.org\/upload\/2015\/05\/mini.jpg?resize=525%2C300&ssl=1 1.5x"},"classes":[]},{"id":2344,"url":"https:\/\/www.edder.org\/?p=2344","url_meta":{"origin":12261,"position":1},"title":"Renoir &#038; Renoir","author":"Eder","date":"martes, 21 Feb, 2012","format":false,"excerpt":"","rel":"","context":"En \u00abArtes\u00bb","block_context":{"text":"Artes","link":"https:\/\/www.edder.org\/?cat=85"},"img":{"alt_text":"","src":"","width":0,"height":0},"classes":[]},{"id":12980,"url":"https:\/\/www.edder.org\/?p=12980","url_meta":{"origin":12261,"position":2},"title":"Renoir, el viento, cartas de Am\u00e9rica","author":"Eder","date":"jueves, 2 Jun, 2016","format":false,"excerpt":"Lleg\u00f3 el nuevo viento y con \u00e9l la primavera. Los alegres ritos de siempre que representan las tentaciones humanas. Los hind\u00faes celebran la llegada de la nueva estaci\u00f3n. \u00a0","rel":"","context":"En \u00abCine\u00bb","block_context":{"text":"Cine","link":"https:\/\/www.edder.org\/?cat=79"},"img":{"alt_text":"","src":"https:\/\/i0.wp.com\/www.edder.org\/upload\/2016\/06\/river.jpg?resize=350%2C200&ssl=1","width":350,"height":200},"classes":[]},{"id":13037,"url":"https:\/\/www.edder.org\/?p=13037","url_meta":{"origin":12261,"position":3},"title":"De repente, el vendaval","author":"Eder","date":"viernes, 24 Jun, 2016","format":false,"excerpt":"","rel":"","context":"En \u00abArtes\u00bb","block_context":{"text":"Artes","link":"https:\/\/www.edder.org\/?cat=85"},"img":{"alt_text":"","src":"https:\/\/i0.wp.com\/www.edder.org\/upload\/2016\/06\/06.jpg?resize=350%2C200&ssl=1","width":350,"height":200},"classes":[]},{"id":1431,"url":"https:\/\/www.edder.org\/?p=1431","url_meta":{"origin":12261,"position":4},"title":"Una lista de Susan Sontag","author":"Eder","date":"mi\u00e9rcoles, 9 Feb, 2011","format":false,"excerpt":"","rel":"","context":"En \u00abCine\u00bb","block_context":{"text":"Cine","link":"https:\/\/www.edder.org\/?cat=79"},"img":{"alt_text":"","src":"","width":0,"height":0},"classes":[]},{"id":3423,"url":"https:\/\/www.edder.org\/?p=3423","url_meta":{"origin":12261,"position":5},"title":"Grandes almacenes (por Frederick Wiseman)","author":"Eder","date":"domingo, 29 Dic, 2013","format":false,"excerpt":"The Store:","rel":"","context":"En \u00abCine\u00bb","block_context":{"text":"Cine","link":"https:\/\/www.edder.org\/?cat=79"},"img":{"alt_text":"","src":"","width":0,"height":0},"classes":[]}],"jetpack_likes_enabled":true,"_links":{"self":[{"href":"https:\/\/www.edder.org\/index.php?rest_route=\/wp\/v2\/posts\/12261","targetHints":{"allow":["GET"]}}],"collection":[{"href":"https:\/\/www.edder.org\/index.php?rest_route=\/wp\/v2\/posts"}],"about":[{"href":"https:\/\/www.edder.org\/index.php?rest_route=\/wp\/v2\/types\/post"}],"author":[{"embeddable":true,"href":"https:\/\/www.edder.org\/index.php?rest_route=\/wp\/v2\/users\/82"}],"replies":[{"embeddable":true,"href":"https:\/\/www.edder.org\/index.php?rest_route=%2Fwp%2Fv2%2Fcomments&post=12261"}],"version-history":[{"count":0,"href":"https:\/\/www.edder.org\/index.php?rest_route=\/wp\/v2\/posts\/12261\/revisions"}],"wp:featuredmedia":[{"embeddable":true,"href":"https:\/\/www.edder.org\/index.php?rest_route=\/wp\/v2\/media\/12264"}],"wp:attachment":[{"href":"https:\/\/www.edder.org\/index.php?rest_route=%2Fwp%2Fv2%2Fmedia&parent=12261"}],"wp:term":[{"taxonomy":"category","embeddable":true,"href":"https:\/\/www.edder.org\/index.php?rest_route=%2Fwp%2Fv2%2Fcategories&post=12261"},{"taxonomy":"post_tag","embeddable":true,"href":"https:\/\/www.edder.org\/index.php?rest_route=%2Fwp%2Fv2%2Ftags&post=12261"}],"curies":[{"name":"wp","href":"https:\/\/api.w.org\/{rel}","templated":true}]}}