{"id":12229,"date":"2015-09-03T19:00:31","date_gmt":"2015-09-03T18:00:31","guid":{"rendered":"https:\/\/www.edder.org\/?p=12229"},"modified":"2018-07-27T16:36:49","modified_gmt":"2018-07-27T14:36:49","slug":"pasan-los-gobiernos-pegenaute-premanece","status":"publish","type":"post","link":"https:\/\/www.edder.org\/?p=12229","title":{"rendered":"Pasan los gobiernos, los pegenautes \u00abpremanecen\u00bb"},"content":{"rendered":"<p style=\"text-align: center;\"><img decoding=\"async\" alt=\"\" class=\"lazyload alignnone\" height=\"349\" src=\"data:image\/svg+xml,%3Csvg%20xmlns%3D%27http%3A%2F%2Fwww.w3.org%2F2000%2Fsvg%27%20width%3D%27595%27%20height%3D%27349%27%20viewBox%3D%270%200%20595%20349%27%3E%3Crect%20width%3D%27595%27%20height%3D%27349%27%20fill-opacity%3D%220%22%2F%3E%3C%2Fsvg%3E\" data-orig-src=\"http:\/\/edder.org\/images\/pegenaute.jpg\" width=\"595\" \/><\/p>\n<p>Vanidad de vanidades. El Gobierno &laquo;sin fierezas&raquo; &ndash;el de la gobernanta que en campa&ntilde;a electoral promet&iacute;a cambio profundo y una vez elegida invita a no hacerse &laquo;ilusiones infantiles&raquo;, <em>lasziate ogni illusione <\/em>(informa Radio Macuto de que las cocinas privatizadas de los hospitales no volver&aacute;n a dar el buen servicio p&uacute;blico que daban as&iacute; como as&iacute;)&ndash;; el Gobierno &laquo;sin fierezas&raquo;, digo, no pudo sustraerse al populacherismo a ras de suelo de retratarse como se hab&iacute;an retratado el gobierno anterior y el que precedi&oacute; a aquel: en la tribuna presidencial del Osasuna, covachuela alibabesca donde a&uacute;n impregnar&aacute; el aire un irrespirable tufo a carpetovet&oacute;nico mangui futbolero, de esos que entran y salen del trullo tan guapa e impasiblemente con su <em>Aundi<\/em>, enti&eacute;ndase, con un pedazo de Audi&hellip;<\/p>\n<p>El Gobierno <em>sans f&eacute;rocit&eacute;<\/em> &ndash;<em>start the revolution without me<\/em>&ndash;, el Gobierno que se dice del &laquo;cambio tranquilo&raquo; &ndash;tranquilidad es lo que promet&iacute;a en campa&ntilde;a electoral el <a href=\"https:\/\/www.edder.org\/?p=11666\" target=\"_blank\">candidato inmovilista<\/a> del partido anteriormente gobernante, ese al que la parroquia no vot&oacute; con la vana ilusi&oacute;n de que quiz&aacute; as&iacute; algo cambiar&iacute;a&ndash;; el Gobierno en ejercicio, la presidenta del Gobierno y su consejera de Cultura &ndash;la misma que ha confirmado por ser de su &laquo;plena confianza&raquo; al gerente del Baluarte y todo su equipo, lo que sin duda habr&aacute; dado una enorme tranquilidad tanto a los aficionados a la zarzuela como a los altos funcionarios digitalmente designados por el gobierno anterior&ndash; se han retratado en el mismo lugar, con el mismo aire de senadores romanos excitados por las fieras del circo que en su d&iacute;a exhibieron Barcina y Corpas, los gobernantes anteriores, de tan infausta memoria. Se han retratado en la misma cueva de Ali Bab&aacute; donde Miguel Sanz, el casi olvidado presidente que precedi&oacute; a la predecesora de la actual presidenta, se fum&oacute; tan buenos puros. Pasan los gobiernos, las fieras permanecen.<\/p>\n<p>En la foto que Javier Bergasa y Mikel Saiz hicieron de tan inefable momento de futbol&iacute;stico gozo gubernamental, por delante del alcalde capitalino y de la suma gobernanta se ve, junto a la tribuna presidencial, en un lugar de privilegio al incombustible forofo osasunista &ndash;<em>very important forofo&ndash;<\/em> y eterno alto cargo de la funci&oacute;n p&uacute;blica, quiz&aacute; ya jubilado, Pedro Pegenaute. Lo que me trae el recuerdo de la imperturbable casta de mandarines chinos que se sentaban a ver pasar los cad&aacute;veres de los sucesivos gobernantes que el incesante fluir de la historia les deparaba. Me trae el recuerdo de eso y de la inmortal jota baturra que dice:<\/p>\n<p style=\"text-align: center;\">&laquo;No se pue contimparar<br \/>\n\tun charco con una juente;<br \/>\n\tsale el sol, se seca el charco<br \/>\n\ty la juente premanece&raquo;.<\/p>\n<p>Pasan los gobiernos, los <em>pregenautes<\/em> &laquo;premanecen&raquo;.<\/p>\n<p style=\"text-align: center;\">&bull;&bull;&bull;<\/p>\n<p>&Uacute;ltimas noticias:<\/p>\n<p>Localizado en Palma de Mallorca el marido de la exconsejera navarra de Sanidad que privatiz&oacute; las cocinas de los hospitales p&uacute;blicos de Navarra, donde representa a la exconsejera balear de Sanidad, enredada en un embrollo judicial de corrupci&oacute;n. Otro navarro con proyecci&oacute;n allende nuestras mugas.<\/p>\n<p><img decoding=\"async\" alt=\"\" class=\"lazyload aligncenter\" height=\"500\" src=\"data:image\/svg+xml,%3Csvg%20xmlns%3D%27http%3A%2F%2Fwww.w3.org%2F2000%2Fsvg%27%20width%3D%27652%27%20height%3D%27500%27%20viewBox%3D%270%200%20652%20500%27%3E%3Crect%20width%3D%27652%27%20height%3D%27500%27%20fill-opacity%3D%220%22%2F%3E%3C%2Fsvg%3E\" data-orig-src=\"http:\/\/edder.org\/images\/erenchun.jpg\" width=\"652\" \/><\/p>\n<p style=\"text-align: center;\">&bull;&bull;&bull;<\/p>\n<p>Anexo documental:<\/p>\n<p><img decoding=\"async\" alt=\"\" class=\"lazyload aligncenter\" height=\"278\" src=\"data:image\/svg+xml,%3Csvg%20xmlns%3D%27http%3A%2F%2Fwww.w3.org%2F2000%2Fsvg%27%20width%3D%27656%27%20height%3D%27278%27%20viewBox%3D%270%200%20656%20278%27%3E%3Crect%20width%3D%27656%27%20height%3D%27278%27%20fill-opacity%3D%220%22%2F%3E%3C%2Fsvg%3E\" data-orig-src=\"http:\/\/edder.org\/images\/fierezas1.jpg\" width=\"656\" \/><\/p>\n<p><img decoding=\"async\" alt=\"\" class=\"lazyload aligncenter\" height=\"319\" src=\"data:image\/svg+xml,%3Csvg%20xmlns%3D%27http%3A%2F%2Fwww.w3.org%2F2000%2Fsvg%27%20width%3D%27496%27%20height%3D%27319%27%20viewBox%3D%270%200%20496%20319%27%3E%3Crect%20width%3D%27496%27%20height%3D%27319%27%20fill-opacity%3D%220%22%2F%3E%3C%2Fsvg%3E\" data-orig-src=\"http:\/\/edder.org\/images\/fierezas2.jpg\" width=\"496\" \/><\/p>\n","protected":false},"excerpt":{"rendered":"<p>Vanidad de vanidades. El Gobierno &laquo;sin fierezas&raquo; &ndash;el de la gobernanta que en campa&ntilde;a electoral promet&iacute;a cambio profundo y una vez elegida invita a no hacerse &laquo;ilusiones infantiles&raquo;, lasziate ogni illusione (informa Radio Macuto de que las cocinas privatizadas de los hospitales no volver&aacute;n a dar el buen servicio p&uacute;blico que daban as&iacute; como as&iacute;)&ndash;; el Gobierno &laquo;sin fierezas&raquo;, digo, no pudo sustraerse al populacherismo a ras de suelo de retratarse como se hab&iacute;an retratado el gobierno anterior y el que precedi&oacute; a aquel: en la tribuna presidencial del Osasuna, covachuela alibabesca donde a&uacute;n impregnar&aacute; el aire un irrespirable tufo a carpetovet&oacute;nico mangui futbolero, de esos que entran y salen del trullo tan guapa e impasiblemente con su Aundi, enti&eacute;ndase, con un pedazo de Audi&hellip; El Gobierno  [&#8230;]<\/p>\n","protected":false},"author":82,"featured_media":12253,"comment_status":"open","ping_status":"closed","sticky":false,"template":"","format":"standard","meta":{"jetpack_post_was_ever_published":false,"_jetpack_newsletter_access":"","_jetpack_dont_email_post_to_subs":false,"_jetpack_newsletter_tier_id":0,"_jetpack_memberships_contains_paywalled_content":false,"_jetpack_memberships_contains_paid_content":false,"footnotes":"","jetpack_publicize_message":"","jetpack_publicize_feature_enabled":true,"jetpack_social_post_already_shared":true,"jetpack_social_options":{"image_generator_settings":{"template":"highway","default_image_id":0,"font":"","enabled":false},"version":2}},"categories":[3,485],"tags":[],"class_list":["post-12229","post","type-post","status-publish","format-standard","has-post-thumbnail","hentry","category-na","category-postal-expres"],"jetpack_publicize_connections":[],"jetpack_featured_media_url":"https:\/\/www.edder.org\/upload\/2015\/09\/pegenaute2.jpg","jetpack_shortlink":"https:\/\/wp.me\/p6kHv-3bf","jetpack_sharing_enabled":true,"jetpack-related-posts":[{"id":123,"url":"https:\/\/www.edder.org\/?p=123","url_meta":{"origin":12229,"position":0},"title":"As\u00ed es la vida","author":"Eder","date":"viernes, 21 Dic, 2007","format":false,"excerpt":"La vida es as\u00ed, o lo que es mismo, as\u00ed es la vida. Tan f\u00fanebre frase, adecuada para cuando ya no hay vida, la pronunci\u00f3 en el Congreso el presidente Zapatero: los socialistas sostienen en Navarra el gobierno de UPN \u2013que acaba de renovar su pacto con el PP, por\u2026","rel":"","context":"En \u00abNA\u00bb","block_context":{"text":"NA","link":"https:\/\/www.edder.org\/?cat=3"},"img":{"alt_text":"","src":"","width":0,"height":0},"classes":[]},{"id":333,"url":"https:\/\/www.edder.org\/?p=333","url_meta":{"origin":12229,"position":1},"title":"Emergencias","author":"Eder","date":"viernes, 3 Abr, 2009","format":false,"excerpt":"M\u00e1s sorprendente que el consejero del ramo tur\u00edstico-cultural disponga de un helic\u00f3ptero de emergencias para menesteres tan dudosamente apremiantes como hacerse fotos con un director de cine \u2013luego enviadas en exclusiva a la prensa de su predilecci\u00f3n\u2013; m\u00e1s sorprendente que eso, y dejando de lado lo grotesco del episodio, del\u2026","rel":"","context":"En \u00abNA\u00bb","block_context":{"text":"NA","link":"https:\/\/www.edder.org\/?cat=3"},"img":{"alt_text":"","src":"","width":0,"height":0},"classes":[]},{"id":69,"url":"https:\/\/www.edder.org\/?p=69","url_meta":{"origin":12229,"position":2},"title":"En sus trece","author":"Eder","date":"viernes, 3 Nov, 2006","format":false,"excerpt":"Si la hay, la oposici\u00f3n debe apresurarse a solicitar el inmediato ingreso del portavoz del Gobierno en el patronato de la Fundaci\u00f3n Arte Viva. En tan molusca fundaci\u00f3n, iba a estar en su salsa y en la m\u00e1s grata de las compa\u00f1\u00edas. La higa ???no de Monreal, sino el desprecio,\u2026","rel":"","context":"En \u00abNA\u00bb","block_context":{"text":"NA","link":"https:\/\/www.edder.org\/?cat=3"},"img":{"alt_text":"","src":"","width":0,"height":0},"classes":[]},{"id":693,"url":"https:\/\/www.edder.org\/?p=693","url_meta":{"origin":12229,"position":3},"title":"\u2018Hiyab\u2019 y \u2018burka\u2019, hoy y aqu\u00ed","author":"Eder","date":"viernes, 23 Abr, 2010","format":false,"excerpt":"Cuando se vaya, echaremos de menos \u2013como ahora echamos de m\u00e1s\u2013 a ese gran estadista que es Miguel Sanz. Si Sanz anda de por medio, enti\u00e9ndase por estadista al incondicional del equipo que sin falta acude al estadio para sufrir lo que le echen y m\u00e1s. Pues en menos de\u2026","rel":"","context":"En \u00abNA\u00bb","block_context":{"text":"NA","link":"https:\/\/www.edder.org\/?cat=3"},"img":{"alt_text":"","src":"","width":0,"height":0},"classes":[]},{"id":335,"url":"https:\/\/www.edder.org\/?p=335","url_meta":{"origin":12229,"position":4},"title":"Astracanada","author":"Eder","date":"viernes, 10 Abr, 2009","format":false,"excerpt":"La comparecencia parlamentaria por el uso del helic\u00f3ptero que lleva estampado el n\u00famero de emergencias pas\u00f3 de lo esperp\u00e9ntico a la astracanada cuando el consejero Corpas se qued\u00f3 tan fresco despu\u00e9s de decir que, de haberse producido una emergencia mientras \u00e9l y su sufrido equipo volaban hacia la inexpugnable cumbre\u2026","rel":"","context":"En \u00abNA\u00bb","block_context":{"text":"NA","link":"https:\/\/www.edder.org\/?cat=3"},"img":{"alt_text":"","src":"","width":0,"height":0},"classes":[]},{"id":80,"url":"https:\/\/www.edder.org\/?p=80","url_meta":{"origin":12229,"position":5},"title":"Las mentiras de los Sanz","author":"Eder","date":"viernes, 19 Ene, 2007","format":false,"excerpt":"Alguno de los Sanz miente. Alguno de los Sanz miente y no es Alejandro. O si Alejandro Sanz miente, all\u00e1 pel\u00edculas: el cantante no preside ning\u00fan gobierno auton\u00f3mico. Por su parte, parece m\u00e1s que comprobado que Miguel Sanz enton\u00f3 el pasado s\u00e1bado sentidas jotas de su repertorio en la localidad\u2026","rel":"","context":"En \u00abNA\u00bb","block_context":{"text":"NA","link":"https:\/\/www.edder.org\/?cat=3"},"img":{"alt_text":"","src":"","width":0,"height":0},"classes":[]}],"jetpack_likes_enabled":true,"_links":{"self":[{"href":"https:\/\/www.edder.org\/index.php?rest_route=\/wp\/v2\/posts\/12229","targetHints":{"allow":["GET"]}}],"collection":[{"href":"https:\/\/www.edder.org\/index.php?rest_route=\/wp\/v2\/posts"}],"about":[{"href":"https:\/\/www.edder.org\/index.php?rest_route=\/wp\/v2\/types\/post"}],"author":[{"embeddable":true,"href":"https:\/\/www.edder.org\/index.php?rest_route=\/wp\/v2\/users\/82"}],"replies":[{"embeddable":true,"href":"https:\/\/www.edder.org\/index.php?rest_route=%2Fwp%2Fv2%2Fcomments&post=12229"}],"version-history":[{"count":0,"href":"https:\/\/www.edder.org\/index.php?rest_route=\/wp\/v2\/posts\/12229\/revisions"}],"wp:featuredmedia":[{"embeddable":true,"href":"https:\/\/www.edder.org\/index.php?rest_route=\/wp\/v2\/media\/12253"}],"wp:attachment":[{"href":"https:\/\/www.edder.org\/index.php?rest_route=%2Fwp%2Fv2%2Fmedia&parent=12229"}],"wp:term":[{"taxonomy":"category","embeddable":true,"href":"https:\/\/www.edder.org\/index.php?rest_route=%2Fwp%2Fv2%2Fcategories&post=12229"},{"taxonomy":"post_tag","embeddable":true,"href":"https:\/\/www.edder.org\/index.php?rest_route=%2Fwp%2Fv2%2Ftags&post=12229"}],"curies":[{"name":"wp","href":"https:\/\/api.w.org\/{rel}","templated":true}]}}