{"id":121,"date":"2007-12-07T08:00:22","date_gmt":"2007-12-07T06:00:22","guid":{"rendered":"https:\/\/www.edder.org\/?p=121"},"modified":"2018-07-27T16:38:28","modified_gmt":"2018-07-27T14:38:28","slug":"comprension-lectora","status":"publish","type":"post","link":"https:\/\/www.edder.org\/?p=121","title":{"rendered":"Comprensi\u00f3n lectora"},"content":{"rendered":"<p>Que andamos mal de compresi\u00f3n lectora, en Navarra y fuera de ella, estaba visto, pese a llevar gafas o precisamente por llevarlas. No hac\u00eda falta esperar al informe PISA. Lo primero que nota hoy el gafoso de verdad necesitado de gafas \u2013no el que las llevan como complemento\u2013 es que los redise\u00f1adores actuales de tan viejo invento tienen una compresi\u00f3n lectora muy escasa del concepto \u2018gafas\u2019. Las gafas fueron concebidas para ver, para subsanar en lo posible las deficiencias de visi\u00f3n. \u00c9sa era la idea, \u00e9se es el concepto que hay que comprender. En sus redise\u00f1os actuales, invariablemente firmados por Armani y compa\u00f1\u00eda \u2013hasta el punto de que es imposible encontrar en las \u00f3pticas gafas que no sean de un dise\u00f1ador c\u00e9lebre: c\u00e9lebre por sus dise\u00f1os de trajes de noche, perfumes, joyas o marroquiner\u00eda\u2013, las gafas son antes que nada un complemento de imagen, pensado no tanto para ver cuanto para ser visto. El concepto, pues, ha sido invertido y pervertido. La forma se ha divorciado de una funci\u00f3n a la que responde mal e impera en un universo estetizado. La forma dominante \u2013un rect\u00e1ngulo de pasta de unos cinco por dos cent\u00edmetros\u2013 limita el campo de visi\u00f3n, obliga a diversas torsiones musculares, su sujeci\u00f3n \u2013exageradamente ancha o fr\u00e1gilmente estrecha\u2013 se desajusta a los dos d\u00edas del estreno y el sino de los materiales con que est\u00e1 hecha es la fungibilidad: autodestruirse aceleradamente para mayor gloria del comercio. El mal de las gafas es el que aqueja a las supuestas esculturas de Ciriza o a nuestras fastuosas inauguraciones de obras p\u00fablicas: el concepto de escultura o de servicio p\u00fablico es en ellas residual, frente al imperio del adorno y el r\u00e9dito pol\u00edtico \u2013la imagen triunfal\u2013. De hecho, como acaba de demostrar la gerifalta m\u00e1xima de Pamplona al colocar una placa diminuta e ilegible en la Vuelta del Castillo en homenaje a los all\u00ed fusilados, la intelecci\u00f3n lectora, la compresi\u00f3n de los hechos y los conceptos, si no la propia legibilidad, es para algunos el enemigo a batir.<\/p>\n<div align=\"right\">Publicado en <a target=\"blank\" href=\"http:\/\/www.noticiasdenavarra.com\/ediciones\/2007\/12\/07\/opinion\/contra.php\">Diario de Noticias<\/a><img class=\"lazyload\" decoding=\"async\" align=\"right\" title=\"dn\" alt=\"dn\" src=\"data:image\/gif;base64,R0lGODlhAQABAAAAACH5BAEKAAEALAAAAAABAAEAAAICTAEAOw==\" data-orig-src=\"https:\/\/www.edder.org\/images\/dn.gif\" \/><\/div>\n<p><img class=\"lazyload\" decoding=\"async\" src=\"data:image\/gif;base64,R0lGODlhAQABAAAAACH5BAEKAAEALAAAAAABAAEAAAICTAEAOw==\" data-orig-src=\"https:\/\/www.edder.org\/images\/marcas.gif\" alt=\"marcas\" \/><\/p>\n","protected":false},"excerpt":{"rendered":"<p>Que andamos mal de compresi\u00f3n lectora, en Navarra y fuera de ella, estaba visto, pese a llevar gafas o precisamente por llevarlas. No hac\u00eda falta esperar al informe PISA. Lo primero que nota hoy el gafoso de verdad necesitado de gafas \u2013no el que las llevan como complemento\u2013 es que los redise\u00f1adores actuales de tan viejo invento tienen una compresi\u00f3n lectora muy escasa del concepto \u2018gafas\u2019. Las gafas fueron concebidas para ver, para subsanar en lo posible las deficiencias de visi\u00f3n. \u00c9sa era la idea, \u00e9se es el concepto que hay que comprender. En sus redise\u00f1os actuales, invariablemente firmados por Armani y compa\u00f1\u00eda \u2013hasta el punto de que es imposible encontrar en las \u00f3pticas gafas que no sean de un dise\u00f1ador c\u00e9lebre: c\u00e9lebre por sus dise\u00f1os de  [&#8230;]<\/p>\n","protected":false},"author":82,"featured_media":0,"comment_status":"open","ping_status":"open","sticky":false,"template":"","format":"standard","meta":{"jetpack_post_was_ever_published":false,"_jetpack_newsletter_access":"","_jetpack_dont_email_post_to_subs":false,"_jetpack_newsletter_tier_id":0,"_jetpack_memberships_contains_paywalled_content":false,"_jetpack_memberships_contains_paid_content":false,"footnotes":"","jetpack_publicize_message":"","jetpack_publicize_feature_enabled":true,"jetpack_social_post_already_shared":false,"jetpack_social_options":{"image_generator_settings":{"template":"highway","default_image_id":0,"font":"","enabled":false},"version":2}},"categories":[3,1],"tags":[],"class_list":["post-121","post","type-post","status-publish","format-standard","hentry","category-na","category-sin-categorizar"],"jetpack_publicize_connections":[],"jetpack_featured_media_url":"","jetpack_shortlink":"https:\/\/wp.me\/p6kHv-1X","jetpack_sharing_enabled":true,"jetpack-related-posts":[{"id":1908,"url":"https:\/\/www.edder.org\/?p=1908","url_meta":{"origin":121,"position":0},"title":"Lectora","author":"Eder","date":"martes, 31 May, 2011","format":false,"excerpt":"\u00a0 \u00a0","rel":"","context":"En \u00abCine\u00bb","block_context":{"text":"Cine","link":"https:\/\/www.edder.org\/?cat=79"},"img":{"alt_text":"","src":"","width":0,"height":0},"classes":[]},{"id":356,"url":"https:\/\/www.edder.org\/?p=356","url_meta":{"origin":121,"position":1},"title":"Vel\u00e1zquez ma\u00f1ana","author":"Eder","date":"viernes, 8 May, 2009","format":false,"excerpt":"Y as\u00ed Vel\u00e1zquez trueca las mitolog\u00edas en rufianer\u00edas, dice no s\u00e9 qui\u00e9n \u2013\u00bfBergam\u00edn, d\u2019Ors, Oteiza?\u2013, ahora no recuerdo d\u00f3nde. Pero antes de recordar, hablemos de Galipienzo, como manda la actualidad. Y as\u00ed el ex alcalde del Valle de Eg\u00fc\u00e9s, ya que no honroso u honor\u00edfico alcalde de Zalamea, junto con\u2026","rel":"","context":"En \u00abNA\u00bb","block_context":{"text":"NA","link":"https:\/\/www.edder.org\/?cat=3"},"img":{"alt_text":"","src":"","width":0,"height":0},"classes":[]},{"id":2243,"url":"https:\/\/www.edder.org\/?p=2243","url_meta":{"origin":121,"position":2},"title":"La lectrice","author":"Eder","date":"martes, 27 Dic, 2011","format":false,"excerpt":"\u00a0","rel":"","context":"En \u00abCine\u00bb","block_context":{"text":"Cine","link":"https:\/\/www.edder.org\/?cat=79"},"img":{"alt_text":"","src":"","width":0,"height":0},"classes":[]},{"id":3944,"url":"https:\/\/www.edder.org\/?p=3944","url_meta":{"origin":121,"position":3},"title":"Virna Pieralisi, 1936-2014","author":"Eder","date":"lunes, 22 Dic, 2014","format":false,"excerpt":"Los caballeros (casados) las prefieren rubias... \u00a0 Pero tambi\u00e9n prometen casarse (en segundas nupcias) con las morenas: \u00a0 \u2014 Cosa fai? Piangi adesso? \u2014 No, piove! \u2014 Porca vacca! \u2022 Virna Lisi lectora de T. S. Eliot:","rel":"","context":"En \u00abCine\u00bb","block_context":{"text":"Cine","link":"https:\/\/www.edder.org\/?cat=79"},"img":{"alt_text":"","src":"https:\/\/i0.wp.com\/www.edder.org\/upload\/2014\/12\/Screen-Shot-2015-07-31-at-22.15.54.png?resize=350%2C200&ssl=1","width":350,"height":200},"classes":[]},{"id":12475,"url":"https:\/\/www.edder.org\/?p=12475","url_meta":{"origin":121,"position":4},"title":"Barcina y ol\u00e9 (el Yoli Style)","author":"Eder","date":"mi\u00e9rcoles, 14 Oct, 2015","format":false,"excerpt":"Probablemente, la persona con menos verg\u00fcenza de la historia navarra del siglo XXI y parte del XX (desde que se apropi\u00f3 de los desvanes de su edificio para hacer un \u00e1tico de lujo al desembarco en Moviestar +, pasando por las dietas de la CAN luego trasmutadas en complemento gubernamental).\u2026","rel":"","context":"En \u00abSin categorizar\u00bb","block_context":{"text":"Sin categorizar","link":"https:\/\/www.edder.org\/?cat=1"},"img":{"alt_text":"","src":"https:\/\/i0.wp.com\/edder.org\/images\/Barcina\/barcina_shameless2.jpg?resize=350%2C200","width":350,"height":200,"srcset":"https:\/\/i0.wp.com\/edder.org\/images\/Barcina\/barcina_shameless2.jpg?resize=350%2C200 1x, https:\/\/i0.wp.com\/edder.org\/images\/Barcina\/barcina_shameless2.jpg?resize=525%2C300 1.5x, https:\/\/i0.wp.com\/edder.org\/images\/Barcina\/barcina_shameless2.jpg?resize=700%2C400 2x"},"classes":[]},{"id":119,"url":"https:\/\/www.edder.org\/?p=119","url_meta":{"origin":121,"position":5},"title":"Con p\u00f3lvora del Reyno","author":"Eder","date":"viernes, 23 Nov, 2007","format":false,"excerpt":"Con p\u00f3lvora del Rey, \u00a1Dios qu\u00e9 buenos ca\u00f1onazos se tiran! Y con p\u00f3lvora del Reyno, qu\u00e9 bonitos saraos se organizan. Encantadora velada, seg\u00fan rezaban ayer las cr\u00f3nicas, la celebrada en Madrid \u2013con el ameno prop\u00f3sito de confraternizar\u2013 a instancia de nuestra delegaci\u00f3n diplom\u00e1tica en la Villa y Corte. S\u00ed, la\u2026","rel":"","context":"En \u00abNA\u00bb","block_context":{"text":"NA","link":"https:\/\/www.edder.org\/?cat=3"},"img":{"alt_text":"","src":"","width":0,"height":0},"classes":[]}],"jetpack_likes_enabled":true,"_links":{"self":[{"href":"https:\/\/www.edder.org\/index.php?rest_route=\/wp\/v2\/posts\/121","targetHints":{"allow":["GET"]}}],"collection":[{"href":"https:\/\/www.edder.org\/index.php?rest_route=\/wp\/v2\/posts"}],"about":[{"href":"https:\/\/www.edder.org\/index.php?rest_route=\/wp\/v2\/types\/post"}],"author":[{"embeddable":true,"href":"https:\/\/www.edder.org\/index.php?rest_route=\/wp\/v2\/users\/82"}],"replies":[{"embeddable":true,"href":"https:\/\/www.edder.org\/index.php?rest_route=%2Fwp%2Fv2%2Fcomments&post=121"}],"version-history":[{"count":0,"href":"https:\/\/www.edder.org\/index.php?rest_route=\/wp\/v2\/posts\/121\/revisions"}],"wp:attachment":[{"href":"https:\/\/www.edder.org\/index.php?rest_route=%2Fwp%2Fv2%2Fmedia&parent=121"}],"wp:term":[{"taxonomy":"category","embeddable":true,"href":"https:\/\/www.edder.org\/index.php?rest_route=%2Fwp%2Fv2%2Fcategories&post=121"},{"taxonomy":"post_tag","embeddable":true,"href":"https:\/\/www.edder.org\/index.php?rest_route=%2Fwp%2Fv2%2Ftags&post=121"}],"curies":[{"name":"wp","href":"https:\/\/api.w.org\/{rel}","templated":true}]}}