{"id":12071,"date":"2015-08-03T21:12:59","date_gmt":"2015-08-03T20:12:59","guid":{"rendered":"https:\/\/www.edder.org\/?p=12071"},"modified":"2022-12-28T09:01:47","modified_gmt":"2022-12-28T08:01:47","slug":"el-salto-al-olimpo-los-que-pueden-prometer-y-prometeos","status":"publish","type":"post","link":"https:\/\/www.edder.org\/?p=12071","title":{"rendered":"El salto al Olimpo: los que pueden prometer y Prometeo"},"content":{"rendered":"<table style=\"width: 470px;\" border=\"0\" width=\"411\" cellspacing=\"1\" cellpadding=\"1\" align=\"center\">\n<tbody>\n<tr>\n<td style=\"width: 19px;\">&nbsp;<\/td>\n<td style=\"width: 426px;\"><span style=\"font-size: 14px;\">Buscando desesperadamente la inmortalidad\u2026<\/span><\/td>\n<td style=\"width: 7px;\"><\/td>\n<\/tr>\n<tr>\n<td style=\"width: 19px;\"><\/td>\n<td style=\"width: 426px;\"><\/td>\n<td style=\"width: 7px;\"><\/td>\n<\/tr>\n<tr>\n<td style=\"width: 19px;\"><\/td>\n<td style=\"width: 426px;\"><span style=\"font-size: 14px;\">Tras asaltar los cielos para liberar a los mortales, Prometeo pas\u00f3 en el C\u00e1ucaso treinta, mil o treinta mil a\u00f1os \u2013la cifra var\u00eda seg\u00fan los cronistas\u2013. Pero Zeus, que le estaba secretamente reconocido, accedi\u00f3 a liberarlo, siempre y cuando alguien ocupara su lugar. El centauro Quir\u00f3n, al que una herida envenenada produc\u00eda dolores horrendos y buscaba desesperadamente la muerte, se ofreci\u00f3 a substituirlo. Y as\u00ed Prometeo hizo suya la inmortalidad del centauro y vivi\u00f3 en adelante entre los ol\u00edmpicos.<br \/>\nHoy, los que pueden prometer y prometen, pero no son Prometeo, m\u00e1s pros\u00e1icamente intentan el salto al Olimpo habilitando a final de legislatura una generosa partida presupuestaria con la que \u00abser inmortalizados\u00bb \u2013como vulgarmente se llama a la pintura de un retrato, aunque el pintor no sea Vel\u00e1zquez ni el retratado Juan de Pareja\u2013 que va de los ocho mil euros largos (Y. Barcina) a los ochenta y tantos mil (J. Bono o J. M. Aznar).<br \/>\nDado el espa\u00f1ol\u00edsimo vicio de enquistarse como pol\u00edtico profesional en una sucesi\u00f3n de cargos p\u00fablicos hasta llegar a la edad de la jubilaci\u00f3n, hay padres de la patria que se han expuesto a los pinceles una y otra vez.<\/span><\/td>\n<td style=\"width: 7px;\"><\/td>\n<\/tr>\n<tr>\n<td style=\"width: 19px;\"><\/td>\n<td dir=\"rtl\" style=\"width: 426px; text-align: center;\">&nbsp;<\/p>\n<p><span style=\"font-size: 14px;\"><img class=\"lazyload\" decoding=\"async\" style=\"width: 340px; height: 318px; float: left;\" src=\"data:image\/gif;base64,R0lGODlhAQABAAAAACH5BAEKAAEALAAAAAABAAEAAAICTAEAOw==\" data-orig-src=\"http:\/\/edder.org\/images\/bono1.jpg\" alt=\"\" \/><\/span><\/td>\n<td style=\"width: 7px;\"><\/td>\n<\/tr>\n<tr>\n<td style=\"width: 19px;\"><\/td>\n<td style=\"width: 426px;\"><span style=\"font-size: 14px;\"><img class=\"lazyload\" decoding=\"async\" src=\"data:image\/gif;base64,R0lGODlhAQABAAAAACH5BAEKAAEALAAAAAABAAEAAAICTAEAOw==\" data-orig-src=\"http:\/\/edder.org\/images\/retrato_bono.jpg\" alt=\"\" \/><img class=\"lazyload\" decoding=\"async\" style=\"width: 340px; height: 475px; float: left;\" src=\"data:image\/gif;base64,R0lGODlhAQABAAAAACH5BAEKAAEALAAAAAABAAEAAAICTAEAOw==\" data-orig-src=\"http:\/\/edder.org\/images\/bono22.jpg\" alt=\"\" \/><\/span><\/td>\n<td style=\"width: 7px;\"><\/td>\n<\/tr>\n<tr>\n<td style=\"width: 19px;\"><\/td>\n<td style=\"width: 426px;\"><span style=\"font-size: 14px;\"><img class=\"lazyload\" decoding=\"async\" style=\"width: 231px; height: 393px; float: left;\" src=\"data:image\/gif;base64,R0lGODlhAQABAAAAACH5BAEKAAEALAAAAAABAAEAAAICTAEAOw==\" data-orig-src=\"http:\/\/edder.org\/images\/barcina_salaberri2.jpg\" alt=\"\" \/><\/span><\/td>\n<td style=\"width: 7px;\"><\/td>\n<\/tr>\n<tr>\n<td style=\"width: 19px;\"><\/td>\n<td style=\"width: 426px;\"><span style=\"font-size: 14px;\"><img class=\"lazyload\" decoding=\"async\" style=\"width: 340px; height: 412px; float: left;\" src=\"data:image\/gif;base64,R0lGODlhAQABAAAAACH5BAEKAAEALAAAAAABAAEAAAICTAEAOw==\" data-orig-src=\"http:\/\/edder.org\/images\/barcina_gogni.jpg\" alt=\"\" \/><\/span><\/td>\n<td style=\"width: 7px;\">&nbsp;<\/p>\n<p>&nbsp;<\/p>\n<p>&nbsp;<\/td>\n<\/tr>\n<\/tbody>\n<\/table>\n<p>&nbsp;<\/p>\n<table style=\"width: 756.5px;\" border=\"0\" cellspacing=\"1\" cellpadding=\"1\" align=\"center\">\n<tbody>\n<tr>\n<td><\/td>\n<td style=\"width: 611px;\"><span style=\"font-size: 14px;\"><img class=\"lazyload\" decoding=\"async\" style=\"width: 482px; height: 310px;\" src=\"data:image\/gif;base64,R0lGODlhAQABAAAAACH5BAEKAAEALAAAAAABAAEAAAICTAEAOw==\" data-orig-src=\"http:\/\/edder.org\/images\/retratp_wert.jpg\" alt=\"\" \/><\/span><\/td>\n<td style=\"width: 1.5px;\"><\/td>\n<\/tr>\n<tr>\n<td><\/td>\n<td style=\"width: 611px;\"><\/td>\n<td style=\"width: 1.5px;\"><\/td>\n<\/tr>\n<tr>\n<td><\/td>\n<td style=\"width: 611px;\"><\/td>\n<td style=\"width: 1.5px;\"><\/td>\n<\/tr>\n<tr>\n<td><\/td>\n<td style=\"width: 611px;\"><span style=\"font-size: 14px;\"><img class=\"lazyload\" decoding=\"async\" style=\"width: 735px; height: 459px;\" src=\"data:image\/gif;base64,R0lGODlhAQABAAAAACH5BAEKAAEALAAAAAABAAEAAAICTAEAOw==\" data-orig-src=\"http:\/\/edder.org\/images\/bono3.jpg\" alt=\"\" \/><\/span><\/td>\n<td style=\"width: 1.5px;\"><\/td>\n<\/tr>\n<tr>\n<td><\/td>\n<td style=\"width: 611px;\"><\/td>\n<td style=\"width: 1.5px;\"><\/td>\n<\/tr>\n<\/tbody>\n<\/table>\n<p>&nbsp;<\/p>\n<p>&nbsp;<\/p>\n<p>&nbsp;<\/p>\n<p>&nbsp;<\/p>\n","protected":false},"excerpt":{"rendered":"<p>&nbsp; Buscando desesperadamente la inmortalidad\u2026 Tras asaltar los cielos para liberar a los mortales, Prometeo pas\u00f3 en el C\u00e1ucaso treinta, mil o treinta mil a\u00f1os \u2013la cifra var\u00eda seg\u00fan los cronistas\u2013. Pero Zeus, que le estaba secretamente reconocido, accedi\u00f3 a liberarlo, siempre y cuando alguien ocupara su lugar. El centauro Quir\u00f3n, al que una herida envenenada produc\u00eda dolores horrendos y buscaba desesperadamente la muerte, se ofreci\u00f3 a substituirlo. Y as\u00ed Prometeo hizo suya la inmortalidad del centauro y vivi\u00f3 en adelante entre los ol\u00edmpicos. Hoy, los que pueden prometer y prometen, pero no son Prometeo, m\u00e1s pros\u00e1icamente intentan el salto al Olimpo habilitando a final de legislatura una generosa partida presupuestaria con la que \u00abser inmortalizados\u00bb \u2013como vulgarmente se llama a la pintura de un retrato, aunque  [&#8230;]<\/p>\n","protected":false},"author":82,"featured_media":12075,"comment_status":"open","ping_status":"closed","sticky":false,"template":"","format":"standard","meta":{"jetpack_post_was_ever_published":false,"_jetpack_newsletter_access":"","_jetpack_dont_email_post_to_subs":false,"_jetpack_newsletter_tier_id":0,"_jetpack_memberships_contains_paywalled_content":false,"_jetpack_memberships_contains_paid_content":false,"footnotes":"","jetpack_publicize_message":"","jetpack_publicize_feature_enabled":true,"jetpack_social_post_already_shared":true,"jetpack_social_options":{"image_generator_settings":{"template":"highway","default_image_id":0,"font":"","enabled":false},"version":2}},"categories":[85,1],"tags":[],"class_list":["post-12071","post","type-post","status-publish","format-standard","has-post-thumbnail","hentry","category-artes","category-sin-categorizar"],"jetpack_publicize_connections":[],"jetpack_featured_media_url":"https:\/\/www.edder.org\/upload\/2015\/08\/bono2.jpg","jetpack_shortlink":"https:\/\/wp.me\/p6kHv-38H","jetpack_sharing_enabled":true,"jetpack-related-posts":[{"id":3857,"url":"https:\/\/www.edder.org\/?p=3857","url_meta":{"origin":12071,"position":0},"title":"Al asalto del cielo (por A. Camus)","author":"Eder","date":"s\u00e1bado, 22 Nov, 2014","format":false,"excerpt":"","rel":"","context":"En \u00abLetras\u00bb","block_context":{"text":"Letras","link":"https:\/\/www.edder.org\/?cat=93"},"img":{"alt_text":"","src":"https:\/\/i0.wp.com\/www.edder.org\/upload\/2014\/11\/Camus_barca.jpg?resize=350%2C200&ssl=1","width":350,"height":200},"classes":[]},{"id":3832,"url":"https:\/\/www.edder.org\/?p=3832","url_meta":{"origin":12071,"position":1},"title":"Asaltar los cielos (por M. V\u00e1zquez Montalb\u00e1n)","author":"Eder","date":"domingo, 16 Nov, 2014","format":false,"excerpt":"","rel":"","context":"En \u00abLetras\u00bb","block_context":{"text":"Letras","link":"https:\/\/www.edder.org\/?cat=93"},"img":{"alt_text":"","src":"https:\/\/i0.wp.com\/www.edder.org\/upload\/2014\/11\/montalban.jpg?resize=350%2C200&ssl=1","width":350,"height":200},"classes":[]},{"id":3465,"url":"https:\/\/www.edder.org\/?p=3465","url_meta":{"origin":12071,"position":2},"title":"Epifan\u00eda (nel senso pasoliniano)","author":"Eder","date":"lunes, 6 Ene, 2014","format":false,"excerpt":"Epifan\u00eda, nel primo senso: \u00a0 Tiene la palabra Bernardo Bertolucci:","rel":"","context":"En \u00abArtes\u00bb","block_context":{"text":"Artes","link":"https:\/\/www.edder.org\/?cat=85"},"img":{"alt_text":"","src":"https:\/\/i0.wp.com\/edder.org\/images\/epifania.jpg?resize=350%2C200","width":350,"height":200,"srcset":"https:\/\/i0.wp.com\/edder.org\/images\/epifania.jpg?resize=350%2C200 1x, https:\/\/i0.wp.com\/edder.org\/images\/epifania.jpg?resize=525%2C300 1.5x"},"classes":[]},{"id":631,"url":"https:\/\/www.edder.org\/?p=631","url_meta":{"origin":12071,"position":3},"title":"Treinta y tres","author":"Eder","date":"viernes, 2 Abr, 2010","format":false,"excerpt":"Treinta y tres: la edad Cristo y la de Godard a la altura de aquella pel\u00edcula en la que los protagonistas bat\u00edan el r\u00e9cord de Jim Johnson, el americano que \u201chizo\u201d \u2013ya que ver no pudo\u2013 el Louvre en nueve minutos y cuarenta y cinco segundos. Casi cincuenta a\u00f1os despu\u00e9s\u2026","rel":"","context":"En \u00abCine\u00bb","block_context":{"text":"Cine","link":"https:\/\/www.edder.org\/?cat=79"},"img":{"alt_text":"","src":"","width":0,"height":0},"classes":[]},{"id":48024,"url":"https:\/\/www.edder.org\/?p=48024","url_meta":{"origin":12071,"position":4},"title":"Miserias y herencias del franquismo","author":"Eder","date":"mi\u00e9rcoles, 11 Mar, 2026","format":false,"excerpt":"","rel":"","context":"En \u00abActualidades\u00bb","block_context":{"text":"Actualidades","link":"https:\/\/www.edder.org\/?cat=802"},"img":{"alt_text":"","src":"https:\/\/i0.wp.com\/www.edder.org\/upload\/2026\/03\/abrazo.png?resize=350%2C200&ssl=1","width":350,"height":200,"srcset":"https:\/\/i0.wp.com\/www.edder.org\/upload\/2026\/03\/abrazo.png?resize=350%2C200&ssl=1 1x, https:\/\/i0.wp.com\/www.edder.org\/upload\/2026\/03\/abrazo.png?resize=525%2C300&ssl=1 1.5x"},"classes":[]},{"id":12675,"url":"https:\/\/www.edder.org\/?p=12675","url_meta":{"origin":12071,"position":5},"title":"Panglosiano y pamplon\u00e9s (valga la redundancia)","author":"Eder","date":"s\u00e1bado, 2 Ene, 2016","format":false,"excerpt":"En el Diario de Noticias de hoy (pp. 32-33) se descubre que, as\u00ed como Teruo Nakamura no se rindi\u00f3 al ej\u00e9rcito norteamericano hasta 30 a\u00f1os despu\u00e9s de que hubiese acabado la II Guerra Mundial, en los \u00faltimos treinta a\u00f1os ha habido en el ayuntamiento de Pamplona, oculto en un alg\u00fan\u2026","rel":"","context":"En \u00abNA\u00bb","block_context":{"text":"NA","link":"https:\/\/www.edder.org\/?cat=3"},"img":{"alt_text":"","src":"https:\/\/i0.wp.com\/www.edder.org\/upload\/2016\/01\/candido.jpg?resize=350%2C200&ssl=1","width":350,"height":200},"classes":[]}],"jetpack_likes_enabled":true,"_links":{"self":[{"href":"https:\/\/www.edder.org\/index.php?rest_route=\/wp\/v2\/posts\/12071","targetHints":{"allow":["GET"]}}],"collection":[{"href":"https:\/\/www.edder.org\/index.php?rest_route=\/wp\/v2\/posts"}],"about":[{"href":"https:\/\/www.edder.org\/index.php?rest_route=\/wp\/v2\/types\/post"}],"author":[{"embeddable":true,"href":"https:\/\/www.edder.org\/index.php?rest_route=\/wp\/v2\/users\/82"}],"replies":[{"embeddable":true,"href":"https:\/\/www.edder.org\/index.php?rest_route=%2Fwp%2Fv2%2Fcomments&post=12071"}],"version-history":[{"count":0,"href":"https:\/\/www.edder.org\/index.php?rest_route=\/wp\/v2\/posts\/12071\/revisions"}],"wp:featuredmedia":[{"embeddable":true,"href":"https:\/\/www.edder.org\/index.php?rest_route=\/wp\/v2\/media\/12075"}],"wp:attachment":[{"href":"https:\/\/www.edder.org\/index.php?rest_route=%2Fwp%2Fv2%2Fmedia&parent=12071"}],"wp:term":[{"taxonomy":"category","embeddable":true,"href":"https:\/\/www.edder.org\/index.php?rest_route=%2Fwp%2Fv2%2Fcategories&post=12071"},{"taxonomy":"post_tag","embeddable":true,"href":"https:\/\/www.edder.org\/index.php?rest_route=%2Fwp%2Fv2%2Ftags&post=12071"}],"curies":[{"name":"wp","href":"https:\/\/api.w.org\/{rel}","templated":true}]}}