{"id":11913,"date":"2015-07-21T21:12:20","date_gmt":"2015-07-21T20:12:20","guid":{"rendered":"https:\/\/www.edder.org\/?p=11913"},"modified":"2018-07-27T16:36:51","modified_gmt":"2018-07-27T14:36:51","slug":"llamadas-basura-movistar","status":"publish","type":"post","link":"https:\/\/www.edder.org\/?p=11913","title":{"rendered":"Llamadas basura Movistar"},"content":{"rendered":"<div class=\"item-title upload-cursor-pointer\">Llamadas basura para abandonar tu compa&ntilde;&iacute;a telef&oacute;nica y firmar con la competencia. Oferta de &laquo;portabilidad&raquo;.<\/div>\n<p style=\"text-align: center;\"><div class=\"fusion-fullwidth fullwidth-box fusion-builder-row-1 hundred-percent-fullwidth non-hundred-percent-height-scrolling\" style=\"--awb-border-radius-top-left:0px;--awb-border-radius-top-right:0px;--awb-border-radius-bottom-right:0px;--awb-border-radius-bottom-left:0px;--awb-overflow:visible;--awb-flex-wrap:wrap;\" ><div class=\"fusion-builder-row fusion-row\"><div class=\"fusion-layout-column fusion_builder_column fusion-builder-column-0 fusion_builder_column_1_1 1_1 fusion-one-full fusion-column-first fusion-column-last fusion-column-no-min-height\" style=\"--awb-bg-size:cover;--awb-margin-bottom:0px;\"><div class=\"fusion-column-wrapper fusion-flex-column-wrapper-legacy\"><div class=\"video-shortcode\"><iframe title=\"Llamada para pasarse a Movistar. Oferta de portabilidad\" width=\"1200\" height=\"900\" src=\"https:\/\/www.youtube.com\/embed\/x2LTcvMFBNg?feature=oembed\" frameborder=\"0\" allow=\"accelerometer; autoplay; clipboard-write; encrypted-media; gyroscope; picture-in-picture; web-share\" allowfullscreen><\/iframe><\/div>\n<div class=\"fusion-clearfix\"><\/div><\/div><\/div><\/div><\/div><\/p>\n","protected":false},"excerpt":{"rendered":"<p>Llamadas basura para abandonar tu compa&ntilde;&iacute;a telef&oacute;nica y firmar con la competencia. Oferta de &laquo;portabilidad&raquo;.<\/p>\n","protected":false},"author":82,"featured_media":11914,"comment_status":"open","ping_status":"closed","sticky":false,"template":"","format":"standard","meta":{"jetpack_post_was_ever_published":false,"_jetpack_newsletter_access":"","_jetpack_dont_email_post_to_subs":false,"_jetpack_newsletter_tier_id":0,"_jetpack_memberships_contains_paywalled_content":false,"_jetpack_memberships_contains_paid_content":false,"footnotes":"","jetpack_publicize_message":"","jetpack_publicize_feature_enabled":true,"jetpack_social_post_already_shared":true,"jetpack_social_options":{"image_generator_settings":{"template":"highway","default_image_id":0,"font":"","enabled":false},"version":2}},"categories":[1],"tags":[],"class_list":["post-11913","post","type-post","status-publish","format-standard","has-post-thumbnail","hentry","category-sin-categorizar"],"jetpack_publicize_connections":[],"jetpack_featured_media_url":"https:\/\/www.edder.org\/upload\/2015\/07\/famiglia-movistar.png","jetpack_shortlink":"https:\/\/wp.me\/p6kHv-369","jetpack_sharing_enabled":true,"jetpack-related-posts":[{"id":11729,"url":"https:\/\/www.edder.org\/?p=11729","url_meta":{"origin":11913,"position":0},"title":"Remake","author":"Eder","date":"domingo, 31 May, 2015","format":false,"excerpt":"Secuencia de Gimme Shelter (Maysles Bros., 1970): \u00a0 \u00a0 Cartel de Una paloma se pos\u00f3 en una rama (Roy Andersson, 2014): [\/fusion_builder_column][\/fusion_builder_row][\/fusion_builder_container]","rel":"","context":"En \u00abSin categorizar\u00bb","block_context":{"text":"Sin categorizar","link":"https:\/\/www.edder.org\/?cat=1"},"img":{"alt_text":"","src":"https:\/\/i0.wp.com\/www.edder.org\/upload\/2015\/05\/Sin-ti%CC%81tulo-12.gif?resize=350%2C200&ssl=1","width":350,"height":200},"classes":[]},{"id":122,"url":"https:\/\/www.edder.org\/?p=122","url_meta":{"origin":11913,"position":1},"title":"Basura","author":"Eder","date":"viernes, 14 Dic, 2007","format":false,"excerpt":"Nueve de la ma\u00f1ana y aqu\u00ed tenemos la primera llamada basura del d\u00eda: \u201cDon Javier, \u00bfqu\u00e9 le parecer\u00eda a usted, por la mitad de precio que paga a su actual compa\u00f1\u00eda telef\u00f3nica, tener una conexi\u00f3n a internet de 20 megas, un antivirus gratuito y una Biblia en hebreo de regalo?\u201d.\u2026","rel":"","context":"En \u00abSin categorizar\u00bb","block_context":{"text":"Sin categorizar","link":"https:\/\/www.edder.org\/?cat=1"},"img":{"alt_text":"","src":"","width":0,"height":0},"classes":[]},{"id":42997,"url":"https:\/\/www.edder.org\/?p=42997","url_meta":{"origin":11913,"position":2},"title":"Futbolmarianismo y regionalcatolicismo de los siglos XX y XXI","author":"Eder","date":"mi\u00e9rcoles, 21 Ago, 2024","format":false,"excerpt":"","rel":"","context":"En \u00abPrehistoria contempor\u00e1nea\u00bb","block_context":{"text":"Prehistoria contempor\u00e1nea","link":"https:\/\/www.edder.org\/?cat=90"},"img":{"alt_text":"","src":"https:\/\/i0.wp.com\/www.edder.org\/upload\/2024\/08\/athletic_begogna.png?resize=350%2C200&ssl=1","width":350,"height":200,"srcset":"https:\/\/i0.wp.com\/www.edder.org\/upload\/2024\/08\/athletic_begogna.png?resize=350%2C200&ssl=1 1x, https:\/\/i0.wp.com\/www.edder.org\/upload\/2024\/08\/athletic_begogna.png?resize=525%2C300&ssl=1 1.5x, https:\/\/i0.wp.com\/www.edder.org\/upload\/2024\/08\/athletic_begogna.png?resize=700%2C400&ssl=1 2x, https:\/\/i0.wp.com\/www.edder.org\/upload\/2024\/08\/athletic_begogna.png?resize=1050%2C600&ssl=1 3x"},"classes":[]},{"id":42283,"url":"https:\/\/www.edder.org\/?p=42283","url_meta":{"origin":11913,"position":3},"title":"Fuerzas vivas navarras: procesi\u00f3n, homil\u00eda y cinef\u00f3rum","author":"Eder","date":"jueves, 25 Ene, 2024","format":false,"excerpt":"","rel":"","context":"En \u00abCine\u00bb","block_context":{"text":"Cine","link":"https:\/\/www.edder.org\/?cat=79"},"img":{"alt_text":"","src":"https:\/\/i0.wp.com\/www.edder.org\/upload\/2024\/01\/Screenshot-2024-01-25-at-22.02.39.png?resize=350%2C200&ssl=1","width":350,"height":200,"srcset":"https:\/\/i0.wp.com\/www.edder.org\/upload\/2024\/01\/Screenshot-2024-01-25-at-22.02.39.png?resize=350%2C200&ssl=1 1x, https:\/\/i0.wp.com\/www.edder.org\/upload\/2024\/01\/Screenshot-2024-01-25-at-22.02.39.png?resize=525%2C300&ssl=1 1.5x, https:\/\/i0.wp.com\/www.edder.org\/upload\/2024\/01\/Screenshot-2024-01-25-at-22.02.39.png?resize=700%2C400&ssl=1 2x, https:\/\/i0.wp.com\/www.edder.org\/upload\/2024\/01\/Screenshot-2024-01-25-at-22.02.39.png?resize=1050%2C600&ssl=1 3x"},"classes":[]},{"id":14930,"url":"https:\/\/www.edder.org\/?p=14930","url_meta":{"origin":11913,"position":4},"title":"Doinel en la \u00e9poca de Facebook","author":"Eder","date":"s\u00e1bado, 29 Dic, 2018","format":false,"excerpt":"El peri\u00f3dico de ayer \u2013\u00abNo haya nada m\u00e1s viejo que el peri\u00f3dico de ayer\u00bb\u2013 contaba que una Antoniette Doinel de nuestros d\u00edas \u2013los d\u00edas de las llamadas redes sociales\u2013, una adolescente de quince a\u00f1os que como Antoine Doinel en Les quatre cents coups hab\u00eda salido corriendo del centro de reclusi\u00f3n\u2026","rel":"","context":"En \u00abCine\u00bb","block_context":{"text":"Cine","link":"https:\/\/www.edder.org\/?cat=79"},"img":{"alt_text":"","src":"https:\/\/i0.wp.com\/www.edder.org\/upload\/2018\/12\/doinel.jpg?resize=350%2C200&ssl=1","width":350,"height":200,"srcset":"https:\/\/i0.wp.com\/www.edder.org\/upload\/2018\/12\/doinel.jpg?resize=350%2C200&ssl=1 1x, https:\/\/i0.wp.com\/www.edder.org\/upload\/2018\/12\/doinel.jpg?resize=525%2C300&ssl=1 1.5x, https:\/\/i0.wp.com\/www.edder.org\/upload\/2018\/12\/doinel.jpg?resize=700%2C400&ssl=1 2x, https:\/\/i0.wp.com\/www.edder.org\/upload\/2018\/12\/doinel.jpg?resize=1050%2C600&ssl=1 3x"},"classes":[]},{"id":118,"url":"https:\/\/www.edder.org\/?p=118","url_meta":{"origin":11913,"position":5},"title":"El cliente","author":"Eder","date":"viernes, 16 Nov, 2007","format":false,"excerpt":"El cliente, lejos de tener siempre la raz\u00f3n, como dec\u00eda el t\u00f3pico \u2013si verdadero o falso no importa ahora: el caso es que el t\u00f3pico elevaba al cliente a la categor\u00eda de sujeto decisivo de toda transacci\u00f3n\u2013, es en el panorama de las nuevas relaciones comerciales un factor despreciable de\u2026","rel":"","context":"En \u00abNA\u00bb","block_context":{"text":"NA","link":"https:\/\/www.edder.org\/?cat=3"},"img":{"alt_text":"","src":"","width":0,"height":0},"classes":[]}],"jetpack_likes_enabled":true,"_links":{"self":[{"href":"https:\/\/www.edder.org\/index.php?rest_route=\/wp\/v2\/posts\/11913","targetHints":{"allow":["GET"]}}],"collection":[{"href":"https:\/\/www.edder.org\/index.php?rest_route=\/wp\/v2\/posts"}],"about":[{"href":"https:\/\/www.edder.org\/index.php?rest_route=\/wp\/v2\/types\/post"}],"author":[{"embeddable":true,"href":"https:\/\/www.edder.org\/index.php?rest_route=\/wp\/v2\/users\/82"}],"replies":[{"embeddable":true,"href":"https:\/\/www.edder.org\/index.php?rest_route=%2Fwp%2Fv2%2Fcomments&post=11913"}],"version-history":[{"count":0,"href":"https:\/\/www.edder.org\/index.php?rest_route=\/wp\/v2\/posts\/11913\/revisions"}],"wp:featuredmedia":[{"embeddable":true,"href":"https:\/\/www.edder.org\/index.php?rest_route=\/wp\/v2\/media\/11914"}],"wp:attachment":[{"href":"https:\/\/www.edder.org\/index.php?rest_route=%2Fwp%2Fv2%2Fmedia&parent=11913"}],"wp:term":[{"taxonomy":"category","embeddable":true,"href":"https:\/\/www.edder.org\/index.php?rest_route=%2Fwp%2Fv2%2Fcategories&post=11913"},{"taxonomy":"post_tag","embeddable":true,"href":"https:\/\/www.edder.org\/index.php?rest_route=%2Fwp%2Fv2%2Ftags&post=11913"}],"curies":[{"name":"wp","href":"https:\/\/api.w.org\/{rel}","templated":true}]}}