{"id":11908,"date":"2015-07-21T17:02:56","date_gmt":"2015-07-21T16:02:56","guid":{"rendered":"https:\/\/www.edder.org\/?p=11908"},"modified":"2018-07-27T16:36:51","modified_gmt":"2018-07-27T14:36:51","slug":"cambio-change-aldaketa","status":"publish","type":"post","link":"https:\/\/www.edder.org\/?p=11908","title":{"rendered":"Cambio, change, aldaketa"},"content":{"rendered":"<p><img class=\"lazyload\" decoding=\"async\" alt=\"\" src=\"data:image\/gif;base64,R0lGODlhAQABAAAAACH5BAEKAAEALAAAAAABAAEAAAICTAEAOw==\" data-orig-src=\"http:\/\/edder.org\/images\/barcina-barkos.gif\" style=\"width: 850px; height: 541px;\" \/><br \/>\n\t&nbsp;<\/p>\n","protected":false},"excerpt":{"rendered":"<p>&nbsp;<\/p>\n","protected":false},"author":82,"featured_media":11912,"comment_status":"open","ping_status":"closed","sticky":false,"template":"","format":"standard","meta":{"jetpack_post_was_ever_published":false,"_jetpack_newsletter_access":"","_jetpack_dont_email_post_to_subs":false,"_jetpack_newsletter_tier_id":0,"_jetpack_memberships_contains_paywalled_content":false,"_jetpack_memberships_contains_paid_content":false,"footnotes":"","jetpack_publicize_message":"","jetpack_publicize_feature_enabled":true,"jetpack_social_post_already_shared":true,"jetpack_social_options":{"image_generator_settings":{"template":"highway","default_image_id":0,"font":"","enabled":false},"version":2}},"categories":[3],"tags":[],"class_list":["post-11908","post","type-post","status-publish","format-standard","has-post-thumbnail","hentry","category-na"],"jetpack_publicize_connections":[],"jetpack_featured_media_url":"https:\/\/www.edder.org\/upload\/2015\/07\/barcina-barkos.gif","jetpack_shortlink":"https:\/\/wp.me\/p6kHv-364","jetpack_sharing_enabled":true,"jetpack-related-posts":[{"id":12626,"url":"https:\/\/www.edder.org\/?p=12626","url_meta":{"origin":11908,"position":0},"title":"\u00a1Tomad quina Santa Cope\u00edna!","author":"Eder","date":"viernes, 4 Dic, 2015","format":false,"excerpt":"\u00bfQuer\u00edamos laicismo? \u00a1Pues tomemos del frasco y por partida doble! El Gobierno navarro bandeando y en la procesi\u00f3n en el d\u00eda del santo patr\u00f3n. En la misa de Javier \u2013all\u00e1 fueron raudos los consejeros de Cultura y Derechos Sociales\u2013, como es sacrosanta tradici\u00f3n desde lo menos la transici\u00f3n, y en\u2026","rel":"","context":"En \u00abNA\u00bb","block_context":{"text":"NA","link":"https:\/\/www.edder.org\/?cat=3"},"img":{"alt_text":"","src":"https:\/\/i0.wp.com\/www.edder.org\/upload\/2015\/12\/ima1.jpg?resize=350%2C200&ssl=1","width":350,"height":200},"classes":[]},{"id":103,"url":"https:\/\/www.edder.org\/?p=103","url_meta":{"origin":11908,"position":1},"title":"Cambiazo","author":"Eder","date":"viernes, 8 Jun, 2007","format":false,"excerpt":"Si descartamos que el repentino ataque de sensatez sufrido en horas recientes por Miguel Sanz se deba a alg\u00fan accidente neurol\u00f3gico, no nos queda m\u00e1s que aceptar que la sensatez, de la que ahora parece dispuesto a dar muestras a manos llenas, es una de las virtudes constitutivas de su\u2026","rel":"","context":"En \u00abNA\u00bb","block_context":{"text":"NA","link":"https:\/\/www.edder.org\/?cat=3"},"img":{"alt_text":"","src":"","width":0,"height":0},"classes":[]},{"id":11991,"url":"https:\/\/www.edder.org\/?p=11991","url_meta":{"origin":11908,"position":2},"title":"Lo que el cambio no cambiar\u00e1","author":"Eder","date":"mi\u00e9rcoles, 29 Jul, 2015","format":false,"excerpt":"Lo que ha cambiado incluso en la Comunidad de Madrid, donde Cifuentes tom\u00f3 posesi\u00f3n de su cargo sin necesidad de tener un crucifijo a su vera (v\u00eddeo 1: Cristina Cifuentes promete su cargo), al igual que lo hab\u00eda hecho el actual jefe del Estado, Felipe de Borb\u00f3n, hace poco m\u00e1s\u2026","rel":"","context":"En \u00abNA\u00bb","block_context":{"text":"NA","link":"https:\/\/www.edder.org\/?cat=3"},"img":{"alt_text":"","src":"https:\/\/i0.wp.com\/www.edder.org\/upload\/2015\/07\/Unknown-3.jpg?resize=350%2C200&ssl=1","width":350,"height":200},"classes":[]},{"id":40380,"url":"https:\/\/www.edder.org\/?p=40380","url_meta":{"origin":11908,"position":3},"title":"\u00abLuz divina\u00bb, Lorenzo Aguirre, Jueves Santo en Pamplona","author":"Eder","date":"jueves, 1 Abr, 2021","format":false,"excerpt":"","rel":"","context":"En \u00abArtes\u00bb","block_context":{"text":"Artes","link":"https:\/\/www.edder.org\/?cat=85"},"img":{"alt_text":"","src":"https:\/\/i0.wp.com\/www.edder.org\/upload\/2021\/04\/aguirre.jpg?resize=350%2C200&ssl=1","width":350,"height":200},"classes":[]},{"id":35,"url":"https:\/\/www.edder.org\/?p=35","url_meta":{"origin":11908,"position":4},"title":"El h\u00e1bito regener\u00f3 al monde","author":"Eder","date":"viernes, 6 Ene, 2006","format":false,"excerpt":"La desfachatez que ha llevado a Sanz \u2013Sanz Sesma\u2013 a interpretar la sentencia judicial por la que se anula la concesi\u00f3n de licencias de radio hecha en su d\u00eda por Sanz \u2013Sanz Barea\u2013 y Palacios como otro \u00e9xito del Gobierno de UPN \u2013otro m\u00e1s de la cascada incesante de \u00e9xitos\u2026","rel":"","context":"En \u00abNA\u00bb","block_context":{"text":"NA","link":"https:\/\/www.edder.org\/?cat=3"},"img":{"alt_text":"","src":"","width":0,"height":0},"classes":[]},{"id":12229,"url":"https:\/\/www.edder.org\/?p=12229","url_meta":{"origin":11908,"position":5},"title":"Pasan los gobiernos, los pegenautes \u00abpremanecen\u00bb","author":"Eder","date":"jueves, 3 Sep, 2015","format":false,"excerpt":"Vanidad de vanidades. El Gobierno \u00absin fierezas\u00bb \u2013el de la gobernanta que en campa\u00f1a electoral promet\u00eda cambio profundo y una vez elegida invita a no hacerse \u00abilusiones infantiles\u00bb, lasziate ogni illusione (informa Radio Macuto de que las cocinas privatizadas de los hospitales no volver\u00e1n a dar el buen servicio p\u00fablico\u2026","rel":"","context":"En \u00abNA\u00bb","block_context":{"text":"NA","link":"https:\/\/www.edder.org\/?cat=3"},"img":{"alt_text":"","src":"https:\/\/i0.wp.com\/edder.org\/images\/pegenaute.jpg?resize=350%2C200","width":350,"height":200,"srcset":"https:\/\/i0.wp.com\/edder.org\/images\/pegenaute.jpg?resize=350%2C200 1x, https:\/\/i0.wp.com\/edder.org\/images\/pegenaute.jpg?resize=525%2C300 1.5x"},"classes":[]}],"jetpack_likes_enabled":true,"_links":{"self":[{"href":"https:\/\/www.edder.org\/index.php?rest_route=\/wp\/v2\/posts\/11908","targetHints":{"allow":["GET"]}}],"collection":[{"href":"https:\/\/www.edder.org\/index.php?rest_route=\/wp\/v2\/posts"}],"about":[{"href":"https:\/\/www.edder.org\/index.php?rest_route=\/wp\/v2\/types\/post"}],"author":[{"embeddable":true,"href":"https:\/\/www.edder.org\/index.php?rest_route=\/wp\/v2\/users\/82"}],"replies":[{"embeddable":true,"href":"https:\/\/www.edder.org\/index.php?rest_route=%2Fwp%2Fv2%2Fcomments&post=11908"}],"version-history":[{"count":0,"href":"https:\/\/www.edder.org\/index.php?rest_route=\/wp\/v2\/posts\/11908\/revisions"}],"wp:featuredmedia":[{"embeddable":true,"href":"https:\/\/www.edder.org\/index.php?rest_route=\/wp\/v2\/media\/11912"}],"wp:attachment":[{"href":"https:\/\/www.edder.org\/index.php?rest_route=%2Fwp%2Fv2%2Fmedia&parent=11908"}],"wp:term":[{"taxonomy":"category","embeddable":true,"href":"https:\/\/www.edder.org\/index.php?rest_route=%2Fwp%2Fv2%2Fcategories&post=11908"},{"taxonomy":"post_tag","embeddable":true,"href":"https:\/\/www.edder.org\/index.php?rest_route=%2Fwp%2Fv2%2Ftags&post=11908"}],"curies":[{"name":"wp","href":"https:\/\/api.w.org\/{rel}","templated":true}]}}