{"id":119,"date":"2007-11-23T10:37:29","date_gmt":"2007-11-23T08:37:29","guid":{"rendered":"https:\/\/www.edder.org\/?p=119"},"modified":"2018-07-27T16:38:28","modified_gmt":"2018-07-27T14:38:28","slug":"con-polvora-del-reyno","status":"publish","type":"post","link":"https:\/\/www.edder.org\/?p=119","title":{"rendered":"Con p\u00f3lvora del Reyno"},"content":{"rendered":"<p>Con p\u00f3lvora del Rey, \u00a1Dios qu\u00e9 buenos ca\u00f1onazos se tiran! Y con p\u00f3lvora del <em>Reyno<\/em>, qu\u00e9 bonitos saraos se organizan. Encantadora velada, seg\u00fan rezaban ayer las cr\u00f3nicas, la celebrada en Madrid \u2013con el ameno prop\u00f3sito de confraternizar\u2013 a instancia de nuestra delegaci\u00f3n diplom\u00e1tica en la Villa y Corte. S\u00ed, la misma delegaci\u00f3n que un d\u00eda encabezara el hoy felizmente jubilado don Ricardo de Le\u00f3n, aquel humanista que a falta de mayores ocupaciones, distra\u00eda sus ocios en la dedicaci\u00f3n a las obras p\u00edas. Am\u00e9n del consejero del ramo, hizo gala de su siempre grata presencia en la alta reuni\u00f3n la hoy directora general de Relaciones Institucionales, se\u00f1ora do\u00f1a Mar\u00eda Dolores Eguren, que en tiempos del inquieto don Ricardo era directora del Servicio de Participaci\u00f3n en la Construcci\u00f3n Europa, cosa \u00e9sta, la construcci\u00f3n europea, que avanz\u00f3 hasta cotas nunca antes vistas merced a sus impagables servicios. Lo de \u201cimpagables\u201d, claro est\u00e1, es una concesi\u00f3n por mi parte a las convenciones idiom\u00e1ticas: los servicios de la se\u00f1ora Eguren, como los del director de cualquier otro servicio o negociado, o como los del cualquier alto funcionario cesante, son perfectamente pagables y puntualmente pagados, por m\u00e1s decorativo que sea el \u00f3rgano o m\u00e1s anquilosada que se encuentre la funci\u00f3n. Y as\u00ed, entre alt\u00edsimos funcionarios de grat\u00edsima presencia en cualquier sarao; entre cesantes de alt\u00edsima y muy larga remuneraci\u00f3n; entre los numerosos servicios y negociados forales en los que hay m\u00e1s jefes que indios, por no hablar de esos servicios y negociados donde s\u00f3lo hay jefes melanc\u00f3licos, sin indios que capitanear; as\u00ed, digo, y por aquello de que el <em>Reyno<\/em> \u2013donde el talento nunca deja de ser reconocido\u2013 siempre paga a sus fieles y sacrificados jefes; as\u00ed nos sale la cuenta del Gran Sanz por la que cada feliz mortal afincado en Navarra paga al Erario en concepto de personal administrativo el doble de lo que cualquier infeliz guipuzcoano: unas 300.000. Son las delicias del <em>Reyno<\/em> y sus encantadores veladas.<\/p>\n<div align=\"right\">Publicado en <a target=\"blank\" href=\"http:\/\/www.noticiasdenavarra.com\/ediciones\/2007\/11\/23\/opinion\/contra.php\">Diario de Noticias<\/a><img class=\"lazyload\" decoding=\"async\" align=\"right\" title=\"dn\" alt=\"dn\" src=\"data:image\/gif;base64,R0lGODlhAQABAAAAACH5BAEKAAEALAAAAAABAAEAAAICTAEAOw==\" data-orig-src=\"https:\/\/www.edder.org\/images\/dn.gif\" \/><\/div>\n<p><img class=\"lazyload\" decoding=\"async\" src=\"data:image\/gif;base64,R0lGODlhAQABAAAAACH5BAEKAAEALAAAAAABAAEAAAICTAEAOw==\" data-orig-src=\"https:\/\/www.edder.org\/images\/marcas.gif\" alt=\"marcas\" \/><\/p>\n","protected":false},"excerpt":{"rendered":"<p>Con p\u00f3lvora del Rey, \u00a1Dios qu\u00e9 buenos ca\u00f1onazos se tiran! Y con p\u00f3lvora del Reyno, qu\u00e9 bonitos saraos se organizan. Encantadora velada, seg\u00fan rezaban ayer las cr\u00f3nicas, la celebrada en Madrid \u2013con el ameno prop\u00f3sito de confraternizar\u2013 a instancia de nuestra delegaci\u00f3n diplom\u00e1tica en la Villa y Corte. S\u00ed, la misma delegaci\u00f3n que un d\u00eda encabezara el hoy felizmente jubilado don Ricardo de Le\u00f3n, aquel humanista que a falta de mayores ocupaciones, distra\u00eda sus ocios en la dedicaci\u00f3n a las obras p\u00edas. Am\u00e9n del consejero del ramo, hizo gala de su siempre grata presencia en la alta reuni\u00f3n la hoy directora general de Relaciones Institucionales, se\u00f1ora do\u00f1a Mar\u00eda Dolores Eguren, que en tiempos del inquieto don Ricardo era directora del Servicio de Participaci\u00f3n en la Construcci\u00f3n Europa,  [&#8230;]<\/p>\n","protected":false},"author":82,"featured_media":0,"comment_status":"open","ping_status":"open","sticky":false,"template":"","format":"standard","meta":{"jetpack_post_was_ever_published":false,"_jetpack_newsletter_access":"","_jetpack_dont_email_post_to_subs":false,"_jetpack_newsletter_tier_id":0,"_jetpack_memberships_contains_paywalled_content":false,"_jetpack_memberships_contains_paid_content":false,"footnotes":"","jetpack_publicize_message":"","jetpack_publicize_feature_enabled":true,"jetpack_social_post_already_shared":false,"jetpack_social_options":{"image_generator_settings":{"template":"highway","default_image_id":0,"font":"","enabled":false},"version":2}},"categories":[3],"tags":[],"class_list":["post-119","post","type-post","status-publish","format-standard","hentry","category-na"],"jetpack_publicize_connections":[],"jetpack_featured_media_url":"","jetpack_shortlink":"https:\/\/wp.me\/p6kHv-1V","jetpack_sharing_enabled":true,"jetpack-related-posts":[{"id":5,"url":"https:\/\/www.edder.org\/?p=5","url_meta":{"origin":119,"position":0},"title":"Embajadores del Reyno","author":"Eder","date":"domingo, 25 Sep, 2005","format":false,"excerpt":"En la ma\u00f1ana del pasado martes 5 de julio se verific\u00f3 la primera mala cornada de los corrientes sanfermines. En efecto, esa ma\u00f1ana los peri\u00f3dicos informaban sucinta, escuetamente, de que el delegado del Gobierno de Navarra en Madrid, m\u00e1s popularmente conocido como el Se\u00f1or Embajador Plenipotenciario del Reyno","rel":"","context":"En \u00abNA\u00bb","block_context":{"text":"NA","link":"https:\/\/www.edder.org\/?cat=3"},"img":{"alt_text":"","src":"","width":0,"height":0},"classes":[]},{"id":26,"url":"https:\/\/www.edder.org\/?p=26","url_meta":{"origin":119,"position":1},"title":"\u00bfSe\u00f1or o Truh\u00e1n?","author":"Eder","date":"viernes, 11 Nov, 2005","format":false,"excerpt":"Ricardo de Le\u00f3n: el ex embajador plenipotenciario del Reyno en la Villa y Corte. Si es verdad, como se informaba ayer, de que en su calidad de gerente de Humanismo y Democracia ???con un sueldo de 44.619 euros anuales, entre otras remuneraciones??? se contrat\u00f3 a s\u00ed mismo en oficios de\u2026","rel":"","context":"En \u00abNA\u00bb","block_context":{"text":"NA","link":"https:\/\/www.edder.org\/?cat=3"},"img":{"alt_text":"","src":"","width":0,"height":0},"classes":[]},{"id":28,"url":"https:\/\/www.edder.org\/?p=28","url_meta":{"origin":119,"position":2},"title":"\u00bfCentenario? \u00a1Terry!","author":"Eder","date":"viernes, 25 Nov, 2005","format":false,"excerpt":"Y la directora del Instituto Navarro de la Mujer, \u00bfqu\u00e9 dice de ese anuncio de los tintos del Reyno, en el que de la trasera de un sof\u00e1 emergen las piernas de una mujer desvestida, sobre la que yace un ejecutivo descorbatado? \u00bfNada que declarar? Pues va a ser que\u2026","rel":"","context":"En \u00abNA\u00bb","block_context":{"text":"NA","link":"https:\/\/www.edder.org\/?cat=3"},"img":{"alt_text":"","src":"","width":0,"height":0},"classes":[]},{"id":31,"url":"https:\/\/www.edder.org\/?p=31","url_meta":{"origin":119,"position":3},"title":"Feliz navidad, don Ricardo","author":"Eder","date":"viernes, 16 Dic, 2005","format":false,"excerpt":"Feliz navidad, don Ricardo, por descontado que de Le\u00f3n. Feliz navidad, sin m\u00e1s. Lo de una muy pr\u00f3spera jubilaci\u00f3n en el a\u00f1o nuevo, a don Ricardo ya se lo resolvi\u00f3 UPN este verano. Eso qued\u00f3 resuelto tras su relevo en la \u00ednsula navarra de Madrid, con un retiro a la\u2026","rel":"","context":"En \u00abNA\u00bb","block_context":{"text":"NA","link":"https:\/\/www.edder.org\/?cat=3"},"img":{"alt_text":"","src":"","width":0,"height":0},"classes":[]},{"id":145,"url":"https:\/\/www.edder.org\/?p=145","url_meta":{"origin":119,"position":4},"title":"Cuando \u00e9ramos \u201creyno\u201d","author":"Eder","date":"viernes, 11 Abr, 2008","format":false,"excerpt":"","rel":"","context":"En \u00abNA\u00bb","block_context":{"text":"NA","link":"https:\/\/www.edder.org\/?cat=3"},"img":{"alt_text":"","src":"","width":0,"height":0},"classes":[]},{"id":41,"url":"https:\/\/www.edder.org\/?p=41","url_meta":{"origin":119,"position":5},"title":"La Ruta del Tempranillo","author":"Eder","date":"viernes, 3 Feb, 2006","format":false,"excerpt":"Se desconoce a la hora de escribir esta cr\u00f3nica si, a su paso por la \u00faltima edici\u00f3n de la Feria Internacional del Turismo (FITUR), don Miguel Sanz pudo deshacerse del par de apergaminados comparsas que le flanqueaban \u2013respectivamente en el papel de Sancho el Mayor y Francisco de Javier\u2013, para\u2026","rel":"","context":"En \u00abNA\u00bb","block_context":{"text":"NA","link":"https:\/\/www.edder.org\/?cat=3"},"img":{"alt_text":"","src":"","width":0,"height":0},"classes":[]}],"jetpack_likes_enabled":true,"_links":{"self":[{"href":"https:\/\/www.edder.org\/index.php?rest_route=\/wp\/v2\/posts\/119","targetHints":{"allow":["GET"]}}],"collection":[{"href":"https:\/\/www.edder.org\/index.php?rest_route=\/wp\/v2\/posts"}],"about":[{"href":"https:\/\/www.edder.org\/index.php?rest_route=\/wp\/v2\/types\/post"}],"author":[{"embeddable":true,"href":"https:\/\/www.edder.org\/index.php?rest_route=\/wp\/v2\/users\/82"}],"replies":[{"embeddable":true,"href":"https:\/\/www.edder.org\/index.php?rest_route=%2Fwp%2Fv2%2Fcomments&post=119"}],"version-history":[{"count":0,"href":"https:\/\/www.edder.org\/index.php?rest_route=\/wp\/v2\/posts\/119\/revisions"}],"wp:attachment":[{"href":"https:\/\/www.edder.org\/index.php?rest_route=%2Fwp%2Fv2%2Fmedia&parent=119"}],"wp:term":[{"taxonomy":"category","embeddable":true,"href":"https:\/\/www.edder.org\/index.php?rest_route=%2Fwp%2Fv2%2Fcategories&post=119"},{"taxonomy":"post_tag","embeddable":true,"href":"https:\/\/www.edder.org\/index.php?rest_route=%2Fwp%2Fv2%2Ftags&post=119"}],"curies":[{"name":"wp","href":"https:\/\/api.w.org\/{rel}","templated":true}]}}