{"id":118,"date":"2007-11-16T07:17:19","date_gmt":"2007-11-16T05:17:19","guid":{"rendered":"https:\/\/www.edder.org\/?p=118"},"modified":"2018-07-27T16:38:28","modified_gmt":"2018-07-27T14:38:28","slug":"el-cliente","status":"publish","type":"post","link":"https:\/\/www.edder.org\/?p=118","title":{"rendered":"El cliente"},"content":{"rendered":"<p>El cliente, lejos de tener siempre la raz\u00f3n, como dec\u00eda el t\u00f3pico \u2013si verdadero o falso no importa ahora: el caso es que el t\u00f3pico elevaba al cliente a la categor\u00eda de sujeto decisivo de toda transacci\u00f3n\u2013, es en el panorama de las nuevas relaciones comerciales un factor despreciable de las mismas. De hecho las nuevas relaciones comerciales se sostienen a menudo en el desprecio del cliente. Rep\u00e1rese si no en el uso intensivo de palabras como \u2018incidencia\u2019 o \u2018actuaci\u00f3n\u2019, en un sentido que la RAE no recoge, pero que todo el mundo conoce y padece. La primera de esas palabras la he o\u00eddo esta semana infinidad de veces al intentar dirigirme \u2013sin \u00e9xito\u2013 a una empresa telef\u00f3nica. La segunda se la o\u00ed a la alcaldesa de Pamplona. \u2018Incidencia\u2019 es, en el \u00e1mbito de las llamadas operadoras telef\u00f3nicas \u2013o sea, entre las multinacionales del sector\u2013 el eufemismo por el que palabras como \u2018aver\u00eda\u2019 o \u2018queja\u2019 quedan proscritas. El cliente ya no tiene la l\u00ednea averiada o una queja que presentar, sino que pagando una serie inacabable e infructuosa de llamadas, respondidas primero por contestadores telem\u00e1ticos y luego por operadoras de las antes \u2013s\u00f3lo que desde Filipinas o Bolivia\u2013, intenta \u201cabrir una incidencia\u201d. En el proceso kafkiana de \u201cabrir una incidencia\u201d, el cliente, reducido a su m\u00ednima expresi\u00f3n, llega a preguntarse si el verdadero negocio de la multinacional no estar\u00e1 en armar ese proceso por el que su aver\u00eda nunca termina de verificarse. Las \u201cactuaciones\u201d. Preguntada Yolanda Barcina por los gastos en fastos celebratorios  de su propio \u00e9xito como magna gestora municipal, contest\u00f3 que ninguna \u201cactuaci\u00f3n\u201d suya, dado el \u00e9xito masivo de p\u00fablico, hab\u00eda sido tan rentable como \u00e9sa en la que hubo noria y fuegos de artificio. La palabra actuaci\u00f3n es la adecuada al caso. S\u00f3lo que planteadas las cosas as\u00ed, no es que al ciudadano no le reste ya otro papel que el de cliente mejor o peor tratado, sino que no goza de otra consideraci\u00f3n que la de extra en masa, pol\u00edtica o contablemente rentable.<\/p>\n<div align=\"right\">Publicado en <a target=\"blank\" href=\"http:\/\/www.noticiasdenavarra.com\/ediciones\/2007\/11\/16\/opinion\/contra.php\">Diario de Noticias<\/a><img class=\"lazyload\" decoding=\"async\" align=\"right\" title=\"dn\" alt=\"dn\" src=\"data:image\/gif;base64,R0lGODlhAQABAAAAACH5BAEKAAEALAAAAAABAAEAAAICTAEAOw==\" data-orig-src=\"https:\/\/www.edder.org\/images\/dn.gif\" \/><\/div>\n<p><img class=\"lazyload\" decoding=\"async\" src=\"data:image\/gif;base64,R0lGODlhAQABAAAAACH5BAEKAAEALAAAAAABAAEAAAICTAEAOw==\" data-orig-src=\"https:\/\/www.edder.org\/images\/marcas.gif\" alt=\"marcas\" \/><\/p>\n","protected":false},"excerpt":{"rendered":"<p>El cliente, lejos de tener siempre la raz\u00f3n, como dec\u00eda el t\u00f3pico \u2013si verdadero o falso no importa ahora: el caso es que el t\u00f3pico elevaba al cliente a la categor\u00eda de sujeto decisivo de toda transacci\u00f3n\u2013, es en el panorama de las nuevas relaciones comerciales un factor despreciable de las mismas. De hecho las nuevas relaciones comerciales se sostienen a menudo en el desprecio del cliente. Rep\u00e1rese si no en el uso intensivo de palabras como \u2018incidencia\u2019 o \u2018actuaci\u00f3n\u2019, en un sentido que la RAE no recoge, pero que todo el mundo conoce y padece. La primera de esas palabras la he o\u00eddo esta semana infinidad de veces al intentar dirigirme \u2013sin \u00e9xito\u2013 a una empresa telef\u00f3nica. La segunda se la o\u00ed a la alcaldesa de  [&#8230;]<\/p>\n","protected":false},"author":82,"featured_media":0,"comment_status":"open","ping_status":"open","sticky":false,"template":"","format":"standard","meta":{"jetpack_post_was_ever_published":false,"_jetpack_newsletter_access":"","_jetpack_dont_email_post_to_subs":false,"_jetpack_newsletter_tier_id":0,"_jetpack_memberships_contains_paywalled_content":false,"_jetpack_memberships_contains_paid_content":false,"footnotes":"","jetpack_publicize_message":"","jetpack_publicize_feature_enabled":true,"jetpack_social_post_already_shared":false,"jetpack_social_options":{"image_generator_settings":{"template":"highway","default_image_id":0,"font":"","enabled":false},"version":2}},"categories":[3,1],"tags":[],"class_list":["post-118","post","type-post","status-publish","format-standard","hentry","category-na","category-sin-categorizar"],"jetpack_publicize_connections":[],"jetpack_featured_media_url":"","jetpack_shortlink":"https:\/\/wp.me\/p6kHv-1U","jetpack_sharing_enabled":true,"jetpack-related-posts":[{"id":770,"url":"https:\/\/www.edder.org\/?p=770","url_meta":{"origin":118,"position":0},"title":"Breve carta a Michel Foucault (por R. Magritte)","author":"Eder","date":"s\u00e1bado, 3 Jul, 2010","format":false,"excerpt":"","rel":"","context":"En \u00abArtes\u00bb","block_context":{"text":"Artes","link":"https:\/\/www.edder.org\/?cat=85"},"img":{"alt_text":"","src":"https:\/\/i0.wp.com\/www.edder.org\/upload\/2010\/07\/Captura-de-pantalla-2018-03-19-a-las-20.46.47.png?resize=350%2C200&ssl=1","width":350,"height":200},"classes":[]},{"id":503,"url":"https:\/\/www.edder.org\/?p=503","url_meta":{"origin":118,"position":1},"title":"Capitalidad cultural","author":"Eder","date":"viernes, 6 Nov, 2009","format":false,"excerpt":"Francisco Patxi Mangado es el \u00fanico arquitecto del mundo que no ha sabido resolver lo que cualquier dise\u00f1ador, a fastidiosa y tard\u00eda petici\u00f3n del cliente, resolver\u00eda en segundos: c\u00f3mo meter en un espacio dado el doble de texto del inicialmente previsto. A Francisco Mangado se le olvid\u00f3 que se hac\u00eda\u2026","rel":"","context":"En \u00abNA\u00bb","block_context":{"text":"NA","link":"https:\/\/www.edder.org\/?cat=3"},"img":{"alt_text":"","src":"","width":0,"height":0},"classes":[]},{"id":567,"url":"https:\/\/www.edder.org\/?p=567","url_meta":{"origin":118,"position":2},"title":"Una larga prehistoria","author":"Eder","date":"jueves, 28 Ene, 2010","format":false,"excerpt":"\u00a0 Se cree \u2013no est\u00e1 demostrado ni siquiera investigado\u2013 que cuando las tropas estadounidenses entraron en Afganist\u00e1n, justo en los inicios del siglo XXI, hubo una matanza de unos dos mil talibanes, luego enterrados en la fosa com\u00fan de Dash-e-Leili. Seg\u00fan se dice, los muertos fueron encerrados por los verdugos\u2026","rel":"","context":"En \u00abArtes\u00bb","block_context":{"text":"Artes","link":"https:\/\/www.edder.org\/?cat=85"},"img":{"alt_text":"","src":"https:\/\/i0.wp.com\/www.edder.org\/upload\/2010\/01\/2.jpg?resize=350%2C200&ssl=1","width":350,"height":200},"classes":[]},{"id":46,"url":"https:\/\/www.edder.org\/?p=46","url_meta":{"origin":118,"position":3},"title":"En un viejo pa\u00eds ineficiente\u2026","author":"Eder","date":"viernes, 10 Mar, 2006","format":false,"excerpt":"No veo diferencias abismales entre las mentiras hist\u00e9ricas de un Aceves y la demagogia dial\u00e9ctica del senador norteamericano Joseph R. McCarthy, durante la \u00e9poca de la \u00abcaza de brujas\u00bb, acusador, juez y verdugo de todo traidor a la patria que no entendiese el patriotismo a su hist\u00e9rica manera. De modo\u2026","rel":"","context":"En \u00abSin categorizar\u00bb","block_context":{"text":"Sin categorizar","link":"https:\/\/www.edder.org\/?cat=1"},"img":{"alt_text":"","src":"","width":0,"height":0},"classes":[]},{"id":715,"url":"https:\/\/www.edder.org\/?p=715","url_meta":{"origin":118,"position":4},"title":"Estilo internacional","author":"Eder","date":"viernes, 11 Jun, 2010","format":false,"excerpt":"Puse la radio en un atasco y me sali\u00f3 Lola Eguren, la directora general de nunca se sabe bien qu\u00e9 \u2013siempre de algo indefinido, como Relaciones Institucionales o Internacionales\u2013\u00a0diciendo que los premios Pr\u00edncipe de Viana se han internacionalizado, si bien siguen siendo navarr\u00edsimos. Ah, pues como Arletty. Cuando juzgaron a\u2026","rel":"","context":"En \u00abNA\u00bb","block_context":{"text":"NA","link":"https:\/\/www.edder.org\/?cat=3"},"img":{"alt_text":"","src":"","width":0,"height":0},"classes":[]},{"id":47,"url":"https:\/\/www.edder.org\/?p=47","url_meta":{"origin":118,"position":5},"title":"En un viejo pa\u00eds ineficiente&#8230;","author":"Eder","date":"viernes, 10 Mar, 2006","format":false,"excerpt":"No veo diferencias abismales entre las mentiras hist\u00e9ricas de un Aceves y la demagogia dial\u00e9ctica del senador norteamericano Joseph R. McCarthy, durante la \u00e9poca de la \u00abcaza de brujas\u00bb, acusador, juez y verdugo de todo traidor a la patria que no entendiese el patriotismo a su hist\u00e9rica manera. De modo\u2026","rel":"","context":"En \u00abSin categorizar\u00bb","block_context":{"text":"Sin categorizar","link":"https:\/\/www.edder.org\/?cat=1"},"img":{"alt_text":"","src":"","width":0,"height":0},"classes":[]}],"jetpack_likes_enabled":true,"_links":{"self":[{"href":"https:\/\/www.edder.org\/index.php?rest_route=\/wp\/v2\/posts\/118","targetHints":{"allow":["GET"]}}],"collection":[{"href":"https:\/\/www.edder.org\/index.php?rest_route=\/wp\/v2\/posts"}],"about":[{"href":"https:\/\/www.edder.org\/index.php?rest_route=\/wp\/v2\/types\/post"}],"author":[{"embeddable":true,"href":"https:\/\/www.edder.org\/index.php?rest_route=\/wp\/v2\/users\/82"}],"replies":[{"embeddable":true,"href":"https:\/\/www.edder.org\/index.php?rest_route=%2Fwp%2Fv2%2Fcomments&post=118"}],"version-history":[{"count":0,"href":"https:\/\/www.edder.org\/index.php?rest_route=\/wp\/v2\/posts\/118\/revisions"}],"wp:attachment":[{"href":"https:\/\/www.edder.org\/index.php?rest_route=%2Fwp%2Fv2%2Fmedia&parent=118"}],"wp:term":[{"taxonomy":"category","embeddable":true,"href":"https:\/\/www.edder.org\/index.php?rest_route=%2Fwp%2Fv2%2Fcategories&post=118"},{"taxonomy":"post_tag","embeddable":true,"href":"https:\/\/www.edder.org\/index.php?rest_route=%2Fwp%2Fv2%2Ftags&post=118"}],"curies":[{"name":"wp","href":"https:\/\/api.w.org\/{rel}","templated":true}]}}