{"id":11793,"date":"2015-06-20T12:32:47","date_gmt":"2015-06-20T11:32:47","guid":{"rendered":"https:\/\/www.edder.org\/?p=11793"},"modified":"2018-07-27T16:36:54","modified_gmt":"2018-07-27T14:36:54","slug":"el-siglo-de-oro-del-reves-o-espana-por-donde-solia","status":"publish","type":"post","link":"https:\/\/www.edder.org\/?p=11793","title":{"rendered":"El Siglo de Oro del rev\u00e9s o Espa\u00f1a por donde sol\u00eda"},"content":{"rendered":"<p>El siglo de oro &ndash;de momento con min&uacute;sculas&ndash; dur&oacute; dos o tres siglos &ndash;siglo arriba, siglo abajo&ndash; y fue para nuestras castas de mandarines el siglo de hacerse de oro. Como el siglo actual, a nada que los apuntes contables de B&aacute;rcenas sean ciertos, o a nada que la impunidad preferencial de Barcina haya existido &ndash;lo que ella misma confirma&ndash;. Las similitudes entre aquel y este siglo saltan a la vista. Entonces como ahora, una parasitaria casta de vips preferenciales succion&oacute; hasta el &uacute;ltimo recurso del imperio donde nunca se pon&iacute;a el sol. Absorbieron con una codicia desenfrenada hasta la hez imperial sin invertir un real en ciencia &ndash;en desarrollo o en educaci&oacute;n&ndash; ni mucho menos en conciencia &ndash;en salubridad o bienestar social&ndash;. Mientras el infraproletariado que surtir&iacute;a de personajes a la novela picaresca emerg&iacute;a a la velocidad que hoy lleva el paro, aquella casta de vips contrailustrados, con el mar de la miseria a sus pies, peroraba sobre el Honor, Dios, la Patria y el Rey. Aquello acab&oacute; en dos o tres siglos por liquidaci&oacute;n total de recursos. Todav&iacute;a intentaron prolongar su siglo de oro otro siglo m&aacute;s con inventos como el ancho de v&iacute;a espa&ntilde;ol &ndash;una anchura de v&iacute;a ferroviaria diferente a la europea&ndash;: una tentativa, en parte exitosa, de parar en los Pirineos la Revoluci&oacute;n Industrial y dem&aacute;s calamidades de los tiempos modernos. Las diferencias de lo de entonces &ndash;si no de lo de siempre&ndash; con lo de ahora tambi&eacute;n son evidentes. No hay hoy restos de un imperio por esquilmar. Solo algunas arcas p&uacute;blicas o semipensionistas. Es verdad que el enquistamiento en el Gobierno de ciertos <em>reynos<\/em> de taifa &ndash;caigan por aqu&iacute; o por all&aacute;&ndash; propicia ocasiones muy preferenciales. La picaresca viene ahora de arriba y se proyecta sobre los de abajo, tal que en forma de preferentes. Es el Siglo de Oro &ndash;ahora s&iacute;, con may&uacute;sculas&ndash; puesto del rev&eacute;s, cabeza abajo, para que el dinero fluya as&iacute; m&aacute;s deprisa de los bolsillos de la gente corriente. El Siglo de Oro del rev&eacute;s o Espa&ntilde;a por donde sol&iacute;a.<\/p>\n<p>Publicado originalmente en <a href=\"http:\/\/www.noticiasdenavarra.com\/\" target=\"_blank\">Diario de Noticas<\/a>, en febrero de 2013<\/p>\n","protected":false},"excerpt":{"rendered":"<p>El siglo de oro &ndash;de momento con min&uacute;sculas&ndash; dur&oacute; dos o tres siglos &ndash;siglo arriba, siglo abajo&ndash; y fue para nuestras castas de mandarines el siglo de hacerse de oro. Como el siglo actual, a nada que los apuntes contables de B&aacute;rcenas sean ciertos, o a nada que la impunidad preferencial de Barcina haya existido &ndash;lo que ella misma confirma&ndash;. Las similitudes entre aquel y este siglo saltan a la vista. Entonces como ahora, una parasitaria casta de vips preferenciales succion&oacute; hasta el &uacute;ltimo recurso del imperio donde nunca se pon&iacute;a el sol. Absorbieron con una codicia desenfrenada hasta la hez imperial sin invertir un real en ciencia &ndash;en desarrollo o en educaci&oacute;n&ndash; ni mucho menos en conciencia &ndash;en salubridad o bienestar social&ndash;. Mientras el infraproletariado que  [&#8230;]<\/p>\n","protected":false},"author":82,"featured_media":11796,"comment_status":"open","ping_status":"closed","sticky":false,"template":"","format":"standard","meta":{"jetpack_post_was_ever_published":false,"_jetpack_newsletter_access":"","_jetpack_dont_email_post_to_subs":false,"_jetpack_newsletter_tier_id":0,"_jetpack_memberships_contains_paywalled_content":false,"_jetpack_memberships_contains_paid_content":false,"footnotes":"","jetpack_publicize_message":"","jetpack_publicize_feature_enabled":true,"jetpack_social_post_already_shared":true,"jetpack_social_options":{"image_generator_settings":{"template":"highway","default_image_id":0,"font":"","enabled":false},"version":2}},"categories":[1],"tags":[],"class_list":["post-11793","post","type-post","status-publish","format-standard","has-post-thumbnail","hentry","category-sin-categorizar"],"jetpack_publicize_connections":[],"jetpack_featured_media_url":"https:\/\/www.edder.org\/upload\/2015\/06\/siglo.png","jetpack_shortlink":"https:\/\/wp.me\/p6kHv-34d","jetpack_sharing_enabled":true,"jetpack-related-posts":[{"id":3999,"url":"https:\/\/www.edder.org\/?p=3999","url_meta":{"origin":11793,"position":0},"title":"Medalla de Oro de Navarra 2014","author":"Eder","date":"s\u00e1bado, 27 Dic, 2014","format":false,"excerpt":"La concesi\u00f3n a t\u00edtulo p\u00f3stumo de la Medalla de Oro de Navarra a dos grandes prebostes del franquismo, al parecer dos titanes visionarios que desencadenaron en los a\u00f1os 60 el milagro econ\u00f3mico del que los simples y prescindibles mortales hemos disfrutado a placer durante medio siglo largo \u2013hasta el d\u00eda\u2026","rel":"","context":"En \u00abCine\u00bb","block_context":{"text":"Cine","link":"https:\/\/www.edder.org\/?cat=79"},"img":{"alt_text":"","src":"","width":0,"height":0},"classes":[]},{"id":204,"url":"https:\/\/www.edder.org\/?p=204","url_meta":{"origin":11793,"position":1},"title":"El conflicto","author":"Eder","date":"viernes, 21 Nov, 2008","format":false,"excerpt":"En 1984, el cineasta Robert Kramer rod\u00f3 una pel\u00edcula titulada Nuestro nazi. Con el nazismo como fondo, Kramer se preguntaba por los enga\u00f1os \u2013por las mentiras y mitos\u2013 que llevan a olvidar, diferir o negar las responsabilidades personales en los \u201cconflictos hist\u00f3ricos\u201d. El siglo XX fue el siglo donde las\u2026","rel":"","context":"En \u00abNA\u00bb","block_context":{"text":"NA","link":"https:\/\/www.edder.org\/?cat=3"},"img":{"alt_text":"","src":"","width":0,"height":0},"classes":[]},{"id":12475,"url":"https:\/\/www.edder.org\/?p=12475","url_meta":{"origin":11793,"position":2},"title":"Barcina y ol\u00e9 (el Yoli Style)","author":"Eder","date":"mi\u00e9rcoles, 14 Oct, 2015","format":false,"excerpt":"Probablemente, la persona con menos verg\u00fcenza de la historia navarra del siglo XXI y parte del XX (desde que se apropi\u00f3 de los desvanes de su edificio para hacer un \u00e1tico de lujo al desembarco en Moviestar +, pasando por las dietas de la CAN luego trasmutadas en complemento gubernamental).\u2026","rel":"","context":"En \u00abSin categorizar\u00bb","block_context":{"text":"Sin categorizar","link":"https:\/\/www.edder.org\/?cat=1"},"img":{"alt_text":"","src":"https:\/\/i0.wp.com\/edder.org\/images\/Barcina\/barcina_shameless2.jpg?resize=350%2C200","width":350,"height":200,"srcset":"https:\/\/i0.wp.com\/edder.org\/images\/Barcina\/barcina_shameless2.jpg?resize=350%2C200 1x, https:\/\/i0.wp.com\/edder.org\/images\/Barcina\/barcina_shameless2.jpg?resize=525%2C300 1.5x, https:\/\/i0.wp.com\/edder.org\/images\/Barcina\/barcina_shameless2.jpg?resize=700%2C400 2x"},"classes":[]},{"id":39397,"url":"https:\/\/www.edder.org\/?p=39397","url_meta":{"origin":11793,"position":3},"title":"La dictadura chilena y la democracia \u2013\u00bforg\u00e1nica?\u2013 espa\u00f1ola","author":"Eder","date":"lunes, 30 Nov, 2020","format":false,"excerpt":"","rel":"","context":"En \u00abCine\u00bb","block_context":{"text":"Cine","link":"https:\/\/www.edder.org\/?cat=79"},"img":{"alt_text":"","src":"https:\/\/i0.wp.com\/www.edder.org\/upload\/2020\/11\/militares_sanchez1.png?resize=350%2C200&ssl=1","width":350,"height":200,"srcset":"https:\/\/i0.wp.com\/www.edder.org\/upload\/2020\/11\/militares_sanchez1.png?resize=350%2C200&ssl=1 1x, https:\/\/i0.wp.com\/www.edder.org\/upload\/2020\/11\/militares_sanchez1.png?resize=525%2C300&ssl=1 1.5x"},"classes":[]},{"id":345,"url":"https:\/\/www.edder.org\/?p=345","url_meta":{"origin":11793,"position":4},"title":"Para gente sin complejos","author":"Eder","date":"s\u00e1bado, 25 Abr, 2009","format":false,"excerpt":"Seguro que tanto Salaberri y todo junto no ser\u00e1 m\u00e1s que una casualidad. Salaberri en el Museo Oteiza. Salaberri en las paredes del ampliado y redecorado despacho que Miguel Sanz legar\u00e1 a Barcina \u2013\u00bfcrisis?, \u00bfqu\u00e9 crisis?\u2013. Salaberri en el proyecto del Ayuntamiento de Pamplona para mostrar a la parroquia el\u2026","rel":"","context":"En \u00abNA\u00bb","block_context":{"text":"NA","link":"https:\/\/www.edder.org\/?cat=3"},"img":{"alt_text":"","src":"","width":0,"height":0},"classes":[]},{"id":12854,"url":"https:\/\/www.edder.org\/?p=12854","url_meta":{"origin":11793,"position":5},"title":"Maithuna, Maitia, Maitreya","author":"Eder","date":"mi\u00e9rcoles, 20 Abr, 2016","format":false,"excerpt":"Por orden de aparici\u00f3n: 1) Maithuna (la India, siglo X) 2) Maitia (reino de Pamplona, siglo XII) 3) Maitreya (Par\u00eds, 1978) o la inconcebible literatura de cuando entonces.","rel":"","context":"En \u00abArtes\u00bb","block_context":{"text":"Artes","link":"https:\/\/www.edder.org\/?cat=85"},"img":{"alt_text":"","src":"https:\/\/i0.wp.com\/www.edder.org\/upload\/2016\/04\/maifair.jpg?resize=350%2C200&ssl=1","width":350,"height":200},"classes":[]}],"jetpack_likes_enabled":true,"_links":{"self":[{"href":"https:\/\/www.edder.org\/index.php?rest_route=\/wp\/v2\/posts\/11793","targetHints":{"allow":["GET"]}}],"collection":[{"href":"https:\/\/www.edder.org\/index.php?rest_route=\/wp\/v2\/posts"}],"about":[{"href":"https:\/\/www.edder.org\/index.php?rest_route=\/wp\/v2\/types\/post"}],"author":[{"embeddable":true,"href":"https:\/\/www.edder.org\/index.php?rest_route=\/wp\/v2\/users\/82"}],"replies":[{"embeddable":true,"href":"https:\/\/www.edder.org\/index.php?rest_route=%2Fwp%2Fv2%2Fcomments&post=11793"}],"version-history":[{"count":0,"href":"https:\/\/www.edder.org\/index.php?rest_route=\/wp\/v2\/posts\/11793\/revisions"}],"wp:featuredmedia":[{"embeddable":true,"href":"https:\/\/www.edder.org\/index.php?rest_route=\/wp\/v2\/media\/11796"}],"wp:attachment":[{"href":"https:\/\/www.edder.org\/index.php?rest_route=%2Fwp%2Fv2%2Fmedia&parent=11793"}],"wp:term":[{"taxonomy":"category","embeddable":true,"href":"https:\/\/www.edder.org\/index.php?rest_route=%2Fwp%2Fv2%2Fcategories&post=11793"},{"taxonomy":"post_tag","embeddable":true,"href":"https:\/\/www.edder.org\/index.php?rest_route=%2Fwp%2Fv2%2Ftags&post=11793"}],"curies":[{"name":"wp","href":"https:\/\/api.w.org\/{rel}","templated":true}]}}