{"id":11748,"date":"2015-06-09T21:49:37","date_gmt":"2015-06-09T20:49:37","guid":{"rendered":"https:\/\/www.edder.org\/?p=11748"},"modified":"2015-06-10T09:34:56","modified_gmt":"2015-06-10T08:34:56","slug":"el-pensador-carlos-herrera-inspira-a-barcina","status":"publish","type":"post","link":"https:\/\/www.edder.org\/?p=11748","title":{"rendered":"El \u00abmaestro\u00bb Carlos Herrera inspira a Barcina"},"content":{"rendered":"<p>El locutor radiof&oacute;nico Carlos Herrera inspira a la catedr&aacute;tica de Bromat&oacute;log&iacute;a Yolanda Barcina. D&iacute;as despu&eacute;s de o&iacute;r al &laquo;maestro&raquo; en un acto organizado por un think tank del PP, Barcina repetir&iacute;a en TVE como un lorito lo dicho por Herrera en Pamplona, la tarde de gloria torera del 12 de mayo de 2015 &ndash;al meidod&iacute;a Barcina hab&iacute;a disfrutado de la alta cocina navarra con Herrera y Vargas Llosa, es de temer que a cuenta del sufrido contribuyente&ndash;.<\/p>\n<p style=\"text-align: center;\"><div class=\"video-shortcode\"><iframe title=\"El \u00abpensador\u00bb Carlos Herrera inspira a Yolanda Barcina\" width=\"1200\" height=\"675\" src=\"https:\/\/www.youtube.com\/embed\/Z6nuvYqi3Kc?feature=oembed\" frameborder=\"0\" allow=\"accelerometer; autoplay; clipboard-write; encrypted-media; gyroscope; picture-in-picture; web-share\" allowfullscreen><\/iframe><\/div><\/p>\n<p>D&iacute;as despu&eacute;s, en TVE, Barcina, ese monumental fiasco pol&iacute;tico al que las hurnas han puesto en el camino de vuelta a la docencia, nos previno de lo que ya hab&iacute;a advertido el locutor que tan taurinamente saludo a su entregado p&uacute;blico: &iexcl;que viene Hitler, Fidel, Ch&aacute;vez o Per&oacute;n!<\/p>\n<p style=\"text-align: center;\"><div class=\"video-shortcode\"><iframe title=\"Barcina y \u00abEl mundo de ayer\u00bb\" width=\"1200\" height=\"675\" src=\"https:\/\/www.youtube.com\/embed\/9njVofYZgW4?feature=oembed\" frameborder=\"0\" allow=\"accelerometer; autoplay; clipboard-write; encrypted-media; gyroscope; picture-in-picture; web-share\" allowfullscreen><\/iframe><\/div><\/p>\n","protected":false},"excerpt":{"rendered":"<p>El locutor radiof&oacute;nico Carlos Herrera inspira a la catedr&aacute;tica de Bromat&oacute;log&iacute;a Yolanda Barcina. D&iacute;as despu&eacute;s de o&iacute;r al &laquo;maestro&raquo; en un acto organizado por un think tank del PP, Barcina repetir&iacute;a en TVE como un lorito lo dicho por Herrera en Pamplona, la tarde de gloria torera del 12 de mayo de 2015 &ndash;al meidod&iacute;a Barcina hab&iacute;a disfrutado de la alta cocina navarra con Herrera y Vargas Llosa, es de temer que a cuenta del sufrido contribuyente&ndash;. D&iacute;as despu&eacute;s, en TVE, Barcina, ese monumental fiasco pol&iacute;tico al que las hurnas han puesto en el camino de vuelta a la docencia, nos previno de lo que ya hab&iacute;a advertido el locutor que tan taurinamente saludo a su entregado p&uacute;blico: &iexcl;que viene Hitler, Fidel, Ch&aacute;vez o Per&oacute;n!<\/p>\n","protected":false},"author":82,"featured_media":11749,"comment_status":"open","ping_status":"closed","sticky":false,"template":"","format":"standard","meta":{"jetpack_post_was_ever_published":false,"_jetpack_newsletter_access":"","_jetpack_dont_email_post_to_subs":false,"_jetpack_newsletter_tier_id":0,"_jetpack_memberships_contains_paywalled_content":false,"_jetpack_memberships_contains_paid_content":false,"footnotes":"","jetpack_publicize_message":"","jetpack_publicize_feature_enabled":true,"jetpack_social_post_already_shared":true,"jetpack_social_options":{"image_generator_settings":{"template":"highway","default_image_id":0,"font":"","enabled":false},"version":2}},"categories":[3,1],"tags":[],"class_list":["post-11748","post","type-post","status-publish","format-standard","has-post-thumbnail","hentry","category-na","category-sin-categorizar"],"jetpack_publicize_connections":[],"jetpack_featured_media_url":"https:\/\/www.edder.org\/upload\/2015\/06\/Screen-Shot-2015-06-09-at-22.48.46.png","jetpack_shortlink":"https:\/\/wp.me\/p6kHv-33u","jetpack_sharing_enabled":true,"jetpack-related-posts":[{"id":385,"url":"https:\/\/www.edder.org\/?p=385","url_meta":{"origin":11748,"position":0},"title":"Grandeza de un miserable llamado Odiseo","author":"Eder","date":"viernes, 15 May, 2009","format":false,"excerpt":"Cuando oigo a la se\u00f1ora Barcina (que tan favorecida sali\u00f3 ayer en la \u00faltima p\u00e1gina de El Pa\u00eds: \u201ccat\u00f3lica practicante sin exagerar\u201d, se dec\u00eda ella misma \u2013nada que ver con el nacionalcatolicismo de anta\u00f1o: aquel que bautizaba las calles de Pamplona con nombres de nuncios y pont\u00edfices vaticanos, aunque hoy\u2026","rel":"","context":"En \u00abNA\u00bb","block_context":{"text":"NA","link":"https:\/\/www.edder.org\/?cat=3"},"img":{"alt_text":"","src":"","width":0,"height":0},"classes":[]},{"id":345,"url":"https:\/\/www.edder.org\/?p=345","url_meta":{"origin":11748,"position":1},"title":"Para gente sin complejos","author":"Eder","date":"s\u00e1bado, 25 Abr, 2009","format":false,"excerpt":"Seguro que tanto Salaberri y todo junto no ser\u00e1 m\u00e1s que una casualidad. Salaberri en el Museo Oteiza. Salaberri en las paredes del ampliado y redecorado despacho que Miguel Sanz legar\u00e1 a Barcina \u2013\u00bfcrisis?, \u00bfqu\u00e9 crisis?\u2013. Salaberri en el proyecto del Ayuntamiento de Pamplona para mostrar a la parroquia el\u2026","rel":"","context":"En \u00abNA\u00bb","block_context":{"text":"NA","link":"https:\/\/www.edder.org\/?cat=3"},"img":{"alt_text":"","src":"","width":0,"height":0},"classes":[]},{"id":132,"url":"https:\/\/www.edder.org\/?p=132","url_meta":{"origin":11748,"position":2},"title":"Torer\u00eda","author":"Eder","date":"viernes, 18 Ene, 2008","format":false,"excerpt":"","rel":"","context":"En \u00abNA\u00bb","block_context":{"text":"NA","link":"https:\/\/www.edder.org\/?cat=3"},"img":{"alt_text":"","src":"","width":0,"height":0},"classes":[]},{"id":1159,"url":"https:\/\/www.edder.org\/?p=1159","url_meta":{"origin":11748,"position":3},"title":"El Ofert\u00f3n Pamplon\u00e9s","author":"Eder","date":"viernes, 22 Oct, 2010","format":false,"excerpt":"Para orfe\u00f3n, el Orfe\u00f3n Donostiarra. Y para ofert\u00f3n, el Ofert\u00f3n Pamplon\u00e9s. Que se lo pregunten si no al consejero de Cultura y Turismo, que no ha podido resistir la insuperable oferta del Ofert\u00f3n Pamplon\u00e9s \u2013por lo dem\u00e1s, regularmente subvencionado por ese mismo consejero\u2013 para viajar a Guasint\u00f3n. Y por all\u00ed\u00a0\u2026","rel":"","context":"En \u00abNA\u00bb","block_context":{"text":"NA","link":"https:\/\/www.edder.org\/?cat=3"},"img":{"alt_text":"","src":"https:\/\/i0.wp.com\/edder.org\/images\/barcina_ole.jpg?resize=350%2C200","width":350,"height":200,"srcset":"https:\/\/i0.wp.com\/edder.org\/images\/barcina_ole.jpg?resize=350%2C200 1x, https:\/\/i0.wp.com\/edder.org\/images\/barcina_ole.jpg?resize=525%2C300 1.5x, https:\/\/i0.wp.com\/edder.org\/images\/barcina_ole.jpg?resize=700%2C400 2x"},"classes":[]},{"id":433,"url":"https:\/\/www.edder.org\/?p=433","url_meta":{"origin":11748,"position":4},"title":"Yes, they Can","author":"Eder","date":"viernes, 26 Jun, 2009","format":false,"excerpt":"Yes, they Can, o lo que es mismo: Sanz y Barcina seguir\u00e1n estando en la Can cuando el \u00faltimo pol\u00edtico que se vaya de Caja Navarra cierre la puerta. Es m\u00e1s: Sanz estar\u00eda en las altas esferas de Caja Navarra incluso en el poco veros\u00edmil supuesto de que hoy mismo\u2026","rel":"","context":"En \u00abNA\u00bb","block_context":{"text":"NA","link":"https:\/\/www.edder.org\/?cat=3"},"img":{"alt_text":"","src":"","width":0,"height":0},"classes":[]},{"id":483,"url":"https:\/\/www.edder.org\/?p=483","url_meta":{"origin":11748,"position":5},"title":"\u00a1Alonso, Alonso, Alonso!","author":"Eder","date":"viernes, 2 Oct, 2009","format":false,"excerpt":"Porque existe Google, que si no, no me hubiera acordado del nombre de aquel delegado del Gobierno tan din\u00e1mico que organizaba patri\u00f3ticas juras de bandera con nuestras arquistars. Arquistars quiere decir estrellas del firmamento arquitect\u00f3nico. Nuestras arquistars cab\u00edan casi todas juntas en una jura de bandera de las que organizaba\u2026","rel":"","context":"En \u00abNA\u00bb","block_context":{"text":"NA","link":"https:\/\/www.edder.org\/?cat=3"},"img":{"alt_text":"","src":"","width":0,"height":0},"classes":[]}],"jetpack_likes_enabled":true,"_links":{"self":[{"href":"https:\/\/www.edder.org\/index.php?rest_route=\/wp\/v2\/posts\/11748","targetHints":{"allow":["GET"]}}],"collection":[{"href":"https:\/\/www.edder.org\/index.php?rest_route=\/wp\/v2\/posts"}],"about":[{"href":"https:\/\/www.edder.org\/index.php?rest_route=\/wp\/v2\/types\/post"}],"author":[{"embeddable":true,"href":"https:\/\/www.edder.org\/index.php?rest_route=\/wp\/v2\/users\/82"}],"replies":[{"embeddable":true,"href":"https:\/\/www.edder.org\/index.php?rest_route=%2Fwp%2Fv2%2Fcomments&post=11748"}],"version-history":[{"count":0,"href":"https:\/\/www.edder.org\/index.php?rest_route=\/wp\/v2\/posts\/11748\/revisions"}],"wp:featuredmedia":[{"embeddable":true,"href":"https:\/\/www.edder.org\/index.php?rest_route=\/wp\/v2\/media\/11749"}],"wp:attachment":[{"href":"https:\/\/www.edder.org\/index.php?rest_route=%2Fwp%2Fv2%2Fmedia&parent=11748"}],"wp:term":[{"taxonomy":"category","embeddable":true,"href":"https:\/\/www.edder.org\/index.php?rest_route=%2Fwp%2Fv2%2Fcategories&post=11748"},{"taxonomy":"post_tag","embeddable":true,"href":"https:\/\/www.edder.org\/index.php?rest_route=%2Fwp%2Fv2%2Ftags&post=11748"}],"curies":[{"name":"wp","href":"https:\/\/api.w.org\/{rel}","templated":true}]}}